{"id":46246,"date":"2025-10-14T00:38:19","date_gmt":"2025-10-14T05:38:19","guid":{"rendered":"https:\/\/desdeabajo.com.mx\/?p=46246"},"modified":"2025-10-14T00:38:34","modified_gmt":"2025-10-14T05:38:34","slug":"encanonan-encapuchados-a-arzobispo-espanol-en-la-montana-de-guerrero","status":"publish","type":"post","link":"http:\/\/desdeabajo.com.mx\/?p=46246","title":{"rendered":"Enca\u00f1onan encapuchados a arzobispo espa\u00f1ol en La Monta\u00f1a de Guerrero"},"content":{"rendered":"<p class=\"MsoNormal\" style=\"mso-margin-bottom-alt: auto; line-height: normal;\"><b><span style=\"font-size: 12.0pt; font-family: 'Georgia',serif; mso-fareast-font-family: 'Times New Roman'; mso-bidi-font-family: 'Times New Roman'; color: #29293a; mso-fareast-language: ES-MX;\">Los nuevos misioneros est\u00e1n asentados en la localidad de San Pedro el Viejo del municipio de\u00a0Cochoapa el Grande\u00a0de esa misma regi\u00f3n, donde la lengua principal entre los habitantes es la mixteca.<\/span><\/b><\/p>\n<p class=\"MsoNormal\" style=\"margin-bottom: 0cm; line-height: normal; background-image: initial; background-position: initial; background-size: initial; background-repeat: initial; background-attachment: initial; background-origin: initial; background-clip: initial;\"><b><i><span style=\"font-size: 12pt; font-family: Georgia, serif;\">\u00a0<\/span><\/i><\/b><\/p>\n<p class=\"MsoNormal\" style=\"margin-bottom: 0cm; line-height: normal; background-image: initial; background-position: initial; background-size: initial; background-repeat: initial; background-attachment: initial; background-origin: initial; background-clip: initial;\"><b><i><span style=\"font-size: 12pt; font-family: Georgia, serif;\">\u00a0<\/span><\/i><\/b><\/p>\n<p class=\"MsoNormal\" style=\"margin-bottom: 0cm; line-height: normal; background-image: initial; background-position: initial; background-size: initial; background-repeat: initial; background-attachment: initial; background-origin: initial; background-clip: initial;\"><b><i><span style=\"font-size: 12pt; font-family: Georgia, serif;\">Yamel Armas\/Quadrat\u00edn Guerrero <\/span><\/i><\/b><b><span style=\"font-size: 12.0pt; font-family: 'Georgia',serif; mso-fareast-font-family: 'Times New Roman'; mso-bidi-font-family: 'Times New Roman'; color: #29293a; mso-fareast-language: ES-MX;\">InfoVaticana<\/span><\/b><\/p>\n<p class=\"MsoNormal\" style=\"margin-bottom: 0cm; line-height: normal;\"><b><i><span style=\"font-size: 12pt; font-family: Georgia, serif;\">13\/10\/2025<\/span><\/i><\/b><\/p>\n<p class=\"MsoNormal\" style=\"mso-margin-bottom-alt: auto; line-height: normal;\"><b><i><span style=\"font-size: 12pt; font-family: Georgia, serif;\">Acapulco, Gro.<\/span><\/i><\/b><\/p>\n<p class=\"MsoNormal\" style=\"mso-margin-bottom-alt: auto; line-height: normal;\"><span style=\"font-size: 12.0pt; font-family: 'Times New Roman',serif; mso-fareast-font-family: 'Times New Roman'; color: #29293a; mso-fareast-language: ES-MX;\">\u00a0<\/span><\/p>\n<p class=\"MsoNormal\" style=\"mso-margin-bottom-alt: auto; line-height: normal;\"><span style=\"font-size: 12.0pt; font-family: 'Times New Roman',serif; mso-fareast-font-family: 'Times New Roman'; color: #29293a; mso-fareast-language: ES-MX;\">El arzobispo de la ciudad de Oviedo en Espa\u00f1a, Jes\u00fas Sanz Montes fue enca\u00f1onado con ametralladoras por encapuchados en el municipio de Tlapa, de la regi\u00f3n de<b>\u00a0La Monta\u00f1a\u00a0<\/b>del estado.<\/span><\/p>\n<p class=\"MsoNormal\" style=\"mso-margin-bottom-alt: auto; line-height: normal;\"><span style=\"font-size: 12.0pt; font-family: 'Times New Roman',serif; mso-fareast-font-family: 'Times New Roman'; color: #29293a; mso-fareast-language: ES-MX;\">De acuerdo con la agencia cat\u00f3lica de noticias ACI Prensa, sin precisar detalles, se dio a conocer que la visita de monse\u00f1or Sanz a la regi\u00f3n, fue parte de una gira para impulsar una nueva misi\u00f3n en la Di\u00f3cesis de Tlapa.\u00a0<\/span><\/p>\n<p class=\"MsoNormal\" style=\"mso-margin-bottom-alt: auto; line-height: normal;\"><span style=\"font-size: 12.0pt; font-family: 'Times New Roman',serif; mso-fareast-font-family: 'Times New Roman'; color: #29293a; mso-fareast-language: ES-MX;\">Dicha misi\u00f3n ser\u00eda conformada por dos sacerdotes y un di\u00e1cono que forman parte de la Asociaci\u00f3n Lumen Dei.<\/span><\/p>\n<p class=\"MsoNormal\" style=\"mso-margin-bottom-alt: auto; line-height: normal;\"><span style=\"font-size: 12.0pt; font-family: 'Times New Roman',serif; mso-fareast-font-family: 'Times New Roman'; color: #29293a; mso-fareast-language: ES-MX;\">En una entrevista hecha al monse\u00f1or Sanz, difundida por la\u00a0<b>Arquidi\u00f3cesis de Oviedo<\/b>, dijo que\u00a0<i>\u201cen Guerrero es esa quiz\u00e1s una de las zonas m\u00e1s violentas de M\u00e9xico, por una parte una violencia muy b\u00e1sica, muy primitiva y por otra porque pertenece a uno de los corredores del narcotr\u00e1fico\u201d.<\/i><\/span><\/p>\n<p class=\"MsoNormal\" style=\"mso-margin-bottom-alt: auto; line-height: normal;\"><i><span style=\"font-size: 12.0pt; font-family: 'Times New Roman',serif; mso-fareast-font-family: 'Times New Roman'; color: #29293a; mso-fareast-language: ES-MX;\">\u201cDe todas las maneras, no deja de ser lo que m\u00ed me ocurri\u00f3, una excepci\u00f3n que no tuvo ninguna trascendencia. Simplemente \u00edbamos un sacerdote y un servidor a celebrar a una peque\u00f1a comunidad un domingo la Santa Misa. Entonces en una de las curvas aparecieron tres encapuchados con ametralladoras. Nos detuvieron en el veh\u00edculo y nos preguntaron qui\u00e9nes \u00e9ramos y a d\u00f3nde \u00edbamos. Al decirles que \u00e9ramos padres misioneros, dijeron \u2018no se preocupen, sigan adelante\u2019, y no tuvo m\u00e1s. Te impresiona ver que te enca\u00f1onan personas a las que no puedes ver el rostro, pero m\u00e1s all\u00e1 de ese susto comprensible, por otra parte, no tuvo mayor consecuencia y los misioneros son siempre muy respetados\u201d, relat\u00f3.<\/span><\/i><\/p>\n<p class=\"MsoNormal\" style=\"mso-margin-bottom-alt: auto; line-height: normal;\"><span style=\"font-size: 12.0pt; font-family: 'Times New Roman',serif; mso-fareast-font-family: 'Times New Roman'; color: #29293a; mso-fareast-language: ES-MX;\">Los nuevos misioneros est\u00e1n asentados en la localidad de San Pedro el Viejo del municipio de\u00a0<b>Cochoapa el Grande\u00a0<\/b>de esa misma regi\u00f3n, donde la lengua principal entre los habitantes es la mixteca.<\/span><\/p>\n<p class=\"MsoNormal\" style=\"mso-margin-bottom-alt: auto; line-height: normal;\"><span style=\"font-size: 12.0pt; font-family: 'Times New Roman',serif; mso-fareast-font-family: 'Times New Roman'; color: #29293a; mso-fareast-language: ES-MX;\">Sanz expuso que los misioneros se van a encargar de 45 parroquias y que no ser\u00e1n los \u00faltimos en ser enviados, pues adelant\u00f3 que ya se plantea la posibilidad de que m\u00e1s sacerdotes diocesanos de Oviedo acudan a la zona.<\/span><\/p>\n<p class=\"MsoNormal\" style=\"mso-margin-bottom-alt: auto; line-height: normal;\"><span style=\"font-size: 12.0pt; font-family: 'Times New Roman',serif; mso-fareast-font-family: 'Times New Roman'; color: #29293a; mso-fareast-language: ES-MX;\">El caso se da luego de que como inform\u00f3\u00a0<b>Quadrat\u00edn Guerrero<\/b>, el padre Bertoldo Pantale\u00f3n, encargado de la parroquia de San Crist\u00f3bal en\u00a0<b>Mezcala<\/b>, municipio de Eduardo Neri, fue reportado como\u00a0<a href=\"https:\/\/guerrero.quadratin.com.mx\/desaparece-sacerdote-de-mezcala-en-cocula\/\"><span style=\"color: #fc691a;\">desaparecido\u00a0<\/span><\/a>el 4 de octubre y hallado\u00a0<a href=\"https:\/\/guerrero.quadratin.com.mx\/sacerdote-desaparecido-en-guerrero-fue-asesinado-a-tiros-revela-autopsia\/\"><span style=\"color: #fc691a;\">asesinado\u00a0<\/span><\/a>a tiros tres d\u00edas despu\u00e9s en ese mismo\u00a0municipio.<\/span><\/p>\n<p class=\"MsoNormal\" style=\"text-align: justify; line-height: normal; background-image: initial; background-position: initial; background-size: initial; background-repeat: initial; background-attachment: initial; background-origin: initial; background-clip: initial;\"><b><span style=\"font-size: 10pt; font-family: Georgia, serif;\">Denuncia en <i>desdeabajo<\/i> Noticias! <\/span><\/b><b><\/b><\/p>\n<p class=\"MsoNormal\" style=\"margin-top: 2.0pt; text-align: justify; line-height: normal; mso-pagination: widow-orphan lines-together; page-break-after: avoid; mso-outline-level: 2;\"><b><span style=\"font-size: 10.0pt; font-family: 'Georgia',serif; mso-fareast-font-family: 'Times New Roman'; mso-fareast-theme-font: major-fareast; mso-bidi-font-family: 'Times New Roman'; mso-bidi-theme-font: major-bidi; color: #0f4761; mso-themecolor: accent1; mso-themeshade: 191;\"><br \/>\n<\/span><\/b><b><span style=\"font-family: 'Georgia',serif; mso-fareast-font-family: 'Times New Roman'; mso-fareast-theme-font: major-fareast; mso-bidi-font-family: 'Times New Roman'; mso-bidi-theme-font: major-bidi; mso-fareast-language: ES-MX;\">\u00bfConoces o tienes\u00a0<span style=\"border: none windowtext 1.0pt; mso-border-alt: none windowtext 0cm; padding: 0cm;\">fotos y videos\u00a0<\/span>de alg\u00fan acto de posible negligencia, corrupci\u00f3n y abuso de autoridad? M\u00e1ndalo al\u00a0<span style=\"border: none windowtext 1.0pt; mso-border-alt: none windowtext 0cm; padding: 0cm;\">WhatsApp:\u00a0 de desdeabajoNoticias: 7443262471.\u00a0<\/span>\u00a1Comp\u00e1rtelo! Nosotros le damos seguimiento.<\/span><\/b><b><\/b><\/p>\n<p class=\"MsoNormal\" style=\"margin-top: 2.0pt; text-align: justify; line-height: normal; mso-pagination: widow-orphan lines-together; page-break-after: avoid; mso-outline-level: 2;\"><a href=\"http:\/\/www.desdeabajo.com.mx\/\"><b><span style=\"font-family: 'Georgia',serif; border: none windowtext 1.0pt; mso-border-alt: none windowtext 0cm; padding: 0cm;\">www.desdeabajo.com.mx<\/span><\/b><\/a><b><\/b><\/p>\n<p><b><span style=\"font-size: 11.0pt; line-height: 107%; font-family: 'Georgia',serif; mso-fareast-font-family: 'Times New Roman'; mso-bidi-font-family: 'Times New Roman'; color: #323232; border: none windowtext 1.0pt; mso-border-alt: none windowtext 0cm; padding: 0cm; mso-font-kerning: 0pt; mso-ligatures: none; mso-ansi-language: ES-MX; mso-fareast-language: ES-MX; mso-bidi-language: AR-SA;\">S\u00edguenos tambi\u00e9n en Twitter:<\/span><\/b> <b><span style=\"font-size: 11pt; line-height: 107%; font-family: Georgia, serif; background-image: initial; background-position: initial; background-size: initial; background-repeat: initial; background-attachment: initial; background-origin: initial; background-clip: initial;\">@Yae31099C<\/span><span style=\"font-size: 11.0pt; line-height: 107%; font-family: 'Georgia',serif; mso-fareast-font-family: 'Times New Roman'; mso-bidi-font-family: 'Times New Roman'; border: none windowtext 1.0pt; mso-border-alt: none windowtext 0cm; padding: 0cm; mso-font-kerning: 0pt; mso-ligatures: none; mso-ansi-language: ES-MX; mso-fareast-language: ES-MX; mso-bidi-language: AR-SA;\"> <span style=\"color: #323232;\">en Facebook: DesdeabajoAca:<\/span><\/span><span style=\"font-size: 11.0pt; line-height: 107%; font-family: 'Georgia',serif; mso-fareast-font-family: 'Times New Roman'; mso-fareast-theme-font: major-fareast; mso-bidi-font-family: 'Times New Roman'; border: none windowtext 1.0pt; mso-border-alt: none windowtext 0cm; padding: 0cm; mso-font-kerning: 0pt; mso-ligatures: none; mso-ansi-language: ES-MX; mso-fareast-language: ES-MX; mso-bidi-language: AR-SA;\">https:\/\/www.facebook.com\/profile.php?id=1000636239783<\/span><\/b><\/p>\n","protected":false},"excerpt":{"rendered":"<p>Los nuevos misioneros est\u00e1n asentados en la localidad de San Pedro el Viejo del municipio de\u00a0Cochoapa el Grande\u00a0de esa misma regi\u00f3n, donde la lengua principal entre los habitantes es la mixteca. \u00a0 \u00a0 Yamel Armas\/Quadrat\u00edn Guerrero InfoVaticana 13\/10\/2025 Acapulco, Gro. \u00a0 El arzobispo de la ciudad de Oviedo en Espa\u00f1a,&#8230;<\/p>\n","protected":false},"author":1,"featured_media":46247,"comment_status":"closed","ping_status":"open","sticky":false,"template":"","format":"standard","meta":{"inline_featured_image":false,"advgb_blocks_editor_width":"","advgb_blocks_columns_visual_guide":"","footnotes":""},"categories":[54],"tags":[41],"class_list":["post-46246","post","type-post","status-publish","format-standard","has-post-thumbnail","hentry","category-clero","tag-destacadas","penci-post-item"],"aioseo_notices":[],"author_meta":{"display_name":"admin8","author_link":"http:\/\/desdeabajo.com.mx\/?author=1"},"featured_img":"http:\/\/desdeabajo.com.mx\/wp-content\/uploads\/2025\/10\/arzoespanol-300x169.jpg","coauthors":[],"tax_additional":{"categories":{"linked":["<a href=\"http:\/\/desdeabajo.com.mx\/?cat=54\" class=\"advgb-post-tax-term\">clero<\/a>"],"unlinked":["<span class=\"advgb-post-tax-term\">clero<\/span>"]},"tags":{"linked":["<a href=\"http:\/\/desdeabajo.com.mx\/?cat=54\" class=\"advgb-post-tax-term\">destacadas<\/a>"],"unlinked":["<span class=\"advgb-post-tax-term\">destacadas<\/span>"]}},"comment_count":"0","relative_dates":{"created":"Publicado 7 meses hace","modified":"Actualizado 7 meses hace"},"absolute_dates":{"created":"Publicado el 14 de octubre de 2025","modified":"Actualizado el 14 de octubre de 2025"},"absolute_dates_time":{"created":"Publicado el 14 de octubre de 2025 00:38","modified":"Actualizado el 14 de octubre de 2025 00:38"},"featured_img_caption":"","series_order":"","_links":{"self":[{"href":"http:\/\/desdeabajo.com.mx\/index.php?rest_route=\/wp\/v2\/posts\/46246","targetHints":{"allow":["GET"]}}],"collection":[{"href":"http:\/\/desdeabajo.com.mx\/index.php?rest_route=\/wp\/v2\/posts"}],"about":[{"href":"http:\/\/desdeabajo.com.mx\/index.php?rest_route=\/wp\/v2\/types\/post"}],"author":[{"embeddable":true,"href":"http:\/\/desdeabajo.com.mx\/index.php?rest_route=\/wp\/v2\/users\/1"}],"replies":[{"embeddable":true,"href":"http:\/\/desdeabajo.com.mx\/index.php?rest_route=%2Fwp%2Fv2%2Fcomments&post=46246"}],"version-history":[{"count":1,"href":"http:\/\/desdeabajo.com.mx\/index.php?rest_route=\/wp\/v2\/posts\/46246\/revisions"}],"predecessor-version":[{"id":46248,"href":"http:\/\/desdeabajo.com.mx\/index.php?rest_route=\/wp\/v2\/posts\/46246\/revisions\/46248"}],"wp:featuredmedia":[{"embeddable":true,"href":"http:\/\/desdeabajo.com.mx\/index.php?rest_route=\/wp\/v2\/media\/46247"}],"wp:attachment":[{"href":"http:\/\/desdeabajo.com.mx\/index.php?rest_route=%2Fwp%2Fv2%2Fmedia&parent=46246"}],"wp:term":[{"taxonomy":"category","embeddable":true,"href":"http:\/\/desdeabajo.com.mx\/index.php?rest_route=%2Fwp%2Fv2%2Fcategories&post=46246"},{"taxonomy":"post_tag","embeddable":true,"href":"http:\/\/desdeabajo.com.mx\/index.php?rest_route=%2Fwp%2Fv2%2Ftags&post=46246"}],"curies":[{"name":"wp","href":"https:\/\/api.w.org\/{rel}","templated":true}]}}