{"id":47121,"date":"2025-11-18T00:46:26","date_gmt":"2025-11-18T06:46:26","guid":{"rendered":"https:\/\/desdeabajo.com.mx\/?p=47121"},"modified":"2025-11-18T00:46:58","modified_gmt":"2025-11-18T06:46:58","slug":"marcha-de-generacion-z-hay-19-detenidos-tres-por-tentativa-de-homicidio","status":"publish","type":"post","link":"http:\/\/desdeabajo.com.mx\/?p=47121","title":{"rendered":"Marcha de Generaci\u00f3n Z: hay 19 detenidos, tres por tentativa de homicidio"},"content":{"rendered":"<p><strong>Clara Brugada afirm\u00f3 que fueron la oposici\u00f3n y el empresario Ricardo Salinas Pliego quienes convocaron a la marcha violenta <\/strong><\/p>\n<p><strong><em>Karla Mora \/ El Sol de M\u00e9xico<\/em><\/strong><\/p>\n<p><strong><em>17\/11\/2025<\/em><\/strong><\/p>\n<p><strong><em>Ciudad de M\u00e9xico <\/em><\/strong><\/p>\n<p><strong><em>\u00a0<\/em><\/strong><\/p>\n<p><strong><em>\u00a0<\/em><\/strong><\/p>\n<p>Tras la marcha de la Generaci\u00f3n Z\u00a0 ocurrida el 15 de noviembre,<strong> 19 personas est\u00e1n detenidas,<\/strong> de las cuales tres est\u00e1n por el <strong>delito de tentativa de homicidio, cinco por resistencia de particulares, dos por lesiones y robo, ocho por lesiones y uno m\u00e1s es un menor de edad. <\/strong><\/p>\n<p>Adem\u00e1s, permanecen<strong> hospitalizados 11 polic\u00edas heridos <\/strong>por los manifestantes y no hay datos de que alg\u00fan civil est\u00e9 en estas mismas condiciones.<\/p>\n<p>La jefa de Gobierno de la Ciudad de M\u00e9xico, Clara Brugada,\u00a0 asever\u00f3 que es falso que haya un gran <strong>movimiento de la Generaci\u00f3n Z<\/strong> en contra de la cuarta transformaci\u00f3n. En cambio, acus\u00f3 directamente a la <strong>oposici\u00f3n <\/strong>y a un empresario que debe millones de pesos en impuestos, refiri\u00e9ndose a <strong>Ricardo Salinas Pliego,<\/strong> de dirigir los ataques en la marcha.<\/p>\n<p><img fetchpriority=\"high\" decoding=\"async\" class=\"alignnone size-full wp-image-47122\" src=\"http:\/\/desdeabajo.com.mx\/wp-content\/uploads\/2025\/11\/negro-Z.jpg\" alt=\"\" width=\"1024\" height=\"576\" \/><\/p>\n<p>Detall\u00f3 que desde la convocatoria, el gobierno de la CDMX detect\u00f3 que el llamado a la marcha fue a<strong> cometer actos violentos.<\/strong><\/p>\n<p>\u201cEsta convocatoria estuvo dirigida por un<strong> multimillonario que est\u00e1 molesto, <\/strong>porque ahora tiene que pagar impuestos y, por cierto, due\u00f1o de una de las de las concesiones ahora de las televisoras m\u00e1s importantes del pa\u00eds y claro que ha convocado a la <strong>violencia desde d\u00edas anteriores\u201d, <\/strong>asegur\u00f3.<\/p>\n<p>El titular de la Secretar\u00eda de Seguridad Ciudadana local, <strong>Pablo V\u00e1zquez,<\/strong> se\u00f1al\u00f3 que hay <strong>18 investigaciones contra elementos<\/strong> de la dependencia por actuaciones que violaron la actuaci\u00f3n policial, incluyendo el uso excesivo de la fuerza. En siete de esas 18 investigaciones se manifiesta que hubo ataques en contra de la prensa.<\/p>\n<p>El secretario expuso que los polic\u00edas soportaron durante dos horas los embates de los manifestantes.<\/p>\n<p><strong>Denuncia en <em>desdeabajo<\/em> Noticias! <\/strong><\/p>\n<p><strong><br \/>\n<\/strong><strong>\u00bfConoces o tienes\u00a0fotos y videos\u00a0de alg\u00fan acto de posible negligencia, corrupci\u00f3n y abuso de autoridad? M\u00e1ndalo al\u00a0WhatsApp:\u00a0 de desdeabajoNoticias: 7443262471.\u00a0\u00a1Comp\u00e1rtelo! Nosotros le damos seguimiento.<\/strong><\/p>\n<p><a href=\"http:\/\/www.desdeabajo.com.mx\"><strong>www.desdeabajo.com.mx<\/strong><\/a><\/p>\n<p><strong>S\u00edguenos tambi\u00e9n en Twitter:<\/strong> <strong>@Yae31099C<\/strong> <strong>en Facebook: DesdeabajoAca:<\/strong><strong>https:\/\/www.facebook.com\/profile.php?id=100063623978<\/strong><\/p>\n","protected":false},"excerpt":{"rendered":"<p>Clara Brugada afirm\u00f3 que fueron la oposici\u00f3n y el empresario Ricardo Salinas Pliego quienes convocaron a la marcha violenta Karla Mora \/ El Sol de M\u00e9xico 17\/11\/2025 Ciudad de M\u00e9xico \u00a0 \u00a0 Tras la marcha de la Generaci\u00f3n Z\u00a0 ocurrida el 15 de noviembre, 19 personas est\u00e1n detenidas, de las&#8230;<\/p>\n","protected":false},"author":1,"featured_media":47123,"comment_status":"closed","ping_status":"open","sticky":false,"template":"","format":"standard","meta":{"inline_featured_image":false,"advgb_blocks_editor_width":"","advgb_blocks_columns_visual_guide":"","footnotes":""},"categories":[43],"tags":[41],"class_list":["post-47121","post","type-post","status-publish","format-standard","has-post-thumbnail","hentry","category-pais","tag-destacadas","penci-post-item"],"aioseo_notices":[],"author_meta":{"display_name":"admin8","author_link":"http:\/\/desdeabajo.com.mx\/?author=1"},"featured_img":"http:\/\/desdeabajo.com.mx\/wp-content\/uploads\/2025\/11\/enfrentamiento-z.jpg","coauthors":[],"tax_additional":{"categories":{"linked":["<a href=\"http:\/\/desdeabajo.com.mx\/?cat=43\" class=\"advgb-post-tax-term\">Pa\u00eds<\/a>"],"unlinked":["<span class=\"advgb-post-tax-term\">Pa\u00eds<\/span>"]},"tags":{"linked":["<a href=\"http:\/\/desdeabajo.com.mx\/?cat=43\" class=\"advgb-post-tax-term\">destacadas<\/a>"],"unlinked":["<span class=\"advgb-post-tax-term\">destacadas<\/span>"]}},"comment_count":"0","relative_dates":{"created":"Publicado 5 meses hace","modified":"Actualizado 5 meses hace"},"absolute_dates":{"created":"Publicado el 18 de noviembre de 2025","modified":"Actualizado el 18 de noviembre de 2025"},"absolute_dates_time":{"created":"Publicado el 18 de noviembre de 2025 00:46","modified":"Actualizado el 18 de noviembre de 2025 00:46"},"featured_img_caption":"","series_order":"","_links":{"self":[{"href":"http:\/\/desdeabajo.com.mx\/index.php?rest_route=\/wp\/v2\/posts\/47121","targetHints":{"allow":["GET"]}}],"collection":[{"href":"http:\/\/desdeabajo.com.mx\/index.php?rest_route=\/wp\/v2\/posts"}],"about":[{"href":"http:\/\/desdeabajo.com.mx\/index.php?rest_route=\/wp\/v2\/types\/post"}],"author":[{"embeddable":true,"href":"http:\/\/desdeabajo.com.mx\/index.php?rest_route=\/wp\/v2\/users\/1"}],"replies":[{"embeddable":true,"href":"http:\/\/desdeabajo.com.mx\/index.php?rest_route=%2Fwp%2Fv2%2Fcomments&post=47121"}],"version-history":[{"count":1,"href":"http:\/\/desdeabajo.com.mx\/index.php?rest_route=\/wp\/v2\/posts\/47121\/revisions"}],"predecessor-version":[{"id":47124,"href":"http:\/\/desdeabajo.com.mx\/index.php?rest_route=\/wp\/v2\/posts\/47121\/revisions\/47124"}],"wp:featuredmedia":[{"embeddable":true,"href":"http:\/\/desdeabajo.com.mx\/index.php?rest_route=\/wp\/v2\/media\/47123"}],"wp:attachment":[{"href":"http:\/\/desdeabajo.com.mx\/index.php?rest_route=%2Fwp%2Fv2%2Fmedia&parent=47121"}],"wp:term":[{"taxonomy":"category","embeddable":true,"href":"http:\/\/desdeabajo.com.mx\/index.php?rest_route=%2Fwp%2Fv2%2Fcategories&post=47121"},{"taxonomy":"post_tag","embeddable":true,"href":"http:\/\/desdeabajo.com.mx\/index.php?rest_route=%2Fwp%2Fv2%2Ftags&post=47121"}],"curies":[{"name":"wp","href":"https:\/\/api.w.org\/{rel}","templated":true}]}}