{"id":47283,"date":"2025-11-21T20:18:20","date_gmt":"2025-11-22T02:18:20","guid":{"rendered":"https:\/\/desdeabajo.com.mx\/?p=47283"},"modified":"2025-11-21T20:18:25","modified_gmt":"2025-11-22T02:18:25","slug":"el-suicidio-de-la-generacion-z","status":"publish","type":"post","link":"http:\/\/desdeabajo.com.mx\/?p=47283","title":{"rendered":"El suicidio de la Generaci\u00f3n Z"},"content":{"rendered":"<p><strong><a href=\"https:\/\/24-horas.mx\/category\/columnas\/politica-columnas\/telefono-rojo\/\">Tel\u00e9fono Rojo<\/a> <\/strong><\/p>\n<p><strong>El suicidio de la Generaci\u00f3n Z <\/strong><\/p>\n<p><strong>por <a href=\"https:\/\/24-horas.mx\/author\/joseurena\/\">Jos\u00e9 Ure\u00f1a<\/a> <\/strong><\/p>\n<p>Fue un suicidio.<\/p>\n<p>La <strong><em>Generaci\u00f3n Z<\/em><\/strong>, a impulso de quienes los asesoran o de quienes los usurpan, han perdido una gran oportunidad y el pa\u00eds lo lamentar\u00e1.<\/p>\n<p>Entre los causantes no puede excluirse al oficialismo, h\u00e1bil desde el sexenio pasado en usar <strong><em>bots<\/em><\/strong> para impulsarse y para desacreditar a los adversarios.<\/p>\n<p>Como haya sido, el fracaso de la convocatoria para ayer ha dejado el ambiente a modo para el gobierno e ignorar a quienes se adhirieron al clamor de justicia y contra la inseguridad generalizada.<\/p>\n<p>Las consecuencias las mediremos hoy en el discurso oficial, con los se\u00f1alamientos matutinos por delante y luego con declaraciones morenistas, desde la dirigente <strong>Luisa Mar\u00eda Alcalde <\/strong>hasta cuanto le quede de prestigio a <strong>Ad\u00e1n Augusto L\u00f3pez<\/strong>.<\/p>\n<p>Pero la culpa es de quienes ganaron tanto el s\u00e1bado pasado al ser perseguidos por los violentos usados contra las manifestaciones ciudadanas e identificados como <strong><em>bloque negro<\/em><\/strong>.<\/p>\n<p><strong>NADA DEL <em>BLOQUE NEGRO<\/em><\/strong><\/p>\n<p>Este naci\u00f3, recordemos, el 1 de diciembre de 2012.<\/p>\n<p>Se manifestaron contra el priista <strong>Enrique Pe\u00f1a Nieto<\/strong>, saquearon comercios, vandalizaron a lo largo de Paseo de la Reforma, Avenida Ju\u00e1rez y las calles c\u00e9ntricas y unos cuantos fueron detenidos.<\/p>\n<p>El entonces jefe de Gobierno, <strong>Marcelo Ebrard<\/strong>, mand\u00f3 una iniciativa al Congreso capitalino y se les indult\u00f3 de manera retroactiva para llevar esos delitos al olvido.<\/p>\n<p>Pero las v\u00edctimas de la violencia sabatina del <strong><em>bloque negro<\/em><\/strong> -\u00bfalguien recuerda a <strong><em>Los Halcones <\/em><\/strong>de <strong>Alfonso Mart\u00ednez Dom\u00ednguez<\/strong>?-, surgido de atr\u00e1s de los muros met\u00e1licos seg\u00fan ha documentado <strong><em>24 HORAS<\/em><\/strong>-, pronto olvidaron el agravio.<\/p>\n<p>Sin sensibilidad convocaron a otra marcha sin raz\u00f3n ni sentido:<\/p>\n<p>Lo hicieron a horas de aquella represi\u00f3n, de manera improvisada, en d\u00eda de fiesta nacional, con riesgo de confrontar al Ej\u00e9rcito -popular aunque haya sido mercantilizado por la <strong><em>4T<\/em><\/strong>&#8211; y con una sociedad temerosa de violencia.<\/p>\n<p>Fracaso rotundo.<\/p>\n<p>Ahora, con la debilidad y persecuci\u00f3n discursiva de la <strong><em>Generaci\u00f3n Z<\/em><\/strong>, a ver cu\u00e1ndo resurge la sociedad civil para reclamar la responsabilidad primaria del Estado: asegurar vida y propiedades de los ciudadanos, derecho hoy tan lejano para todos.<\/p>\n<p><strong>ADI\u00d3S CRIMEN POL\u00cdTICO<\/strong><\/p>\n<p>1.- Las autoridades siguen firmes: al alcalde de Uruapan, <strong>Carlos Manzo<\/strong>, lo asesin\u00f3 el crimen organizado y espec\u00edficamente una c\u00e9lula del <em>CJNG<\/em>.<\/p>\n<p>Es decir, <strong>Ram\u00f3n \u00c1ngel \u00c1lvarez Ayala<\/strong>, <strong><em>El R1<\/em><\/strong>, dio la instrucci\u00f3n a <strong>Jorge Armando G\u00f3mez<\/strong>, <strong><em>El Licenciado<\/em><\/strong>, y todo queda en ese grupo criminal.<\/p>\n<p>Quedar\u00e1n sin culpa los se\u00f1alados por el propio exedil en vida de intentar aniquilarlo para evitar su crecimiento pol\u00edtico y suceder a <strong>Alfredo Ram\u00edrez Bedolla<\/strong>.<\/p>\n<p>Con ellos y otros detenidos se cerrar\u00e1 el caso.<\/p>\n<p>2.- <strong><em>TelevisaUnivision<\/em><\/strong> presume otra estad\u00edstica y se acredita como \u201cl\u00edder de audiencia en futbol\u201d.<\/p>\n<p>Sus datos: 12.9 millones de personas vieron el partido M\u00e9xico-Uruguay y once el M\u00e9xico-Paraguay, para dar un total de 23.9 millones.<\/p>\n<p>Muy alto, si se consideran encuentros amistosos y con naciones poco admiradas futbol\u00edsticamente en el pa\u00eds.<\/p>\n<p>Pre\u00e1mbulo para el Mundial y, antes, las dos confrontaciones de calificaci\u00f3n en Monterrey y Guadalajara.<\/p>\n<p>Y 3.- <strong>Manolo Jim\u00e9nez <\/strong>se prepara para presumir el lunes pr\u00f3ximo a Coahuila como l\u00edder en inversi\u00f3n, seguridad y desarrollo econ\u00f3mico.<\/p>\n<p>Ser\u00e1 su segundo informe y junto con datos espec\u00edficos destacar\u00e1 la estabilidad social del estado.<\/p>\n<p><strong><em>\u00a0 \u00a0 @urenajose1<\/em><\/strong><\/p>\n<p><strong>Denuncia en <em>desdeabajo<\/em> Noticias! <\/strong><\/p>\n<p><strong><br \/>\n<\/strong><strong>\u00bfConoces o tienes\u00a0fotos y videos\u00a0de alg\u00fan acto de posible negligencia, corrupci\u00f3n y abuso de autoridad? M\u00e1ndalo al\u00a0WhatsApp:\u00a0 de desdeabajoNoticias: 7443262471.\u00a0\u00a1Comp\u00e1rtelo! Nosotros le damos seguimiento.<\/strong><\/p>\n<p><a href=\"http:\/\/www.desdeabajo.com.mx\"><strong>www.desdeabajo.com.mx<\/strong><\/a><\/p>\n<p><strong>S\u00edguenos tambi\u00e9n en Twitter:<\/strong> <strong>@Yae31099C<\/strong> <strong>en Facebook: DesdeabajoAca:<\/strong> <a href=\"https:\/\/www.facebook.com\/profile.php?id=10006362393\"><strong>https:\/\/www.facebook.com\/profile.php?id=10006362393<\/strong><\/a><\/p>\n","protected":false},"excerpt":{"rendered":"<p>Tel\u00e9fono Rojo El suicidio de la Generaci\u00f3n Z por Jos\u00e9 Ure\u00f1a Fue un suicidio. La Generaci\u00f3n Z, a impulso de quienes los asesoran o de quienes los usurpan, han perdido una gran oportunidad y el pa\u00eds lo lamentar\u00e1. Entre los causantes no puede excluirse al oficialismo, h\u00e1bil desde el sexenio&#8230;<\/p>\n","protected":false},"author":1,"featured_media":44000,"comment_status":"closed","ping_status":"open","sticky":false,"template":"","format":"standard","meta":{"inline_featured_image":false,"advgb_blocks_editor_width":"","advgb_blocks_columns_visual_guide":"","footnotes":""},"categories":[36],"tags":[],"class_list":["post-47283","post","type-post","status-publish","format-standard","has-post-thumbnail","hentry","category-opinion","penci-post-item"],"aioseo_notices":[],"author_meta":{"display_name":"admin8","author_link":"http:\/\/desdeabajo.com.mx\/?author=1"},"featured_img":"http:\/\/desdeabajo.com.mx\/wp-content\/uploads\/2025\/08\/pepe-urena.jpg","coauthors":[],"tax_additional":{"categories":{"linked":["<a href=\"http:\/\/desdeabajo.com.mx\/?cat=36\" class=\"advgb-post-tax-term\">Opinion<\/a>"],"unlinked":["<span class=\"advgb-post-tax-term\">Opinion<\/span>"]}},"comment_count":"0","relative_dates":{"created":"Publicado 5 meses hace","modified":"Actualizado 5 meses hace"},"absolute_dates":{"created":"Publicado el 21 de noviembre de 2025","modified":"Actualizado el 21 de noviembre de 2025"},"absolute_dates_time":{"created":"Publicado el 21 de noviembre de 2025 20:18","modified":"Actualizado el 21 de noviembre de 2025 20:18"},"featured_img_caption":"","series_order":"","_links":{"self":[{"href":"http:\/\/desdeabajo.com.mx\/index.php?rest_route=\/wp\/v2\/posts\/47283","targetHints":{"allow":["GET"]}}],"collection":[{"href":"http:\/\/desdeabajo.com.mx\/index.php?rest_route=\/wp\/v2\/posts"}],"about":[{"href":"http:\/\/desdeabajo.com.mx\/index.php?rest_route=\/wp\/v2\/types\/post"}],"author":[{"embeddable":true,"href":"http:\/\/desdeabajo.com.mx\/index.php?rest_route=\/wp\/v2\/users\/1"}],"replies":[{"embeddable":true,"href":"http:\/\/desdeabajo.com.mx\/index.php?rest_route=%2Fwp%2Fv2%2Fcomments&post=47283"}],"version-history":[{"count":1,"href":"http:\/\/desdeabajo.com.mx\/index.php?rest_route=\/wp\/v2\/posts\/47283\/revisions"}],"predecessor-version":[{"id":47284,"href":"http:\/\/desdeabajo.com.mx\/index.php?rest_route=\/wp\/v2\/posts\/47283\/revisions\/47284"}],"wp:featuredmedia":[{"embeddable":true,"href":"http:\/\/desdeabajo.com.mx\/index.php?rest_route=\/wp\/v2\/media\/44000"}],"wp:attachment":[{"href":"http:\/\/desdeabajo.com.mx\/index.php?rest_route=%2Fwp%2Fv2%2Fmedia&parent=47283"}],"wp:term":[{"taxonomy":"category","embeddable":true,"href":"http:\/\/desdeabajo.com.mx\/index.php?rest_route=%2Fwp%2Fv2%2Fcategories&post=47283"},{"taxonomy":"post_tag","embeddable":true,"href":"http:\/\/desdeabajo.com.mx\/index.php?rest_route=%2Fwp%2Fv2%2Ftags&post=47283"}],"curies":[{"name":"wp","href":"https:\/\/api.w.org\/{rel}","templated":true}]}}