{"id":48620,"date":"2026-01-17T12:40:11","date_gmt":"2026-01-17T18:40:11","guid":{"rendered":"https:\/\/desdeabajo.com.mx\/?p=48620"},"modified":"2026-01-17T12:40:28","modified_gmt":"2026-01-17T18:40:28","slug":"nace-nueva-organizacion-de-la-diversidad-sexual-va-contra-la-discriminacion","status":"publish","type":"post","link":"http:\/\/desdeabajo.com.mx\/?p=48620","title":{"rendered":"Nace nueva organizaci\u00f3n de la diversidad sexual; va contra la discriminaci\u00f3n"},"content":{"rendered":"<p class=\"MsoNormal\" style=\"margin-top: 12pt; text-align: justify; line-height: normal; background-image: initial; background-position: initial; background-size: initial; background-repeat: initial; background-attachment: initial; background-origin: initial; background-clip: initial;\"><b><span style=\"font-size: 12.0pt; font-family: 'Georgia',serif; mso-fareast-font-family: 'Times New Roman'; mso-bidi-font-family: 'Segoe UI Historic'; color: #080809; mso-fareast-language: ES-MX;\">Jaimes Castro afirm\u00f3 que la CDHEG mantiene un compromiso absoluto con la dignidad, la igualdad y la no discriminaci\u00f3n de las personas de la diversidad sexual, y reiter\u00f3 que ninguna identidad u orientaci\u00f3n debe ser motivo de violencia, exclusi\u00f3n o trato desigual.<\/span><\/b><\/p>\n<p class=\"MsoNormal\" style=\"margin-bottom: 0cm; line-height: normal; background-image: initial; background-position: initial; background-size: initial; background-repeat: initial; background-attachment: initial; background-origin: initial; background-clip: initial;\"><b><i><span style=\"font-size: 12.0pt; font-family: 'Georgia',serif; mso-fareast-font-family: 'Times New Roman'; mso-bidi-font-family: 'Segoe UI Historic'; color: #080809; mso-fareast-language: ES-MX;\">\u00a0<\/span><\/i><\/b><\/p>\n<p class=\"MsoNormal\" style=\"margin-bottom: 0cm; line-height: normal; background-image: initial; background-position: initial; background-size: initial; background-repeat: initial; background-attachment: initial; background-origin: initial; background-clip: initial;\"><b><i><span style=\"font-size: 12.0pt; font-family: 'Georgia',serif; mso-fareast-font-family: 'Times New Roman'; mso-bidi-font-family: 'Segoe UI Historic'; color: #080809; mso-fareast-language: ES-MX;\">\u00a0<\/span><\/i><\/b><\/p>\n<p class=\"MsoNormal\" style=\"margin-bottom: 0cm; line-height: normal; background-image: initial; background-position: initial; background-size: initial; background-repeat: initial; background-attachment: initial; background-origin: initial; background-clip: initial;\"><b><i><span style=\"font-size: 12.0pt; font-family: 'Georgia',serif; mso-fareast-font-family: 'Times New Roman'; mso-bidi-font-family: 'Segoe UI Historic'; color: #080809; mso-fareast-language: ES-MX;\">\u00a0<\/span><\/i><\/b><\/p>\n<p class=\"MsoNormal\" style=\"margin-bottom: 0cm; line-height: normal; background-image: initial; background-position: initial; background-size: initial; background-repeat: initial; background-attachment: initial; background-origin: initial; background-clip: initial;\"><b><i><span style=\"font-size: 12.0pt; font-family: 'Georgia',serif; mso-fareast-font-family: 'Times New Roman'; mso-bidi-font-family: 'Segoe UI Historic'; color: #080809; mso-fareast-language: ES-MX;\">Marcial Campuzano<\/span><\/i><\/b><\/p>\n<p class=\"MsoNormal\" style=\"margin-bottom: 0cm; line-height: normal; background-image: initial; background-position: initial; background-size: initial; background-repeat: initial; background-attachment: initial; background-origin: initial; background-clip: initial;\"><b><i><span style=\"font-size: 12.0pt; font-family: 'Georgia',serif; mso-fareast-font-family: 'Times New Roman'; mso-bidi-font-family: 'Segoe UI Historic'; color: #080809; mso-fareast-language: ES-MX;\">16\/01\/2026<\/span><\/i><\/b><\/p>\n<p class=\"MsoNormal\" style=\"margin-bottom: 0cm; line-height: normal; background-image: initial; background-position: initial; background-size: initial; background-repeat: initial; background-attachment: initial; background-origin: initial; background-clip: initial;\"><b><i><span style=\"font-size: 12.0pt; font-family: 'Georgia',serif; mso-fareast-font-family: 'Times New Roman'; mso-bidi-font-family: 'Segoe UI Historic'; color: #080809; mso-fareast-language: ES-MX;\">Chilpancingo, Gro. <\/span><\/i><\/b><\/p>\n<p class=\"MsoNormal\" style=\"margin-top: 12pt; text-align: justify; line-height: normal; background-image: initial; background-position: initial; background-size: initial; background-repeat: initial; background-attachment: initial; background-origin: initial; background-clip: initial;\"><span style=\"font-size: 12.0pt; font-family: 'Georgia',serif; mso-fareast-font-family: 'Times New Roman'; mso-bidi-font-family: 'Segoe UI Historic'; color: #080809; mso-fareast-language: ES-MX;\">\u00a0<\/span><\/p>\n<p class=\"MsoNormal\" style=\"margin-top: 12pt; text-align: justify; line-height: normal; background-image: initial; background-position: initial; background-size: initial; background-repeat: initial; background-attachment: initial; background-origin: initial; background-clip: initial;\"><span style=\"font-size: 12.0pt; font-family: 'Georgia',serif; mso-fareast-font-family: 'Times New Roman'; mso-bidi-font-family: 'Segoe UI Historic'; color: #080809; mso-fareast-language: ES-MX;\">\u00a0<\/span><\/p>\n<p class=\"MsoNormal\" style=\"margin-top: 12pt; text-align: justify; line-height: normal; background-image: initial; background-position: initial; background-size: initial; background-repeat: initial; background-attachment: initial; background-origin: initial; background-clip: initial;\"><span style=\"font-size: 12.0pt; font-family: 'Georgia',serif; mso-fareast-font-family: 'Times New Roman'; mso-bidi-font-family: 'Segoe UI Historic'; color: #080809; mso-fareast-language: ES-MX;\">Integrantes de la poblaci\u00f3n de la diversidad sexual integraron formalmente este jueves la Asociaci\u00f3n Diversidad Social, Motor de Cambio para la Inclusi\u00f3n y el Respeto de la Comunidad LGBTTTIQ+, que tiene como uno de sus objetivos transformar la percepci\u00f3n social negativa que a\u00fan persiste hacia esa comunidad en Guerrero.<\/span><\/p>\n<p class=\"MsoNormal\" style=\"margin-top: 12pt; text-align: justify; line-height: normal; background-image: initial; background-position: initial; background-size: initial; background-repeat: initial; background-attachment: initial; background-origin: initial; background-clip: initial;\"><span style=\"font-size: 12.0pt; font-family: 'Georgia',serif; mso-fareast-font-family: 'Times New Roman'; mso-bidi-font-family: 'Segoe UI Historic'; color: #080809; mso-fareast-language: ES-MX;\">El acto se llev\u00f3 a cabo en Chilpancingo con la presencia de activistas, representantes de la sociedad civil y medios de comunicaci\u00f3n, donde se dio a conocer que la asociaci\u00f3n impulsar\u00e1 un programa integral de actividades sociales, culturales y deportivas para visibilizar el aporte de la comunidad LGBTTTIQ+ a la sociedad.<\/span><\/p>\n<p class=\"MsoNormal\" style=\"margin-top: 12pt; text-align: justify; line-height: normal; background-image: initial; background-position: initial; background-size: initial; background-repeat: initial; background-attachment: initial; background-origin: initial; background-clip: initial;\"><span style=\"font-size: 12.0pt; font-family: 'Georgia',serif; mso-fareast-font-family: 'Times New Roman'; mso-bidi-font-family: 'Segoe UI Historic'; color: #080809; mso-fareast-language: ES-MX;\">Durante la lectura del comunicado oficial, se inform\u00f3 que la organizaci\u00f3n nace de la necesidad de actuar de manera organizada y positiva para erradicar la discriminaci\u00f3n, los estigmas y los prejuicios que enfrentan las diversidades sexuales.<\/span><\/p>\n<p class=\"MsoNormal\" style=\"margin-top: 12pt; text-align: justify; line-height: normal; background-image: initial; background-position: initial; background-size: initial; background-repeat: initial; background-attachment: initial; background-origin: initial; background-clip: initial;\"><span style=\"font-size: 12.0pt; font-family: 'Georgia',serif; mso-fareast-font-family: 'Times New Roman'; mso-bidi-font-family: 'Segoe UI Historic'; color: #080809; mso-fareast-language: ES-MX;\">La misi\u00f3n de la Asociaci\u00f3n Diversidad Social es promover una visi\u00f3n de respeto e inclusi\u00f3n, generando espacios seguros que permitan a todas las personas vivir con dignidad y sin miedo, mientras que su visi\u00f3n es consolidar una sociedad m\u00e1s tolerante donde la diversidad sea reconocida como un valor fundamental.<\/span><\/p>\n<p class=\"MsoNormal\" style=\"margin-top: 12pt; text-align: justify; line-height: normal; background-image: initial; background-position: initial; background-size: initial; background-repeat: initial; background-attachment: initial; background-origin: initial; background-clip: initial;\"><span style=\"font-size: 12.0pt; font-family: 'Georgia',serif; mso-fareast-font-family: 'Times New Roman'; mso-bidi-font-family: 'Segoe UI Historic'; color: #080809; mso-fareast-language: ES-MX;\">Para cumplir sus objetivos, la asociaci\u00f3n defini\u00f3 3 l\u00edneas estrat\u00e9gicas de acci\u00f3n: la incidencia pol\u00edtica para promover pol\u00edticas p\u00fablicas y reformas legales en favor de los derechos LGBTTTIQ+; la realizaci\u00f3n de actividades de impacto social, cultural y deportivo; y la formaci\u00f3n y sensibilizaci\u00f3n de la sociedad.<\/span><\/p>\n<p class=\"MsoNormal\" style=\"margin-top: 12pt; text-align: justify; line-height: normal; background-image: initial; background-position: initial; background-size: initial; background-repeat: initial; background-attachment: initial; background-origin: initial; background-clip: initial;\"><span style=\"font-size: 12.0pt; font-family: 'Georgia',serif; mso-fareast-font-family: 'Times New Roman'; mso-bidi-font-family: 'Segoe UI Historic'; color: #080809; mso-fareast-language: ES-MX;\">La mesa directiva qued\u00f3 integrada por Juan Carlos Salvador L\u00f3pez como presidente; Jos\u00e9 Lavosier Luqu\u00edn Jim\u00e9nez como vicepresidente; N\u00e9stor Gabriel Alvarado Mozo como secretario; Alejandra Alonso Paco como tesorera; y F\u00e9lix Ram\u00edrez Baloy, Paulina Palma G\u00f3mez y Mauricio Catal\u00e1n Flores como vocales.<\/span><\/p>\n<p class=\"MsoNormal\" style=\"margin-top: 12pt; text-align: justify; line-height: normal; background-image: initial; background-position: initial; background-size: initial; background-repeat: initial; background-attachment: initial; background-origin: initial; background-clip: initial;\"><span style=\"font-size: 12.0pt; font-family: 'Georgia',serif; mso-fareast-font-family: 'Times New Roman'; mso-bidi-font-family: 'Segoe UI Historic'; color: #080809; mso-fareast-language: ES-MX;\">Asimismo, se establecieron carteras especializadas en \u00e1reas como cultura, juventud, juventud trans, salud mental y adicciones, deportes y salud, con el fin de atender de manera integral las necesidades de la comunidad y fortalecer el trabajo de la asociaci\u00f3n.<\/span><\/p>\n<p class=\"MsoNormal\" style=\"margin-top: 12pt; text-align: justify; line-height: normal; background-image: initial; background-position: initial; background-size: initial; background-repeat: initial; background-attachment: initial; background-origin: initial; background-clip: initial;\"><span style=\"font-size: 12.0pt; font-family: 'Georgia',serif; mso-fareast-font-family: 'Times New Roman'; mso-bidi-font-family: 'Segoe UI Historic'; color: #080809; mso-fareast-language: ES-MX;\">Durante el evento, el tercer visitador general de la Comisi\u00f3n de Derechos Humanos del Estado de Guerrero (CDHEG), Rom\u00e1n Jaimes, quien acudi\u00f3 en representaci\u00f3n de la presidenta del organismo, Cecilia Narciso Gait\u00e1n, tom\u00f3 protesta a los integrantes de la asociaci\u00f3n.<\/span><\/p>\n<p class=\"MsoNormal\" style=\"margin-top: 12pt; text-align: justify; line-height: normal; background-image: initial; background-position: initial; background-size: initial; background-repeat: initial; background-attachment: initial; background-origin: initial; background-clip: initial;\"><span style=\"font-size: 12.0pt; font-family: 'Georgia',serif; mso-fareast-font-family: 'Times New Roman'; mso-bidi-font-family: 'Segoe UI Historic'; color: #080809; mso-fareast-language: ES-MX;\">Jaimes Castro afirm\u00f3 que la CDHEG mantiene un compromiso absoluto con la dignidad, la igualdad y la no discriminaci\u00f3n de las personas de la diversidad sexual, y reiter\u00f3 que ninguna identidad u orientaci\u00f3n debe ser motivo de violencia, exclusi\u00f3n o trato desigual.<\/span><\/p>\n<p class=\"MsoNormal\" style=\"margin-top: 12pt; text-align: justify; line-height: normal; background-image: initial; background-position: initial; background-size: initial; background-repeat: initial; background-attachment: initial; background-origin: initial; background-clip: initial;\"><span style=\"font-size: 12.0pt; font-family: 'Georgia',serif; mso-fareast-font-family: 'Times New Roman'; mso-bidi-font-family: 'Segoe UI Historic'; color: #080809; mso-fareast-language: ES-MX;\">Se\u00f1al\u00f3 que los derechos de las personas LGBTTTIQ+ son derechos humanos universales y que su garant\u00eda efectiva es una responsabilidad del Estado y de la sociedad, por lo que la Comisi\u00f3n mantendr\u00e1 abiertas sus puertas para atender y acompa\u00f1ar a quienes vean vulnerados sus derechos.<\/span><\/p>\n<p class=\"MsoNormal\" style=\"margin-top: 12pt; text-align: justify; line-height: normal; background-image: initial; background-position: initial; background-size: initial; background-repeat: initial; background-attachment: initial; background-origin: initial; background-clip: initial;\"><span style=\"font-size: 12.0pt; font-family: 'Georgia',serif; mso-fareast-font-family: 'Times New Roman'; mso-bidi-font-family: 'Segoe UI Historic'; color: #080809; mso-fareast-language: ES-MX;\">En su mensaje, el presidente de la Asociaci\u00f3n Diversidad Social, Juan Carlos Salvador L\u00f3pez, agradeci\u00f3 el respaldo de los medios de comunicaci\u00f3n y destac\u00f3 que la organizaci\u00f3n trabajar\u00e1 no solo en favor de la poblaci\u00f3n LGBTTTIQ+, sino tambi\u00e9n de la sociedad en general.<\/span><\/p>\n<p class=\"MsoNormal\" style=\"margin-top: 12pt; text-align: justify; line-height: normal; background-image: initial; background-position: initial; background-size: initial; background-repeat: initial; background-attachment: initial; background-origin: initial; background-clip: initial;\"><span style=\"font-size: 12.0pt; font-family: 'Georgia',serif; mso-fareast-font-family: 'Times New Roman'; mso-bidi-font-family: 'Segoe UI Historic'; color: #080809; mso-fareast-language: ES-MX;\">Hizo un llamado a las instituciones, organizaciones civiles y ciudadan\u00eda a sumarse a este proyecto, al se\u00f1alar que el objetivo ya no es solo pedir inclusi\u00f3n, sino consolidar una sociedad donde todas las personas est\u00e9n plenamente integradas y reconocidas en igualdad de condiciones.<\/span><\/p>\n<p class=\"MsoNormal\" style=\"text-align: justify;\"><b><span style=\"font-size: 10.0pt; line-height: 107%; font-family: 'Georgia',serif;\">\u00a0<\/span><\/b><\/p>\n<p class=\"MsoNormal\" style=\"text-align: justify;\"><b><span style=\"font-size: 10.0pt; line-height: 107%; font-family: 'Georgia',serif;\">Denuncia en <i>desdeabajo<\/i> Noticias! <\/span><\/b><\/p>\n<p class=\"MsoNormal\" style=\"margin-top: 2.0pt; text-align: justify; line-height: normal; mso-pagination: widow-orphan lines-together; page-break-after: avoid; mso-outline-level: 2;\"><b><span style=\"font-size: 10.0pt; font-family: 'Georgia',serif; mso-fareast-font-family: 'Times New Roman'; mso-fareast-theme-font: major-fareast; mso-bidi-font-family: 'Times New Roman'; mso-bidi-theme-font: major-bidi; color: #0f4761; mso-themecolor: accent1; mso-themeshade: 191;\"><br \/>\n<\/span><\/b><b><span style=\"font-family: 'Georgia',serif; mso-fareast-font-family: 'Times New Roman'; mso-fareast-theme-font: major-fareast; mso-bidi-font-family: 'Times New Roman'; mso-bidi-theme-font: major-bidi; mso-fareast-language: ES-MX;\">\u00bfConoces o tienes\u00a0<span style=\"border: none windowtext 1.0pt; mso-border-alt: none windowtext 0cm; padding: 0cm;\">fotos y videos\u00a0<\/span>de alg\u00fan acto de posible negligencia, corrupci\u00f3n y abuso de autoridad? M\u00e1ndalo al\u00a0<span style=\"border: none windowtext 1.0pt; mso-border-alt: none windowtext 0cm; padding: 0cm;\">WhatsApp:\u00a0 de desdeabajoNoticias: 7443262471.\u00a0<\/span>\u00a1Comp\u00e1rtelo! Nosotros le damos seguimiento.<\/span><\/b><b><\/b><\/p>\n<p class=\"MsoNormal\" style=\"margin-top: 2.0pt; text-align: justify; line-height: normal; mso-pagination: widow-orphan lines-together; page-break-after: avoid; mso-outline-level: 2;\"><a href=\"http:\/\/www.desdeabajo.com.mx\/\"><b><span style=\"font-family: 'Georgia',serif; border: none windowtext 1.0pt; mso-border-alt: none windowtext 0cm; padding: 0cm;\">www.desdeabajo.com.mx<\/span><\/b><\/a><b><\/b><\/p>\n<p><b><span style=\"font-size: 11.0pt; line-height: 107%; font-family: 'Georgia',serif; mso-fareast-font-family: 'Times New Roman'; mso-bidi-font-family: 'Times New Roman'; color: #323232; border: none windowtext 1.0pt; mso-border-alt: none windowtext 0cm; padding: 0cm; mso-font-kerning: 0pt; mso-ligatures: none; mso-ansi-language: ES-MX; mso-fareast-language: ES-MX; mso-bidi-language: AR-SA;\">S\u00edguenos tambi\u00e9n en Twitter:<\/span><\/b> <b><span style=\"font-size: 11pt; line-height: 107%; font-family: Georgia, serif; background-image: initial; background-position: initial; background-size: initial; background-repeat: initial; background-attachment: initial; background-origin: initial; background-clip: initial;\">@Yae31099C<\/span><span style=\"font-size: 11.0pt; line-height: 107%; font-family: 'Georgia',serif; mso-fareast-font-family: 'Times New Roman'; mso-bidi-font-family: 'Times New Roman'; border: none windowtext 1.0pt; mso-border-alt: none windowtext 0cm; padding: 0cm; mso-font-kerning: 0pt; mso-ligatures: none; mso-ansi-language: ES-MX; mso-fareast-language: ES-MX; mso-bidi-language: AR-SA;\"> <span style=\"color: #323232;\">en Facebook: DesdeabajoAca:<\/span><\/span><span style=\"font-size: 11.0pt; line-height: 107%; font-family: 'Georgia',serif; mso-fareast-font-family: 'Times New Roman'; mso-fareast-theme-font: major-fareast; mso-bidi-font-family: 'Times New Roman'; border: none windowtext 1.0pt; mso-border-alt: none windowtext 0cm; padding: 0cm; mso-font-kerning: 0pt; mso-ligatures: none; mso-ansi-language: ES-MX; mso-fareast-language: ES-MX; mso-bidi-language: AR-SA;\">https:\/\/www.facebook.com\/profile.php?id=1000636239783<\/span><\/b><\/p>\n","protected":false},"excerpt":{"rendered":"<p>Jaimes Castro afirm\u00f3 que la CDHEG mantiene un compromiso absoluto con la dignidad, la igualdad y la no discriminaci\u00f3n de las personas de la diversidad sexual, y reiter\u00f3 que ninguna identidad u orientaci\u00f3n debe ser motivo de violencia, exclusi\u00f3n o trato desigual. \u00a0 \u00a0 \u00a0 Marcial Campuzano 16\/01\/2026 Chilpancingo, Gro&#8230;.<\/p>\n","protected":false},"author":1,"featured_media":48621,"comment_status":"closed","ping_status":"open","sticky":false,"template":"","format":"standard","meta":{"inline_featured_image":false,"advgb_blocks_editor_width":"","advgb_blocks_columns_visual_guide":"","footnotes":""},"categories":[89],"tags":[41],"class_list":["post-48620","post","type-post","status-publish","format-standard","has-post-thumbnail","hentry","category-grupos-sociales","tag-destacadas","penci-post-item"],"aioseo_notices":[],"author_meta":{"display_name":"admin8","author_link":"http:\/\/desdeabajo.com.mx\/?author=1"},"featured_img":"http:\/\/desdeabajo.com.mx\/wp-content\/uploads\/2026\/01\/Comunidad-LGBTTTIQ-campusano-300x169.jpg","coauthors":[],"tax_additional":{"categories":{"linked":["<a href=\"http:\/\/desdeabajo.com.mx\/?cat=89\" class=\"advgb-post-tax-term\">Grupos Sociales<\/a>"],"unlinked":["<span class=\"advgb-post-tax-term\">Grupos Sociales<\/span>"]},"tags":{"linked":["<a href=\"http:\/\/desdeabajo.com.mx\/?cat=89\" class=\"advgb-post-tax-term\">destacadas<\/a>"],"unlinked":["<span class=\"advgb-post-tax-term\">destacadas<\/span>"]}},"comment_count":"0","relative_dates":{"created":"Publicado 3 meses hace","modified":"Actualizado 3 meses hace"},"absolute_dates":{"created":"Publicado el 17 de enero de 2026","modified":"Actualizado el 17 de enero de 2026"},"absolute_dates_time":{"created":"Publicado el 17 de enero de 2026 12:40","modified":"Actualizado el 17 de enero de 2026 12:40"},"featured_img_caption":"","series_order":"","_links":{"self":[{"href":"http:\/\/desdeabajo.com.mx\/index.php?rest_route=\/wp\/v2\/posts\/48620","targetHints":{"allow":["GET"]}}],"collection":[{"href":"http:\/\/desdeabajo.com.mx\/index.php?rest_route=\/wp\/v2\/posts"}],"about":[{"href":"http:\/\/desdeabajo.com.mx\/index.php?rest_route=\/wp\/v2\/types\/post"}],"author":[{"embeddable":true,"href":"http:\/\/desdeabajo.com.mx\/index.php?rest_route=\/wp\/v2\/users\/1"}],"replies":[{"embeddable":true,"href":"http:\/\/desdeabajo.com.mx\/index.php?rest_route=%2Fwp%2Fv2%2Fcomments&post=48620"}],"version-history":[{"count":1,"href":"http:\/\/desdeabajo.com.mx\/index.php?rest_route=\/wp\/v2\/posts\/48620\/revisions"}],"predecessor-version":[{"id":48622,"href":"http:\/\/desdeabajo.com.mx\/index.php?rest_route=\/wp\/v2\/posts\/48620\/revisions\/48622"}],"wp:featuredmedia":[{"embeddable":true,"href":"http:\/\/desdeabajo.com.mx\/index.php?rest_route=\/wp\/v2\/media\/48621"}],"wp:attachment":[{"href":"http:\/\/desdeabajo.com.mx\/index.php?rest_route=%2Fwp%2Fv2%2Fmedia&parent=48620"}],"wp:term":[{"taxonomy":"category","embeddable":true,"href":"http:\/\/desdeabajo.com.mx\/index.php?rest_route=%2Fwp%2Fv2%2Fcategories&post=48620"},{"taxonomy":"post_tag","embeddable":true,"href":"http:\/\/desdeabajo.com.mx\/index.php?rest_route=%2Fwp%2Fv2%2Ftags&post=48620"}],"curies":[{"name":"wp","href":"https:\/\/api.w.org\/{rel}","templated":true}]}}