{"id":48775,"date":"2026-01-21T23:12:57","date_gmt":"2026-01-22T05:12:57","guid":{"rendered":"https:\/\/desdeabajo.com.mx\/?p=48775"},"modified":"2026-01-21T23:13:01","modified_gmt":"2026-01-22T05:13:01","slug":"reconoce-el-gobierno-del-estado-la-labor-del-grupo-aca-ricardo-salinas-mendez","status":"publish","type":"post","link":"http:\/\/desdeabajo.com.mx\/?p=48775","title":{"rendered":"Reconoce el gobierno del estado la labor del Grupo ACA: Ricardo Salinas M\u00e9ndez"},"content":{"rendered":"<p class=\"MsoNormal\" style=\"margin-top: 12pt; text-align: justify; line-height: normal; background-image: initial; background-position: initial; background-size: initial; background-repeat: initial; background-attachment: initial; background-origin: initial; background-clip: initial; vertical-align: baseline;\"><b><span style=\"font-size: 12.0pt; font-family: 'Georgia',serif; mso-fareast-font-family: 'Times New Roman'; mso-bidi-font-family: 'Times New Roman'; color: #0a0a0a; border: none windowtext 1.0pt; mso-border-alt: none windowtext 0cm; padding: 0cm; mso-fareast-language: ES-MX;\">*En representaci\u00f3n de la gobernadora Evelyn Salgado, el Oficial Mayor toma protesta a las y los integrantes del Consejo Directivo 2026 de la asociaci\u00f3n civil <\/span><\/b><\/p>\n<p class=\"MsoNormal\" style=\"margin-top: 12pt; text-align: justify; line-height: normal; background-image: initial; background-position: initial; background-size: initial; background-repeat: initial; background-attachment: initial; background-origin: initial; background-clip: initial; vertical-align: baseline;\"><span style=\"font-size: 10.5pt; font-family: 'inherit',serif; mso-fareast-font-family: 'Times New Roman'; mso-bidi-font-family: 'Times New Roman'; color: #0a0a0a; border: none windowtext 1.0pt; mso-border-alt: none windowtext 0cm; padding: 0cm; mso-fareast-language: ES-MX;\">\u00a0<\/span><\/p>\n<p class=\"MsoNormal\" style=\"margin-top: 12pt; text-align: justify; line-height: normal; background-image: initial; background-position: initial; background-size: initial; background-repeat: initial; background-attachment: initial; background-origin: initial; background-clip: initial; vertical-align: baseline;\"><span style=\"font-size: 10.5pt; font-family: 'inherit',serif; mso-fareast-font-family: 'Times New Roman'; mso-bidi-font-family: 'Times New Roman'; color: #0a0a0a; border: none windowtext 1.0pt; mso-border-alt: none windowtext 0cm; padding: 0cm; mso-fareast-language: ES-MX;\">\u00a0<\/span><\/p>\n<p class=\"MsoNormal\" style=\"margin-bottom: 0cm; text-align: justify; line-height: normal; background-image: initial; background-position: initial; background-size: initial; background-repeat: initial; background-attachment: initial; background-origin: initial; background-clip: initial; vertical-align: baseline;\"><b><i><span style=\"font-size: 12.0pt; font-family: 'Georgia',serif; mso-fareast-font-family: 'Times New Roman'; mso-bidi-font-family: 'Times New Roman'; color: #0a0a0a; border: none windowtext 1.0pt; mso-border-alt: none windowtext 0cm; padding: 0cm; mso-fareast-language: ES-MX;\">Redacci\u00f3n\u2026<\/span><\/i><\/b><\/p>\n<p class=\"MsoNormal\" style=\"margin-bottom: 0cm; text-align: justify; line-height: normal; background-image: initial; background-position: initial; background-size: initial; background-repeat: initial; background-attachment: initial; background-origin: initial; background-clip: initial; vertical-align: baseline;\"><b><i><span style=\"font-size: 12.0pt; font-family: 'Georgia',serif; mso-fareast-font-family: 'Times New Roman'; mso-bidi-font-family: 'Times New Roman'; color: #0a0a0a; border: none windowtext 1.0pt; mso-border-alt: none windowtext 0cm; padding: 0cm; mso-fareast-language: ES-MX;\">21\/01\/2026<\/span><\/i><\/b><\/p>\n<p class=\"MsoNormal\" style=\"margin-bottom: 0cm; text-align: justify; line-height: normal; background-image: initial; background-position: initial; background-size: initial; background-repeat: initial; background-attachment: initial; background-origin: initial; background-clip: initial; vertical-align: baseline;\"><b><i><span style=\"font-size: 12.0pt; font-family: 'Georgia',serif; mso-fareast-font-family: 'Times New Roman'; mso-bidi-font-family: 'Times New Roman'; color: #0a0a0a; border: none windowtext 1.0pt; mso-border-alt: none windowtext 0cm; padding: 0cm; mso-fareast-language: ES-MX;\">Acapulco, Gro.<\/span><\/i><\/b><\/p>\n<p class=\"MsoNormal\" style=\"margin-top: 12pt; text-align: justify; line-height: normal; background-image: initial; background-position: initial; background-size: initial; background-repeat: initial; background-attachment: initial; background-origin: initial; background-clip: initial; vertical-align: baseline;\"><span style=\"font-size: 10.5pt; font-family: 'inherit',serif; mso-fareast-font-family: 'Times New Roman'; mso-bidi-font-family: 'Times New Roman'; color: #0a0a0a; border: none windowtext 1.0pt; mso-border-alt: none windowtext 0cm; padding: 0cm; mso-fareast-language: ES-MX;\">\u00a0<\/span><\/p>\n<p class=\"MsoNormal\" style=\"margin-top: 12pt; text-align: justify; line-height: normal; background-image: initial; background-position: initial; background-size: initial; background-repeat: initial; background-attachment: initial; background-origin: initial; background-clip: initial; vertical-align: baseline;\"><span style=\"font-size: 10.5pt; font-family: 'inherit',serif; mso-fareast-font-family: 'Times New Roman'; mso-bidi-font-family: 'Times New Roman'; color: #0a0a0a; border: none windowtext 1.0pt; mso-border-alt: none windowtext 0cm; padding: 0cm; mso-fareast-language: ES-MX;\">\u00a0<\/span><\/p>\n<p class=\"MsoNormal\" style=\"margin-top: 12pt; text-align: justify; line-height: normal; background-image: initial; background-position: initial; background-size: initial; background-repeat: initial; background-attachment: initial; background-origin: initial; background-clip: initial; vertical-align: baseline;\"><span style=\"font-size: 12.0pt; font-family: 'Georgia',serif; mso-fareast-font-family: 'Times New Roman'; mso-bidi-font-family: 'Times New Roman'; color: #0a0a0a; border: none windowtext 1.0pt; mso-border-alt: none windowtext 0cm; padding: 0cm; mso-fareast-language: ES-MX;\">En representaci\u00f3n de la gobernadora Evelyn Salgado Pineda, el Oficial Mayor de la Secretar\u00eda de Finanzas y Administraci\u00f3n (Sefina) del estado, Ricardo Salinas M\u00e9ndez acudi\u00f3 a la toma de posesi\u00f3n de Josefina Verduzco Su\u00e1rez, como presidenta del Consejo Directivo 2026 de la Asociaci\u00f3n Civil de Acapulco, A. C. \u2013mejor conocido como Grupo ACA-, en donde reconoci\u00f3 la labor relevante de los grupos organizados, como aliados estrat\u00e9gicos en la transformaci\u00f3n de Guerrero y Acapulco. <\/span><\/p>\n<p class=\"MsoNormal\" style=\"margin-top: 12pt; text-align: justify; line-height: normal; background-image: initial; background-position: initial; background-size: initial; background-repeat: initial; background-attachment: initial; background-origin: initial; background-clip: initial; vertical-align: baseline;\"><span style=\"font-size: 12.0pt; font-family: 'Georgia',serif; mso-fareast-font-family: 'Times New Roman'; mso-bidi-font-family: 'Times New Roman'; color: #0a0a0a; border: none windowtext 1.0pt; mso-border-alt: none windowtext 0cm; padding: 0cm; mso-fareast-language: ES-MX;\">Con la presencia de autoridades civiles y militares, el oficial mayor de la Sefina destac\u00f3 que el gobierno del estado reconoce y valora profundamente el papel de las asociaciones civiles, por lo que expres\u00f3 su felicitaci\u00f3n a quienes asumen la responsabilidad y el compromiso de encabezar la mesa directiva de este organismo.<\/span><\/p>\n<p class=\"MsoNormal\" style=\"margin-top: 12pt; text-align: justify; line-height: normal; background-image: initial; background-position: initial; background-size: initial; background-repeat: initial; background-attachment: initial; background-origin: initial; background-clip: initial; vertical-align: baseline;\"><span style=\"font-size: 12.0pt; font-family: 'Georgia',serif; mso-fareast-font-family: 'Times New Roman'; mso-bidi-font-family: 'Times New Roman'; color: #0a0a0a; border: none windowtext 1.0pt; mso-border-alt: none windowtext 0cm; padding: 0cm; mso-fareast-language: ES-MX;\">\u00a0A la vez, enfatiz\u00f3 la importancia del Grupo ACA, que a lo largo de los a\u00f1os, ha sido un espacio desde el que han surgido hombres y mujeres que han contribuido de manera decisiva al desarrollo de la ciudad, mediante liderazgos responsables, \u00e9ticos y profundamente comprometidos con su comunidad. <\/span><\/p>\n<p class=\"MsoNormal\" style=\"margin-top: 12pt; text-align: justify; line-height: normal; background-image: initial; background-position: initial; background-size: initial; background-repeat: initial; background-attachment: initial; background-origin: initial; background-clip: initial; vertical-align: baseline;\"><span style=\"font-size: 12.0pt; font-family: 'Georgia',serif; mso-fareast-font-family: 'Times New Roman'; mso-bidi-font-family: 'Times New Roman'; color: #0a0a0a; border: none windowtext 1.0pt; mso-border-alt: none windowtext 0cm; padding: 0cm; mso-fareast-language: ES-MX;\">El representante de la gobernadora tambi\u00e9n se refiri\u00f3 al trabajo coordinado que se ha realizado desde la administraci\u00f3n estatal, para lograr resultados favorables para Acapulco en los diferentes rubros. <\/span><\/p>\n<p class=\"MsoNormal\" style=\"margin-top: 12pt; text-align: justify; line-height: normal; background-image: initial; background-position: initial; background-size: initial; background-repeat: initial; background-attachment: initial; background-origin: initial; background-clip: initial; vertical-align: baseline;\"><span style=\"font-size: 12.0pt; font-family: 'Georgia',serif; mso-fareast-font-family: 'Times New Roman'; mso-bidi-font-family: 'Times New Roman'; color: #0a0a0a; border: none windowtext 1.0pt; mso-border-alt: none windowtext 0cm; padding: 0cm; mso-fareast-language: ES-MX;\">Durante el evento, se comparti\u00f3 un mensaje en video de la gobernadora Evelyn Salgado, en donde expres\u00f3 su felicitaci\u00f3n a Verduzco Su\u00e1rez por su nueva encomienda. \u201cEstoy segura que esta nueva etapa estar\u00e1 marcada por el trabajo conjunto, la responsabilidad social y el amor por nuestra querida ciudad. <\/span><\/p>\n<p class=\"MsoNormal\" style=\"margin-top: 12pt; text-align: justify; line-height: normal; background-image: initial; background-position: initial; background-size: initial; background-repeat: initial; background-attachment: initial; background-origin: initial; background-clip: initial; vertical-align: baseline;\"><span style=\"font-size: 12.0pt; font-family: 'Georgia',serif; mso-fareast-font-family: 'Times New Roman'; mso-bidi-font-family: 'Times New Roman'; color: #0a0a0a; border: none windowtext 1.0pt; mso-border-alt: none windowtext 0cm; padding: 0cm; mso-fareast-language: ES-MX;\">Mi reconocimiento a su liderazgo y a la labor que realizan en beneficio de Acapulco. Sigamos sumando esfuerzos por el bienestar de nuestra gente y por el futuro de Guerrero\u201d, se\u00f1al\u00f3. <\/span><\/p>\n<p class=\"MsoNormal\" style=\"margin-top: 12pt; text-align: justify; line-height: normal; background-image: initial; background-position: initial; background-size: initial; background-repeat: initial; background-attachment: initial; background-origin: initial; background-clip: initial; vertical-align: baseline;\"><span style=\"font-size: 12.0pt; font-family: 'Georgia',serif; mso-fareast-font-family: 'Times New Roman'; mso-bidi-font-family: 'Times New Roman'; color: #0a0a0a; border: none windowtext 1.0pt; mso-border-alt: none windowtext 0cm; padding: 0cm; mso-fareast-language: ES-MX;\">En su discurso, Josefina Verduzco dijo que la participaci\u00f3n ciudadana constituye el fundamento de toda vida democr\u00e1tica aut\u00e9ntica, no es un elemento accesorio, ni una concesi\u00f3n del poder p\u00fablico, sino una expresi\u00f3n del derecho de las personas a intervenir en los asuntos que afectan su presente y su futuro. <\/span><\/p>\n<p class=\"MsoNormal\" style=\"margin-top: 12pt; text-align: justify; line-height: normal; background-image: initial; background-position: initial; background-size: initial; background-repeat: initial; background-attachment: initial; background-origin: initial; background-clip: initial; vertical-align: baseline;\"><span style=\"font-size: 12.0pt; font-family: 'Georgia',serif; mso-fareast-font-family: 'Times New Roman'; mso-bidi-font-family: 'Times New Roman'; color: #0a0a0a; border: none windowtext 1.0pt; mso-border-alt: none windowtext 0cm; padding: 0cm; mso-fareast-language: ES-MX;\">En este contexto, destac\u00f3 la coordinaci\u00f3n de la administraci\u00f3n que encabeza la gobernadora Evelyn Salgado con las instancias federales y municipales, para lograr un acompa\u00f1amiento en materia de seguridad, econom\u00eda, turismo, as\u00ed como el fortalecimiento de las distintas \u00e1reas. <\/span><\/p>\n<p class=\"MsoNormal\" style=\"margin-top: 12pt; text-align: justify; line-height: normal; background-image: initial; background-position: initial; background-size: initial; background-repeat: initial; background-attachment: initial; background-origin: initial; background-clip: initial; vertical-align: baseline;\"><span style=\"font-size: 12.0pt; font-family: 'Georgia',serif; mso-fareast-font-family: 'Times New Roman'; mso-bidi-font-family: 'Times New Roman'; color: #0a0a0a; border: none windowtext 1.0pt; mso-border-alt: none windowtext 0cm; padding: 0cm; mso-fareast-language: ES-MX;\">Expres\u00f3 el compromiso del Grupo ACA para seguir trabajando por el futuro de Acapulco y de Guerrero, como una ciudadan\u00eda activa y organizada, anteponiendo el inter\u00e9s p\u00fablico y promoviendo la colaboraci\u00f3n. <\/span><\/p>\n<p class=\"MsoNormal\" style=\"margin-top: 12pt; text-align: justify; line-height: normal; background-image: initial; background-position: initial; background-size: initial; background-repeat: initial; background-attachment: initial; background-origin: initial; background-clip: initial; vertical-align: baseline;\"><span style=\"font-size: 12.0pt; font-family: 'Georgia',serif; mso-fareast-font-family: 'Times New Roman'; mso-bidi-font-family: 'Times New Roman'; color: #0a0a0a; border: none windowtext 1.0pt; mso-border-alt: none windowtext 0cm; padding: 0cm; mso-fareast-language: ES-MX;\">Y agreg\u00f3: \u201cLa participaci\u00f3n ciudadana adquiere un valor a\u00fan mayor, es a trav\u00e9s de ella que se canalizan las preocupaciones sociales, se articulan demandas leg\u00edtimas y se generan espacios de reflexi\u00f3n colectiva. La ciudadan\u00eda organizada no sustituye a las instituciones, pero s\u00ed las acompa\u00f1a, las fortalece y cuando es necesario, las interpela con argumento y responsabilidad\u201d. <\/span><\/p>\n<p class=\"MsoNormal\" style=\"margin-top: 12pt; text-align: justify; line-height: normal; background-image: initial; background-position: initial; background-size: initial; background-repeat: initial; background-attachment: initial; background-origin: initial; background-clip: initial; vertical-align: baseline;\"><span style=\"font-size: 12.0pt; font-family: 'Georgia',serif; mso-fareast-font-family: 'Times New Roman'; mso-bidi-font-family: 'Times New Roman'; color: #0a0a0a; border: none windowtext 1.0pt; mso-border-alt: none windowtext 0cm; padding: 0cm; mso-fareast-language: ES-MX;\">Enseguida se llev\u00f3 a cabo la toma de protesta a todos los integrantes del Consejo Directivo 2026. Asistieron a este evento, la presidenta municipal, Abelina L\u00f3pez Rodr\u00edguez, as\u00ed como autoridades civiles y militares<\/span><span style=\"font-size: 10.5pt; font-family: 'inherit',serif; mso-fareast-font-family: 'Times New Roman'; mso-bidi-font-family: 'Times New Roman'; color: #0a0a0a; border: none windowtext 1.0pt; mso-border-alt: none windowtext 0cm; padding: 0cm; mso-fareast-language: ES-MX;\">.<\/span><\/p>\n<p class=\"MsoNormal\" style=\"margin-bottom: 0cm; line-height: 14.25pt; background-image: initial; background-position: initial; background-size: initial; background-repeat: initial; background-attachment: initial; background-origin: initial; background-clip: initial; vertical-align: baseline;\"><span style=\"font-size: 10.5pt; font-family: 'inherit',serif; mso-fareast-font-family: 'Times New Roman'; mso-bidi-font-family: 'Times New Roman'; color: #0a0a0a; mso-fareast-language: ES-MX;\">\u00a0<\/span><\/p>\n<p class=\"MsoNormal\" style=\"margin-bottom: 0cm; line-height: 11.25pt; background-image: initial; background-position: initial; background-size: initial; background-repeat: initial; background-attachment: initial; background-origin: initial; background-clip: initial; vertical-align: baseline;\"><span style=\"font-size: 8.5pt; font-family: 'inherit',serif; mso-fareast-font-family: 'Times New Roman'; mso-bidi-font-family: 'Times New Roman'; color: white; border: none windowtext 1.0pt; mso-border-alt: none windowtext 0cm; padding: 0cm; mso-fareast-language: ES-MX;\">12:40 p.m.<\/span><\/p>\n<p class=\"MsoNormal\" style=\"text-align: justify;\"><b><span style=\"font-size: 10.0pt; line-height: 107%; font-family: 'Georgia',serif;\">Denuncia en <i>desdeabajo<\/i> Noticias! <\/span><\/b><\/p>\n<p class=\"MsoNormal\" style=\"margin-top: 2.0pt; text-align: justify; line-height: normal; mso-pagination: widow-orphan lines-together; page-break-after: avoid; mso-outline-level: 2;\"><b><span style=\"font-size: 10.0pt; font-family: 'Georgia',serif; mso-fareast-font-family: 'Times New Roman'; mso-fareast-theme-font: major-fareast; mso-bidi-font-family: 'Times New Roman'; mso-bidi-theme-font: major-bidi; color: #0f4761; mso-themecolor: accent1; mso-themeshade: 191;\"><br \/>\n<\/span><\/b><b><span style=\"font-family: 'Georgia',serif; mso-fareast-font-family: 'Times New Roman'; mso-fareast-theme-font: major-fareast; mso-bidi-font-family: 'Times New Roman'; mso-bidi-theme-font: major-bidi; mso-fareast-language: ES-MX;\">\u00bfConoces o tienes\u00a0<span style=\"border: none windowtext 1.0pt; mso-border-alt: none windowtext 0cm; padding: 0cm;\">fotos y videos\u00a0<\/span>de alg\u00fan acto de posible negligencia, corrupci\u00f3n y abuso de autoridad? M\u00e1ndalo al\u00a0<span style=\"border: none windowtext 1.0pt; mso-border-alt: none windowtext 0cm; padding: 0cm;\">WhatsApp:\u00a0 de desdeabajoNoticias: 7443262471.\u00a0<\/span>\u00a1Comp\u00e1rtelo! Nosotros le damos seguimiento.<\/span><\/b><b><\/b><\/p>\n<p class=\"MsoNormal\" style=\"margin-top: 2.0pt; text-align: justify; line-height: normal; mso-pagination: widow-orphan lines-together; page-break-after: avoid; mso-outline-level: 2;\"><a href=\"http:\/\/www.desdeabajo.com.mx\/\"><b><span style=\"font-family: 'Georgia',serif; border: none windowtext 1.0pt; mso-border-alt: none windowtext 0cm; padding: 0cm;\">www.desdeabajo.com.mx<\/span><\/b><\/a><b><\/b><\/p>\n<p class=\"MsoNormal\" style=\"text-align: justify; line-height: normal; background-image: initial; background-position: initial; background-size: initial; background-repeat: initial; background-attachment: initial; background-origin: initial; background-clip: initial;\"><b><span style=\"font-family: 'Georgia',serif; mso-fareast-font-family: 'Times New Roman'; mso-bidi-font-family: 'Times New Roman'; color: #323232; border: none windowtext 1.0pt; mso-border-alt: none windowtext 0cm; padding: 0cm; mso-fareast-language: ES-MX;\">S\u00edguenos tambi\u00e9n en Twitter:<\/span><\/b> <b><span style=\"font-family: Georgia, serif; background-image: initial; background-position: initial; background-size: initial; background-repeat: initial; background-attachment: initial; background-origin: initial; background-clip: initial;\">@Yae31099C<\/span><\/b><b> <\/b><b><span style=\"font-family: 'Georgia',serif; mso-fareast-font-family: 'Times New Roman'; mso-bidi-font-family: 'Times New Roman'; color: #323232; border: none windowtext 1.0pt; mso-border-alt: none windowtext 0cm; padding: 0cm; mso-fareast-language: ES-MX;\">en Facebook: DesdeabajoAca:<\/span><\/b><b><span style=\"font-family: Georgia, serif; border: 1pt none windowtext; padding: 0cm;\">https:\/\/www.facebook.com\/profile.php?id=1000636239783<\/span><\/b><b><\/b><\/p>\n","protected":false},"excerpt":{"rendered":"<p>*En representaci\u00f3n de la gobernadora Evelyn Salgado, el Oficial Mayor toma protesta a las y los integrantes del Consejo Directivo 2026 de la asociaci\u00f3n civil \u00a0 \u00a0 Redacci\u00f3n\u2026 21\/01\/2026 Acapulco, Gro. \u00a0 \u00a0 En representaci\u00f3n de la gobernadora Evelyn Salgado Pineda, el Oficial Mayor de la Secretar\u00eda de Finanzas y&#8230;<\/p>\n","protected":false},"author":1,"featured_media":48776,"comment_status":"closed","ping_status":"open","sticky":false,"template":"","format":"standard","meta":{"inline_featured_image":false,"advgb_blocks_editor_width":"","advgb_blocks_columns_visual_guide":"","footnotes":""},"categories":[89],"tags":[41],"class_list":["post-48775","post","type-post","status-publish","format-standard","has-post-thumbnail","hentry","category-grupos-sociales","tag-destacadas","penci-post-item"],"aioseo_notices":[],"author_meta":{"display_name":"admin8","author_link":"http:\/\/desdeabajo.com.mx\/?author=1"},"featured_img":"http:\/\/desdeabajo.com.mx\/wp-content\/uploads\/2026\/01\/salinas-grupoaca-300x169.jpg","coauthors":[],"tax_additional":{"categories":{"linked":["<a href=\"http:\/\/desdeabajo.com.mx\/?cat=89\" class=\"advgb-post-tax-term\">Grupos Sociales<\/a>"],"unlinked":["<span class=\"advgb-post-tax-term\">Grupos Sociales<\/span>"]},"tags":{"linked":["<a href=\"http:\/\/desdeabajo.com.mx\/?cat=89\" class=\"advgb-post-tax-term\">destacadas<\/a>"],"unlinked":["<span class=\"advgb-post-tax-term\">destacadas<\/span>"]}},"comment_count":"0","relative_dates":{"created":"Publicado 3 meses hace","modified":"Actualizado 3 meses hace"},"absolute_dates":{"created":"Publicado el 21 de enero de 2026","modified":"Actualizado el 21 de enero de 2026"},"absolute_dates_time":{"created":"Publicado el 21 de enero de 2026 23:12","modified":"Actualizado el 21 de enero de 2026 23:13"},"featured_img_caption":"","series_order":"","_links":{"self":[{"href":"http:\/\/desdeabajo.com.mx\/index.php?rest_route=\/wp\/v2\/posts\/48775","targetHints":{"allow":["GET"]}}],"collection":[{"href":"http:\/\/desdeabajo.com.mx\/index.php?rest_route=\/wp\/v2\/posts"}],"about":[{"href":"http:\/\/desdeabajo.com.mx\/index.php?rest_route=\/wp\/v2\/types\/post"}],"author":[{"embeddable":true,"href":"http:\/\/desdeabajo.com.mx\/index.php?rest_route=\/wp\/v2\/users\/1"}],"replies":[{"embeddable":true,"href":"http:\/\/desdeabajo.com.mx\/index.php?rest_route=%2Fwp%2Fv2%2Fcomments&post=48775"}],"version-history":[{"count":1,"href":"http:\/\/desdeabajo.com.mx\/index.php?rest_route=\/wp\/v2\/posts\/48775\/revisions"}],"predecessor-version":[{"id":48777,"href":"http:\/\/desdeabajo.com.mx\/index.php?rest_route=\/wp\/v2\/posts\/48775\/revisions\/48777"}],"wp:featuredmedia":[{"embeddable":true,"href":"http:\/\/desdeabajo.com.mx\/index.php?rest_route=\/wp\/v2\/media\/48776"}],"wp:attachment":[{"href":"http:\/\/desdeabajo.com.mx\/index.php?rest_route=%2Fwp%2Fv2%2Fmedia&parent=48775"}],"wp:term":[{"taxonomy":"category","embeddable":true,"href":"http:\/\/desdeabajo.com.mx\/index.php?rest_route=%2Fwp%2Fv2%2Fcategories&post=48775"},{"taxonomy":"post_tag","embeddable":true,"href":"http:\/\/desdeabajo.com.mx\/index.php?rest_route=%2Fwp%2Fv2%2Ftags&post=48775"}],"curies":[{"name":"wp","href":"https:\/\/api.w.org\/{rel}","templated":true}]}}