{"id":43461,"date":"2025-07-17T22:27:30","date_gmt":"2025-07-18T03:27:30","guid":{"rendered":"https:\/\/desdeabajo.com.mx\/?p=43461"},"modified":"2025-07-17T22:27:37","modified_gmt":"2025-07-18T03:27:37","slug":"aplicacion-de-la-ley-sera-clave-para-mejorar-la-movilidad-en-ciudad-de-mexico-royfid-torres","status":"publish","type":"post","link":"https:\/\/desdeabajo.com.mx\/?p=43461","title":{"rendered":"Aplicaci\u00f3n de la Ley ser\u00e1 clave para mejorar la Movilidad en Ciudad de M\u00e9xico: Royfid Torres"},"content":{"rendered":"\n<p>Ciudad de M\u00e9xico<\/p>\n\n\n\n<p>17\/07\/2025<\/p>\n\n\n\n<p><br>Aunque tengamos la mejor ley si no aplicamos las disposiciones existentes , no solucionar\u00e1 los problemas de las y los ciudadanos en materia de movilidad, dijo el coordinador de la Bancada Naranja, Royfid Torres Gonz\u00e1lez, en el Foro Movilidad y Justicia C\u00edvica, como parte de los encuentros ciudadanos en la materia realizado en la alcald\u00eda Benito Ju\u00e1rez.<br><br>La cita, impulsada por la Comisi\u00f3n de Movilidad del Congreso de la Ciudad de M\u00e9xico, tuvo como objetivo escuchar a las y los vecinos de las distintas colonias de la demarcaci\u00f3n juarense, pero tambi\u00e9n de Iztacalco y otras que llegaron a la cita, para sostener un di\u00e1logo con legisladores, activistas, funcionarios y especialistas.<br><br>Ciclov\u00edas, mejoramiento de banquetas, puentes peatonales, ordenamiento de transporte concesionado, acercamiento vecinal con las autoridades y acompa\u00f1amiento, as\u00ed como dudas sobre la construcci\u00f3n del segundo piso elevado sobre calzada de Tlalpan, fueron las principales demandas y opiniones vertidas.<br><br>Durante su participaci\u00f3n, el coordinador de la Bancada Naranja, Royfid Torres Gonz\u00e1lez, destac\u00f3 que la homologaci\u00f3n de la Ley de Movilidad de la ciudad de M\u00e9xico es necesaria para comenzar a cimentar los principios de una mejor seguridad y movilidad para todos los sectores, pero sin la aplicaci\u00f3n de la ley, no servir\u00e1 de nada.<br><br>\u00abNosotros hemos impulsado desde hace cuatro a\u00f1os esta necesidad, pero a\u00fan teniendo la mejor ley si no garantizamos su operaci\u00f3n eficiente o aplicaci\u00f3n, no funcionar\u00e1 y los problemas seguir\u00e1n siendo los mismos. Muchas de las quejas y observaciones aqu\u00ed mencionadas existen en nuestra ley, como los franeleros o estacionar autos en la banqueta; sin embargo no son aplicables las sanciones\u00bb, dijo.<br><br>Estableci\u00f3 que el incremento en los incidentes viales en los \u00faltimos cuatro a\u00f1os por la puesta en marcha de las fotoc\u00edvicas y la reducci\u00f3n o respeto a los l\u00edmites de velocidad son los principales motivos para homologar la legislaci\u00f3n existente en la capital a la Ley General de Movilidad y Seguridad Vial, con la que tenemos casi 3 a\u00f1os de retraso.<br><br>Aspectos como la Protecci\u00f3n Civil y una mejor coordinaci\u00f3n entre gobierno de la alcald\u00eda y el de la ciudad, tambi\u00e9n fueron parte de los temas expuestos en las poco m\u00e1s de dos horas de duraci\u00f3n del foro.<br><br>En la mesa del pres\u00eddium estuvo presente el urbanista Roberto Remes, quien sostuvo que la homologaci\u00f3n debe tener s\u00f3lo art\u00edculos que s\u00ed sean aplicables, ya que actualmente hay una serie de sanciones administrativas que no resuelven los problemas de movilidad de fondo, como los franeleros o los operadores de taxis y transporte p\u00fablico que son detenidos por orinar en v\u00eda p\u00fablica, cuando su trabajo es de 8 horas o m\u00e1s al volante y no se observa la causa.<br><br>Por su parte, el presidente de la Comisi\u00f3n de Movilidad del Congreso local, Miguel \u00c1ngel Macedo Escart\u00edn, indic\u00f3 que el derecho a la movilidad, con seguridad, eficiencia y dignidad \u201cno es privilegio, sino un derecho humano<\/p>\n\n\n\n<p>fundamental\u00bb, por lo que debe garantizarse en todo momento.<br><br>Al Foro Movilidad y Justicia C\u00edvica tambi\u00e9n acudieron los legisladores Brenda Ruiz y Federico Ch\u00e1vez; el subdirector de Enlace Legislativo y Gesti\u00f3n de Proyectos Gubernamentales de SEMOVI, Juan Reyes; la representante de la Consejer\u00eda Jur\u00eddica y de Servicios Legales de la Ciudad de M\u00e9xico, Alejandra Negrete y del Colectivo de Motociclistas de la Ciudad de M\u00e9xico, Ana Silva.<\/p>\n\n\n\n<p><a href=\"mailto:abelardo_zarate@hotmail.com\">serieys@hotmail.com<\/a><\/p>\n","protected":false},"excerpt":{"rendered":"<p>Ciudad de M\u00e9xico 17\/07\/2025 Aunque tengamos la mejor ley si no aplicamos las disposiciones existentes , no solucionar\u00e1 los problemas de las y los ciudadanos en materia de movilidad, dijo el coordinador de la Bancada Naranja, Royfid Torres Gonz\u00e1lez, en el Foro Movilidad y Justicia C\u00edvica, como parte de los&#8230;<\/p>\n","protected":false},"author":1,"featured_media":43462,"comment_status":"closed","ping_status":"open","sticky":false,"template":"","format":"standard","meta":{"inline_featured_image":false,"advgb_blocks_editor_width":"","advgb_blocks_columns_visual_guide":"","footnotes":""},"categories":[32,82,92],"tags":[],"class_list":["post-43461","post","type-post","status-publish","format-standard","has-post-thumbnail","hentry","category-ciudad-de-mexico","category-congresos","category-movilidad","penci-post-item"],"aioseo_notices":[],"author_meta":{"display_name":"admin8","author_link":"https:\/\/desdeabajo.com.mx\/?author=1"},"featured_img":"https:\/\/desdeabajo.com.mx\/wp-content\/uploads\/2025\/07\/gpmcccm-movilidad1707.jpg","coauthors":[],"tax_additional":{"categories":{"linked":["<a href=\"https:\/\/desdeabajo.com.mx\/?cat=32\" class=\"advgb-post-tax-term\">Ciudad de M\u00e9xico<\/a>","<a href=\"https:\/\/desdeabajo.com.mx\/?cat=82\" class=\"advgb-post-tax-term\">Congresos<\/a>","<a href=\"https:\/\/desdeabajo.com.mx\/?cat=92\" class=\"advgb-post-tax-term\">Movilidad<\/a>"],"unlinked":["<span class=\"advgb-post-tax-term\">Ciudad de M\u00e9xico<\/span>","<span class=\"advgb-post-tax-term\">Congresos<\/span>","<span class=\"advgb-post-tax-term\">Movilidad<\/span>"]}},"comment_count":"0","relative_dates":{"created":"Publicado 10 meses hace","modified":"Actualizado 10 meses hace"},"absolute_dates":{"created":"Publicado el 17 de julio de 2025","modified":"Actualizado el 17 de julio de 2025"},"absolute_dates_time":{"created":"Publicado el 17 de julio de 2025 22:27","modified":"Actualizado el 17 de julio de 2025 22:27"},"featured_img_caption":"","series_order":"","_links":{"self":[{"href":"https:\/\/desdeabajo.com.mx\/index.php?rest_route=\/wp\/v2\/posts\/43461","targetHints":{"allow":["GET"]}}],"collection":[{"href":"https:\/\/desdeabajo.com.mx\/index.php?rest_route=\/wp\/v2\/posts"}],"about":[{"href":"https:\/\/desdeabajo.com.mx\/index.php?rest_route=\/wp\/v2\/types\/post"}],"author":[{"embeddable":true,"href":"https:\/\/desdeabajo.com.mx\/index.php?rest_route=\/wp\/v2\/users\/1"}],"replies":[{"embeddable":true,"href":"https:\/\/desdeabajo.com.mx\/index.php?rest_route=%2Fwp%2Fv2%2Fcomments&post=43461"}],"version-history":[{"count":1,"href":"https:\/\/desdeabajo.com.mx\/index.php?rest_route=\/wp\/v2\/posts\/43461\/revisions"}],"predecessor-version":[{"id":43463,"href":"https:\/\/desdeabajo.com.mx\/index.php?rest_route=\/wp\/v2\/posts\/43461\/revisions\/43463"}],"wp:featuredmedia":[{"embeddable":true,"href":"https:\/\/desdeabajo.com.mx\/index.php?rest_route=\/wp\/v2\/media\/43462"}],"wp:attachment":[{"href":"https:\/\/desdeabajo.com.mx\/index.php?rest_route=%2Fwp%2Fv2%2Fmedia&parent=43461"}],"wp:term":[{"taxonomy":"category","embeddable":true,"href":"https:\/\/desdeabajo.com.mx\/index.php?rest_route=%2Fwp%2Fv2%2Fcategories&post=43461"},{"taxonomy":"post_tag","embeddable":true,"href":"https:\/\/desdeabajo.com.mx\/index.php?rest_route=%2Fwp%2Fv2%2Ftags&post=43461"}],"curies":[{"name":"wp","href":"https:\/\/api.w.org\/{rel}","templated":true}]}}