{"id":44840,"date":"2025-09-03T00:24:29","date_gmt":"2025-09-03T05:24:29","guid":{"rendered":"https:\/\/desdeabajo.com.mx\/?p=44840"},"modified":"2025-09-03T00:25:06","modified_gmt":"2025-09-03T05:25:06","slug":"asesinan-a-subsecretario-de-bienestar-de-guerrero-hossein-nabor","status":"publish","type":"post","link":"https:\/\/desdeabajo.com.mx\/?p=44840","title":{"rendered":"Asesinan a subsecretario de Bienestar de Guerrero, Hossein\u00a0Nabor"},"content":{"rendered":"\n<p><strong>&nbsp;<\/strong><strong>La FGE de Guerrero investiga el asesinato de Hossein Nabor, subsecretario del Bienestar, quien fue ultimado cuando viajaba en la carretera Chilpancingo-Tixtla<\/strong><\/p>\n\n\n\n<p><strong>&nbsp;<\/strong><\/p>\n\n\n\n<p><strong>&nbsp;<\/strong><\/p>\n\n\n\n<p><strong><em>Redacci\u00f3n\u2026<\/em><\/strong><\/p>\n\n\n\n<p><strong><em>02\/09\/2025<\/em><\/strong><\/p>\n\n\n\n<p><strong><em>Acapulco, Gro.<\/em><\/strong><\/p>\n\n\n\n<p><strong><em>&nbsp;<\/em><\/strong><\/p>\n\n\n\n<p><strong><em>&nbsp;<\/em><\/strong><\/p>\n\n\n\n<p>La Fiscal\u00eda General del Estado (FGE) de Guerrero confirm\u00f3 el&nbsp;<a href=\"https:\/\/www.elfinanciero.com.mx\/estados\/2025\/06\/22\/asesinan-a-antonio-de-los-santos-ex-regidor-de-tixtla-guerrero-al-llegar-a-su-domicilio\/\">homicidio del subsecretario de Pol\u00edtica Social de la Secretar\u00eda del Bienestar del gobierno estatal, Hossein Nabor Guill\u00e9n<\/a>, quien tambi\u00e9n fue presidente municipal de&nbsp;<a href=\"https:\/\/www.elfinanciero.com.mx\/estados\/2024\/06\/08\/asesinan-a-esmeralda-garzon-regidora-de-tixtla-guerrero\/\">Tixtla, Guerrero<\/a>&nbsp;por el PRD en el periodo 2015-2018.<\/p>\n\n\n\n<p>El funcionario de la administraci\u00f3n estatal de Evelyn Salgado Pineda fue&nbsp;atacado a balazos en la carretera federal Chilpancingo-Tixtla.<\/p>\n\n\n\n<p>El crimen fue reportado cerca de las 18:45 horas.<\/p>\n\n\n\n<figure class=\"wp-block-image size-full\"><img fetchpriority=\"high\" decoding=\"async\" width=\"1024\" height=\"576\" src=\"http:\/\/desdeabajo.com.mx\/wp-content\/uploads\/2025\/09\/hossein.jpg\" alt=\"\" class=\"wp-image-44843\" srcset=\"https:\/\/desdeabajo.com.mx\/wp-content\/uploads\/2025\/09\/hossein.jpg 1024w, https:\/\/desdeabajo.com.mx\/wp-content\/uploads\/2025\/09\/hossein-300x169.jpg 300w, https:\/\/desdeabajo.com.mx\/wp-content\/uploads\/2025\/09\/hossein-768x432.jpg 768w, https:\/\/desdeabajo.com.mx\/wp-content\/uploads\/2025\/09\/hossein-18x10.jpg 18w\" sizes=\"(max-width: 1024px) 100vw, 1024px\" \/><\/figure>\n\n\n\n<p>Los primeros reportes indican que el tambi\u00e9n exalcalde de Tixtla fue agredido a tiros mientras circulaba sobre la carretera Chilpancingo-Tixtla cerca de un lote de venta de autos y una pozoler\u00eda.<\/p>\n\n\n\n<p>Nabor Guill\u00e9n fue alcalde por el Partido de la Revoluci\u00f3n Democr\u00e1tica (PRD), al que perteneci\u00f3 desde joven, y posteriormente emigr\u00f3 a Morena, donde fue parte del grupo pol\u00edtico del senador F\u00e9lix Salgado&nbsp;Macedonio.<\/p>\n\n\n\n<p>La zona fue acordonada por polic\u00edas estatales en espera de las autoridades de la fiscal\u00eda<\/p>\n\n\n\n<p>&nbsp;<\/p>\n\n\n\n<p><strong>Denuncia en <em>desdeabajo<\/em> Noticias! <\/strong><\/p>\n\n\n\n<p><strong><br><\/strong><strong>\u00bfConoces o tienes&nbsp;fotos y videos&nbsp;de alg\u00fan acto de posible negligencia, corrupci\u00f3n y abuso de autoridad? M\u00e1ndalo al&nbsp;WhatsApp:&nbsp; de desdeabajoNoticias: 7443262471.&nbsp;\u00a1Comp\u00e1rtelo! Nosotros le damos seguimiento.<\/strong><\/p>\n\n\n\n<p><a href=\"http:\/\/www.desdeabajo.com.mx\"><strong>www.desdeabajo.com.mx<\/strong><\/a><\/p>\n\n\n\n<p><strong>S\u00edguenos tambi\u00e9n en Twitter:<\/strong> <strong>@Yae31099C<\/strong> <strong>en Facebook: DesdeabajoAca:<\/strong><strong>https:\/\/www.facebook.com\/profile.php?id=1000636239783<\/strong><\/p>\n\n\n\n<p><\/p>\n","protected":false},"excerpt":{"rendered":"<p>&nbsp;La FGE de Guerrero investiga el asesinato de Hossein Nabor, subsecretario del Bienestar, quien fue ultimado cuando viajaba en la carretera Chilpancingo-Tixtla &nbsp; &nbsp; Redacci\u00f3n\u2026 02\/09\/2025 Acapulco, Gro. &nbsp; &nbsp; La Fiscal\u00eda General del Estado (FGE) de Guerrero confirm\u00f3 el&nbsp;homicidio del subsecretario de Pol\u00edtica Social de la Secretar\u00eda del Bienestar&#8230;<\/p>\n","protected":false},"author":1,"featured_media":44842,"comment_status":"closed","ping_status":"open","sticky":false,"template":"","format":"standard","meta":{"inline_featured_image":false,"advgb_blocks_editor_width":"","advgb_blocks_columns_visual_guide":"","footnotes":""},"categories":[38],"tags":[41],"class_list":["post-44840","post","type-post","status-publish","format-standard","has-post-thumbnail","hentry","category-rojas","tag-destacadas","penci-post-item"],"aioseo_notices":[],"author_meta":{"display_name":"admin8","author_link":"https:\/\/desdeabajo.com.mx\/?author=1"},"featured_img":"https:\/\/desdeabajo.com.mx\/wp-content\/uploads\/2025\/09\/sub-asesinado-300x169.jpg","coauthors":[],"tax_additional":{"categories":{"linked":["<a href=\"https:\/\/desdeabajo.com.mx\/?cat=38\" class=\"advgb-post-tax-term\">Roja&#039;s<\/a>"],"unlinked":["<span class=\"advgb-post-tax-term\">Roja&#039;s<\/span>"]},"tags":{"linked":["<a href=\"https:\/\/desdeabajo.com.mx\/?cat=38\" class=\"advgb-post-tax-term\">destacadas<\/a>"],"unlinked":["<span class=\"advgb-post-tax-term\">destacadas<\/span>"]}},"comment_count":"0","relative_dates":{"created":"Publicado 8 meses hace","modified":"Actualizado 8 meses hace"},"absolute_dates":{"created":"Publicado el 3 de septiembre de 2025","modified":"Actualizado el 3 de septiembre de 2025"},"absolute_dates_time":{"created":"Publicado el 3 de septiembre de 2025 00:24","modified":"Actualizado el 3 de septiembre de 2025 00:25"},"featured_img_caption":"","series_order":"","_links":{"self":[{"href":"https:\/\/desdeabajo.com.mx\/index.php?rest_route=\/wp\/v2\/posts\/44840","targetHints":{"allow":["GET"]}}],"collection":[{"href":"https:\/\/desdeabajo.com.mx\/index.php?rest_route=\/wp\/v2\/posts"}],"about":[{"href":"https:\/\/desdeabajo.com.mx\/index.php?rest_route=\/wp\/v2\/types\/post"}],"author":[{"embeddable":true,"href":"https:\/\/desdeabajo.com.mx\/index.php?rest_route=\/wp\/v2\/users\/1"}],"replies":[{"embeddable":true,"href":"https:\/\/desdeabajo.com.mx\/index.php?rest_route=%2Fwp%2Fv2%2Fcomments&post=44840"}],"version-history":[{"count":1,"href":"https:\/\/desdeabajo.com.mx\/index.php?rest_route=\/wp\/v2\/posts\/44840\/revisions"}],"predecessor-version":[{"id":44844,"href":"https:\/\/desdeabajo.com.mx\/index.php?rest_route=\/wp\/v2\/posts\/44840\/revisions\/44844"}],"wp:featuredmedia":[{"embeddable":true,"href":"https:\/\/desdeabajo.com.mx\/index.php?rest_route=\/wp\/v2\/media\/44842"}],"wp:attachment":[{"href":"https:\/\/desdeabajo.com.mx\/index.php?rest_route=%2Fwp%2Fv2%2Fmedia&parent=44840"}],"wp:term":[{"taxonomy":"category","embeddable":true,"href":"https:\/\/desdeabajo.com.mx\/index.php?rest_route=%2Fwp%2Fv2%2Fcategories&post=44840"},{"taxonomy":"post_tag","embeddable":true,"href":"https:\/\/desdeabajo.com.mx\/index.php?rest_route=%2Fwp%2Fv2%2Ftags&post=44840"}],"curies":[{"name":"wp","href":"https:\/\/api.w.org\/{rel}","templated":true}]}}