{"id":45850,"date":"2025-10-02T00:36:28","date_gmt":"2025-10-02T05:36:28","guid":{"rendered":"https:\/\/desdeabajo.com.mx\/?p=45850"},"modified":"2025-10-02T00:39:49","modified_gmt":"2025-10-02T05:39:49","slug":"positivo-el-primer-ano-de-gobierno","status":"publish","type":"post","link":"https:\/\/desdeabajo.com.mx\/?p=45850","title":{"rendered":"Positivo el primer a\u00f1o de gobierno"},"content":{"rendered":"<p class=\"MsoNormal\" style=\"margin-bottom: 0cm; text-align: justify; line-height: normal; background-image: initial; background-position: initial; background-size: initial; background-repeat: initial; background-attachment: initial; background-origin: initial; background-clip: initial;\"><b><span style=\"font-size: 14.0pt; font-family: 'Georgia',serif; mso-fareast-font-family: 'Times New Roman'; mso-bidi-font-family: 'Times New Roman'; color: #26282a; mso-fareast-language: ES-MX;\">Diario Ejecutivo<\/span><\/b><\/p>\n<p class=\"MsoNormal\" style=\"margin-bottom: 0cm; text-align: justify; line-height: normal; background-image: initial; background-position: initial; background-size: initial; background-repeat: initial; background-attachment: initial; background-origin: initial; background-clip: initial;\"><b><span style=\"font-size: 14.0pt; font-family: 'Georgia',serif; mso-fareast-font-family: 'Times New Roman'; mso-bidi-font-family: 'Times New Roman'; color: #26282a; mso-fareast-language: ES-MX;\">Positivo el primer a\u00f1o de gobierno<\/span><\/b><\/p>\n<p class=\"MsoNormal\" style=\"margin-bottom: 0cm; text-align: justify; line-height: normal; background-image: initial; background-position: initial; background-size: initial; background-repeat: initial; background-attachment: initial; background-origin: initial; background-clip: initial;\"><b><span style=\"font-size: 14.0pt; font-family: 'Georgia',serif; mso-fareast-font-family: 'Times New Roman'; mso-bidi-font-family: 'Times New Roman'; color: #26282a; mso-fareast-language: ES-MX;\">Tuvo que enfrentar el infierno de Trump<\/span><\/b><\/p>\n<p class=\"MsoNormal\" style=\"margin-bottom: 0cm; text-align: justify; line-height: normal; background-image: initial; background-position: initial; background-size: initial; background-repeat: initial; background-attachment: initial; background-origin: initial; background-clip: initial;\"><b><span style=\"font-size: 14.0pt; font-family: 'Georgia',serif; mso-fareast-font-family: 'Times New Roman'; mso-bidi-font-family: 'Times New Roman'; color: #26282a; mso-fareast-language: ES-MX;\">Elektra, Fondos, MTU, Maquiladoras, T-MEC<\/span><\/b><\/p>\n<p class=\"MsoNormal\" style=\"margin-bottom: 0cm; text-align: justify; line-height: normal; background-image: initial; background-position: initial; background-size: initial; background-repeat: initial; background-attachment: initial; background-origin: initial; background-clip: initial;\"><b><span style=\"font-size: 14.0pt; font-family: 'Georgia',serif; mso-fareast-font-family: 'Times New Roman'; mso-bidi-font-family: 'Times New Roman'; color: #26282a; mso-fareast-language: ES-MX;\">Roberto Fuentes Vivar<\/span><\/b><\/p>\n<p class=\"MsoNormal\" style=\"text-align: justify; line-height: normal; background-image: initial; background-position: initial; background-size: initial; background-repeat: initial; background-attachment: initial; background-origin: initial; background-clip: initial;\"><span style=\"font-size: 12.0pt; font-family: 'Georgia',serif; mso-fareast-font-family: 'Times New Roman'; mso-bidi-font-family: 'Times New Roman'; color: #26282a; mso-fareast-language: ES-MX;\">\u00a0<\/span><\/p>\n<p class=\"MsoNormal\" style=\"text-align: justify; line-height: normal; background-image: initial; background-position: initial; background-size: initial; background-repeat: initial; background-attachment: initial; background-origin: initial; background-clip: initial;\"><span style=\"font-size: 12.0pt; font-family: 'Georgia',serif; mso-fareast-font-family: 'Times New Roman'; mso-bidi-font-family: 'Times New Roman'; color: #26282a; mso-fareast-language: ES-MX;\">La presidenta Claudia Shenibaum cumpli\u00f3 este martes su primer a\u00f1o de gobierno. El balance, desde luego, corresponde a cada mexicano, pero la mayor\u00eda (de acuerdo con las encuestas) le sigue manifestando su apoyo.<\/span><\/p>\n<p class=\"MsoNormal\" style=\"text-align: justify; line-height: normal; background-image: initial; background-position: initial; background-size: initial; background-repeat: initial; background-attachment: initial; background-origin: initial; background-clip: initial;\"><span style=\"font-size: 12.0pt; font-family: 'Georgia',serif; mso-fareast-font-family: 'Times New Roman'; mso-bidi-font-family: 'Times New Roman'; color: #26282a; mso-fareast-language: ES-MX;\">En lo personal considero que en lo econ\u00f3mico, ha logrado librar todos los obst\u00e1culos impuestos por el infierno de todos tan temido del mandatario estadounidense, Donald Trump, que ha creado a nivel global la mayor incertidumbre de por lo\u00a0\u00a0menos cinco d\u00e9cadas, con un crack burs\u00e1til de por medio y un aumento espectacular del \u00edndice del miedo (el \u00edndice Vix lleg\u00f3 a 53 puntos en abril, el nivel m\u00e1s alto de su historia).<\/span><\/p>\n<p class=\"MsoNormal\" style=\"text-align: justify; line-height: normal; background-image: initial; background-position: initial; background-size: initial; background-repeat: initial; background-attachment: initial; background-origin: initial; background-clip: initial;\"><span style=\"font-size: 12.0pt; font-family: 'Georgia',serif; mso-fareast-font-family: 'Times New Roman'; mso-bidi-font-family: 'Times New Roman'; color: #26282a; mso-fareast-language: ES-MX;\">Sin embargo, la econom\u00eda mexicana se ha mantenido estable con una lista sumaria de cinco logros:<\/span><\/p>\n<p class=\"MsoNormal\" style=\"text-align: justify; line-height: normal; background-image: initial; background-position: initial; background-size: initial; background-repeat: initial; background-attachment: initial; background-origin: initial; background-clip: initial;\"><span style=\"font-size: 12.0pt; font-family: 'Georgia',serif; mso-fareast-font-family: 'Times New Roman'; mso-bidi-font-family: 'Times New Roman'; color: #26282a; mso-fareast-language: ES-MX;\">-Inversi\u00f3n extranjera directa en niveles r\u00e9cord.<\/span><\/p>\n<p class=\"MsoNormal\" style=\"text-align: justify; line-height: normal; background-image: initial; background-position: initial; background-size: initial; background-repeat: initial; background-attachment: initial; background-origin: initial; background-clip: initial;\"><span style=\"font-size: 12.0pt; font-family: 'Georgia',serif; mso-fareast-font-family: 'Times New Roman'; mso-bidi-font-family: 'Times New Roman'; color: #26282a; mso-fareast-language: ES-MX;\">-Desempleo en sus niveles m\u00e1s bajos de la historia, a pesar del repunte de agosto.<\/span><\/p>\n<p class=\"MsoNormal\" style=\"text-align: justify; line-height: normal; background-image: initial; background-position: initial; background-size: initial; background-repeat: initial; background-attachment: initial; background-origin: initial; background-clip: initial;\"><span style=\"font-size: 12.0pt; font-family: 'Georgia',serif; mso-fareast-font-family: 'Times New Roman'; mso-bidi-font-family: 'Times New Roman'; color: #26282a; mso-fareast-language: ES-MX;\">-Las reservas internacionales se han mantenido hist\u00f3ricamente altas con un crecimiento de casi 18 mil millones de d\u00f3lares en lo que va del a\u00f1o.<\/span><\/p>\n<p class=\"MsoNormal\" style=\"text-align: justify; line-height: normal; background-image: initial; background-position: initial; background-size: initial; background-repeat: initial; background-attachment: initial; background-origin: initial; background-clip: initial;\"><span style=\"font-size: 12.0pt; font-family: 'Georgia',serif; mso-fareast-font-family: 'Times New Roman'; mso-bidi-font-family: 'Times New Roman'; color: #26282a; mso-fareast-language: ES-MX;\">-La econom\u00eda va a crecer bastante m\u00e1s de lo que esperaban los analistas que incluso pronosticaron una recesi\u00f3n.<\/span><\/p>\n<p class=\"MsoNormal\" style=\"text-align: justify; line-height: normal; background-image: initial; background-position: initial; background-size: initial; background-repeat: initial; background-attachment: initial; background-origin: initial; background-clip: initial;\"><span style=\"font-size: 12.0pt; font-family: 'Georgia',serif; mso-fareast-font-family: 'Times New Roman'; mso-bidi-font-family: 'Times New Roman'; color: #26282a; mso-fareast-language: ES-MX;\">-El peso se ha mantenido estable, a pesar de las voces que auguraban una devaluaci\u00f3n por la aprobaci\u00f3n de las reformas al Poder Judicial.<\/span><\/p>\n<p class=\"MsoNormal\" style=\"text-align: justify; line-height: normal; background-image: initial; background-position: initial; background-size: initial; background-repeat: initial; background-attachment: initial; background-origin: initial; background-clip: initial;\"><span style=\"font-size: 12.0pt; font-family: 'Georgia',serif; mso-fareast-font-family: 'Times New Roman'; mso-bidi-font-family: 'Times New Roman'; color: #26282a; mso-fareast-language: ES-MX;\">Tan solo vale la pena mencionar algunas noticias de este martes:<\/span><\/p>\n<p class=\"MsoNormal\" style=\"text-align: justify; line-height: normal; background-image: initial; background-position: initial; background-size: initial; background-repeat: initial; background-attachment: initial; background-origin: initial; background-clip: initial;\"><span style=\"font-size: 12.0pt; font-family: 'Georgia',serif; mso-fareast-font-family: 'Times New Roman'; mso-bidi-font-family: 'Times New Roman'; color: #26282a; mso-fareast-language: ES-MX;\">En su \u00faltima sesi\u00f3n de septiembre el peso cerr\u00f3 en 18.31unidades por d\u00f3lar, con una ganancia de\u00a0\u00a0cinco centavos contra 18.36 del lunes, de acuerdo con las cotizaciones del Banco de M\u00e9xico. Con este avance, la moneda nacional obtuvo una ganancia mensual 35 centavos, equivalentes a 1.86 por ciento. En lo que va del a\u00f1o, el peso ha ganado 14.1 por ciento, convirti\u00e9ndose en la moneda latinoamericana con mayor avance por encima del real brasile\u00f1o, el peso chileno y el peso colombiano.<\/span><\/p>\n<p class=\"MsoNormal\" style=\"text-align: justify; line-height: normal; background-image: initial; background-position: initial; background-size: initial; background-repeat: initial; background-attachment: initial; background-origin: initial; background-clip: initial;\"><span style=\"font-size: 12.0pt; font-family: 'Georgia',serif; mso-fareast-font-family: 'Times New Roman'; mso-bidi-font-family: 'Times New Roman'; color: #26282a; mso-fareast-language: ES-MX;\">Por su parte la Bolsa Mexicana de Valores (BMV), que agrupa a las acciones locales m\u00e1s negociadas, gan\u00f3 este martes 0.49 por ciento, con lo que ubic\u00f3 en nuevo m\u00e1ximo hist\u00f3rico.\u00a0\u00a0En septiembre el mercado burs\u00e1til mexicano gan\u00f3 7.17 por ciento, para alcanzar un crecimiento de 27.07 en lo que va del a\u00f1o.<\/span><\/p>\n<p class=\"MsoNormal\" style=\"text-align: justify; line-height: normal; background-image: initial; background-position: initial; background-size: initial; background-repeat: initial; background-attachment: initial; background-origin: initial; background-clip: initial;\"><span style=\"font-size: 12.0pt; font-family: 'Georgia',serif; mso-fareast-font-family: 'Times New Roman'; mso-bidi-font-family: 'Times New Roman'; color: #26282a; mso-fareast-language: ES-MX;\">Otra informaci\u00f3n de este martes es la Secretar\u00eda de Hacienda y Cr\u00e9dito Publico inform\u00f3 que entre enero y agosto, los ingresos del gobierno federal aumentaron 8.4 por ciento real anual, con lo que se acumularon cinco a\u00f1os consecutivos de crecimiento,\u00a0\u00a0para alcanzar un nuevo m\u00e1ximo hist\u00f3rico.<\/span><\/p>\n<p class=\"MsoNormal\" style=\"text-align: justify; line-height: normal; background-image: initial; background-position: initial; background-size: initial; background-repeat: initial; background-attachment: initial; background-origin: initial; background-clip: initial;\"><span style=\"font-size: 12.0pt; font-family: 'Georgia',serif; mso-fareast-font-family: 'Times New Roman'; mso-bidi-font-family: 'Times New Roman'; color: #26282a; mso-fareast-language: ES-MX;\">En su informe mensual al Poder Legislativo, la dependencia explic\u00f3 que\u00a0\u00a0en los primeros ocho meses del a\u00f1o se super\u00f3 el monto calendarizado en 108 mil millones de pesos, impulsado por una recaudaci\u00f3n tributaria s\u00f3lida, que creci\u00f3 6.5 por ciento real anual, apoyada por mejoras salariales, la resiliencia del consumo y el fortalecimiento de la administraci\u00f3n aduanera.<\/span><\/p>\n<p class=\"MsoNormal\" style=\"text-align: justify; line-height: normal; background-image: initial; background-position: initial; background-size: initial; background-repeat: initial; background-attachment: initial; background-origin: initial; background-clip: initial;\"><span style=\"font-size: 12.0pt; font-family: 'Georgia',serif; mso-fareast-font-family: 'Times New Roman'; mso-bidi-font-family: 'Times New Roman'; color: #26282a; mso-fareast-language: ES-MX;\">Por concepto del Impuesto sobre la Renta (ISR) los ingresos aumentaron 6.9 por ciento real anual y superaron la meta prevista en 60 mil millones de pesos, mientras que por\u00a0\u00a0Impuesto al Valor Agregado (IVA), el incremento fue 6.2 por ciento real anual, lo que signific\u00f3 mayores ingresos con respecto al programa en 46 mil millones de pesos.<\/span><\/p>\n<p class=\"MsoNormal\" style=\"text-align: justify; line-height: normal; background-image: initial; background-position: initial; background-size: initial; background-repeat: initial; background-attachment: initial; background-origin: initial; background-clip: initial;\"><span style=\"font-size: 12.0pt; font-family: 'Georgia',serif; mso-fareast-font-family: 'Times New Roman'; mso-bidi-font-family: 'Times New Roman'; color: #26282a; mso-fareast-language: ES-MX;\">En cuanto a los pasivos, la deuda neta del gobierno federal ascendi\u00f3 a 44.2 por ciento del PIB, de la cual 84.0 por ciento correspondi\u00f3 a deuda interna y 80.2 por ciento fue contratada a tasa fija y con vencimientos de largo plazo.<\/span><\/p>\n<p class=\"MsoNormal\" style=\"text-align: justify; line-height: normal; background-image: initial; background-position: initial; background-size: initial; background-repeat: initial; background-attachment: initial; background-origin: initial; background-clip: initial;\"><span style=\"font-size: 12.0pt; font-family: 'Georgia',serif; mso-fareast-font-family: 'Times New Roman'; mso-bidi-font-family: 'Times New Roman'; color: #26282a; mso-fareast-language: ES-MX;\">Por su parte, el Saldo Hist\u00f3rico de los Requerimientos Financieros del Sector P\u00fablico\u00a0\u00a0se situ\u00f3 en 49.5 por ciento del PIB, menor al 51.3 por ciento al cierre de 2024, mientras que la deuda neta del Sector P\u00fablico Federal fue de 50.2 por ciento del PIB.<\/span><\/p>\n<p class=\"MsoNormal\" style=\"text-align: justify; line-height: normal; background-image: initial; background-position: initial; background-size: initial; background-repeat: initial; background-attachment: initial; background-origin: initial; background-clip: initial;\"><span style=\"font-size: 12.0pt; font-family: 'Georgia',serif; mso-fareast-font-family: 'Times New Roman'; mso-bidi-font-family: 'Times New Roman'; color: #26282a; mso-fareast-language: ES-MX;\">Incluso una tercera noticia del martes es que un estudio del Banco de Pagos Internacionales divulgado por el Banco de M\u00e9xico indica que el peso mexicano se ha convertido en la decimocuarta moneda de mayor operaci\u00f3n en el mundo, con un avance de dos posiciones frente al lugar diecis\u00e9is reportado en 2022-<\/span><\/p>\n<p class=\"MsoNormal\" style=\"text-align: justify; line-height: normal; background-image: initial; background-position: initial; background-size: initial; background-repeat: initial; background-attachment: initial; background-origin: initial; background-clip: initial;\"><span style=\"font-size: 12.0pt; font-family: 'Georgia',serif; mso-fareast-font-family: 'Times New Roman'; mso-bidi-font-family: 'Times New Roman'; color: #26282a; mso-fareast-language: ES-MX;\">La \u201cEncuesta trienal de bancos centrales sobre mercados de divisas y derivados no estandarizados\u201d, indica que a nivel global las operaciones realizadas en pesos mexicanos mantienen un crecimiento de dos d\u00edgitos en tres a\u00f1os.<\/span><\/p>\n<p class=\"MsoNormal\" style=\"text-align: justify; line-height: normal; background-image: initial; background-position: initial; background-size: initial; background-repeat: initial; background-attachment: initial; background-origin: initial; background-clip: initial;\"><span style=\"font-size: 12.0pt; font-family: 'Georgia',serif; mso-fareast-font-family: 'Times New Roman'; mso-bidi-font-family: 'Times New Roman'; color: #26282a; mso-fareast-language: ES-MX;\">En la encuesta destacaron que entre los mercados emergentes, el peso mexicano result\u00f3 la tercera divisa m\u00e1s operada, solo detr\u00e1s del renminbi chino y de la rupia india.<\/span><\/p>\n<p class=\"MsoNormal\" style=\"text-align: justify; line-height: normal; background-image: initial; background-position: initial; background-size: initial; background-repeat: initial; background-attachment: initial; background-origin: initial; background-clip: initial;\"><span style=\"font-size: 12.0pt; font-family: 'Georgia',serif; mso-fareast-font-family: 'Times New Roman'; mso-bidi-font-family: 'Times New Roman'; color: #26282a; mso-fareast-language: ES-MX;\">El volumen de operaci\u00f3n global del peso mexicano aument\u00f3 35 por ciento con respecto a la encuesta realizada en abril de 2022, alcanzando un monto promedio de operaci\u00f3n diario de alrededor de 153 mil millones de d\u00f3lares.<\/span><\/p>\n<p class=\"MsoNormal\" style=\"text-align: justify; line-height: normal; background-image: initial; background-position: initial; background-size: initial; background-repeat: initial; background-attachment: initial; background-origin: initial; background-clip: initial;\"><span style=\"font-size: 12.0pt; font-family: 'Georgia',serif; mso-fareast-font-family: 'Times New Roman'; mso-bidi-font-family: 'Times New Roman'; color: #26282a; mso-fareast-language: ES-MX;\">A nivel local, el volumen de operaci\u00f3n diario del peso mexicano fue de aproximadamente 28 mil millones de d\u00f3lares.<\/span><\/p>\n<p class=\"MsoNormal\" style=\"text-align: justify; line-height: normal; background-image: initial; background-position: initial; background-size: initial; background-repeat: initial; background-attachment: initial; background-origin: initial; background-clip: initial;\"><span style=\"font-size: 12.0pt; font-family: 'Georgia',serif; mso-fareast-font-family: 'Times New Roman'; mso-bidi-font-family: 'Times New Roman'; color: #26282a; mso-fareast-language: ES-MX;\">\u201cLa encuesta de este a\u00f1o muestra que el volumen operado del peso mexicano aument\u00f3 con respecto a la encuesta previa, a un ritmo de crecimiento mayor que el observado en el mercado cambiario a nivel global. Es por ello que el peso mexicano se ubic\u00f3 como la decimocuarta divisa con mayor operaci\u00f3n a nivel global, luego de haber ocupado el lugar diecis\u00e9is en 2022\u201d,\u00a0\u00a0dijo el Banco de M\u00e9xico.<\/span><\/p>\n<p class=\"MsoNormal\" style=\"text-align: justify; line-height: normal; background-image: initial; background-position: initial; background-size: initial; background-repeat: initial; background-attachment: initial; background-origin: initial; background-clip: initial;\"><span style=\"font-size: 12.0pt; font-family: 'Georgia',serif; mso-fareast-font-family: 'Times New Roman'; mso-bidi-font-family: 'Times New Roman'; color: #26282a; mso-fareast-language: ES-MX;\">En lo econ\u00f3mico, la presidenta Claudia Sheinbaum tiene mucho que presumir, pero quiz\u00e1 lo principal es que ha logrado contener las afectaciones de las pol\u00edticas arancelarias de Donald Trump, lo que ha hecho que M\u00e9xico sea uno de los pa\u00edses con menores castigos a sus productos que llegan a Estados Unidos.<\/span><\/p>\n<p class=\"MsoNormal\" style=\"text-align: justify; line-height: normal; background-image: initial; background-position: initial; background-size: initial; background-repeat: initial; background-attachment: initial; background-origin: initial; background-clip: initial;\"><span style=\"font-size: 12.0pt; font-family: 'Georgia',serif; mso-fareast-font-family: 'Times New Roman'; mso-bidi-font-family: 'Times New Roman'; color: #26282a; mso-fareast-language: ES-MX;\">En s\u00edntesis, M\u00e9xico no solo sobrevive sino que tiene muchos datos para presumir ante el mundo.<\/span><\/p>\n<p class=\"MsoNormal\" style=\"text-align: justify; line-height: normal; background-image: initial; background-position: initial; background-size: initial; background-repeat: initial; background-attachment: initial; background-origin: initial; background-clip: initial;\"><span style=\"font-size: 12.0pt; font-family: 'Georgia',serif; mso-fareast-font-family: 'Times New Roman'; mso-bidi-font-family: 'Times New Roman'; color: #26282a; mso-fareast-language: ES-MX;\">Dice el fil\u00f3sofo del metro: Sheinbaum demostr\u00f3 que las mujeres saben gobernar y administrar.<\/span><\/p>\n<p class=\"MsoNormal\" style=\"text-align: justify; line-height: normal; background-image: initial; background-position: initial; background-size: initial; background-repeat: initial; background-attachment: initial; background-origin: initial; background-clip: initial;\"><span style=\"font-size: 12.0pt; font-family: 'Georgia',serif; mso-fareast-font-family: 'Times New Roman'; mso-bidi-font-family: 'Times New Roman'; color: #26282a; mso-fareast-language: ES-MX;\">\u00a0<\/span><\/p>\n<p class=\"MsoNormal\" style=\"text-align: justify; line-height: normal; background-image: initial; background-position: initial; background-size: initial; background-repeat: initial; background-attachment: initial; background-origin: initial; background-clip: initial;\"><b><span style=\"font-size: 12.0pt; font-family: 'Georgia',serif; mso-fareast-font-family: 'Times New Roman'; mso-bidi-font-family: 'Times New Roman'; color: #26282a; mso-fareast-language: ES-MX;\">Tianguis<\/span><\/b><\/p>\n<p class=\"MsoNormal\" style=\"text-align: justify; line-height: normal; background-image: initial; background-position: initial; background-size: initial; background-repeat: initial; background-attachment: initial; background-origin: initial; background-clip: initial;\"><span style=\"font-size: 12.0pt; font-family: 'Georgia',serif; mso-fareast-font-family: 'Times New Roman'; mso-bidi-font-family: 'Times New Roman'; color: #26282a; mso-fareast-language: ES-MX;\">\u00a0<\/span><\/p>\n<p class=\"MsoNormal\" style=\"text-align: justify; line-height: normal; background-image: initial; background-position: initial; background-size: initial; background-repeat: initial; background-attachment: initial; background-origin: initial; background-clip: initial;\"><span style=\"font-size: 12.0pt; font-family: 'Georgia',serif; mso-fareast-font-family: 'Times New Roman'; mso-bidi-font-family: 'Times New Roman'; color: #26282a; mso-fareast-language: ES-MX;\">Como una medida previa a la cancelaci\u00f3n definitiva, la Bolsa Mexicana de Valores decidi\u00f3 a\u00a0<b>las 6.56 horas de este martes suspender la cotizaci\u00f3n de las acciones de Grupo Elektra, propiedad de Ricardo Salinas Pliego<\/b>. Los t\u00edtulos de la principal empresa del magnate regiomontano se encontraban en pausa, tras la decisi\u00f3n tomada por sus accionistas a fines del a\u00f1o pasado de deslistarla. El breve comunicado de la bolsa mexicana se\u00f1ala textualmente que \u201cconsiderando la informaci\u00f3n previamente divulgada por la emisora denominada Grupo Elektra, S.A.B. de C.V., referente a dejar de mantener sus acciones representativas del capital social inscritas en el Registro Nacional de Valores a cargo de la Comisi\u00f3n Nacional Bancaria y de Valores y dado que a esta fecha la citada emisora ha manifestado que por el proceso de cancelaci\u00f3n antes mencionado\u00a0<b>no est\u00e1 en posibilidades de alcanzar el porcentaje m\u00ednimo de su capital social distribuido entre el p\u00fablico inversionista<\/b>\u00a0conforme a lo previsto en las disposiciones aplicables, con fundamento en lo establecido en el primer p\u00e1rrafo y la fracci\u00f3n III. del art\u00edculo 248 de la Ley del Mercado de Valores, esta Bolsa de Valores suspende a partir del d\u00eda de hoy, 30 de septiembre de 2025, la cotizaci\u00f3n de los t\u00edtulos representativos del capital social de emisora antes mencionada identificados con clave de cotizaci\u00f3n ELEKTRA \u201c*\u201d. Este informe lo realiza la Bolsa Mexicana de Valores, S.A.B. de C.V., para todos los efectos a que haya lugar\u201d&#8230;. Interesante que la Secretar\u00eda de Econom\u00eda en conjunto con el Instituto Mexicano de la Propiedad Industrial\u00a0<b>impulsan la innovaci\u00f3n y la creatividad en M\u00e9xico con la segunda edici\u00f3n de Hecho en M\u00e9xico<\/b>: Mentes en acci\u00f3n, plataforma que genera vinculaci\u00f3n entre personas emprendedoras e inventoras con inversionistas e instituciones acad\u00e9micas y gubernamentales. Marcelo Ebrard Casaubon, secretario de Econom\u00eda, Josefina Rodr\u00edguez Zamora, secretaria de Turismo y el director General del IMPI, Santiago Nieto Castillo explicaron\u00a0\u00a0que en esta segunda edici\u00f3n,\u00a0<b>se busca vincular a 82 fondos de inversi\u00f3n e inversionistas con diferentes tipos de innovaciones<\/b>&#8230; El bienestar y la felicidad laboral ya no son opcionales, sino que los l\u00edderes empresariales deben buscar c\u00f3mo redefinir el futuro del trabajo en M\u00e9xico. En la tercera edici\u00f3n del People Day 2025 de Buk, directivos de gesti\u00f3n de personas debatieron c\u00f3mo el trabajo emp\u00e1tico y flexible se posiciona como ventaja competitiva para las empresas.\u00a0<b>De acuerdo con la plataforma Buk, cada punto adicional en felicidad organizacional reduce en cuatro por ciento el riesgo de bajo desempe\u00f1o financiero<\/b>&#8230; A partir de este uno de octubre y hasta el u de enero de 2026, los usuarios de los bancos tendr\u00e1n que establecer un monto l\u00edmite para realizar transferencias por medio de las aplicaciones, sitios de internet y el servicio de banca telef\u00f3nica. Se trata del\u00a0<b>Monto Transaccional del Usuario (MTU), una nueva medida que impulsan las autoridades financieras con el objetivo de reducir los fraudes y el robo de identidad<\/b>, de acuerdo con informaci\u00f3n de la Comisi\u00f3n Nacional Bancaria y de Valores. \u201cEl MTU es un l\u00edmite de seguridad que cada usuario elige para operaciones en banca electr\u00f3nica. Previene fraudes y robo de identidad con un paso adicional de seguridad\u201d, indica una comunicaci\u00f3n difundida por la Comisi\u00f3n Nacional Bancaria y de Valores. La recomendaci\u00f3n a los clientes es que se acerquen a su banco para explorar las opciones&#8230; Hablando de la furia Trump, este martes, el representante de Comercio de Estados Unidos,\u00a0<b>Jamieson Greer, dijo las conversaciones comerciales de Estados Unidos con Canad\u00e1 y M\u00e9xico ser\u00e1n probablemente bilaterales en el futuro<\/b>, m\u00e1s que trilaterales.\u00a0\u00a0Greer tambi\u00e9n dijo que su agencia estaba discutiendo el incumplimiento de M\u00e9xico con el acuerdo comercial entre Estados Unidos, M\u00e9xico y Canad\u00e1 antes del proceso de renegociaci\u00f3n&#8230; A trav\u00e9s del diario oficial, la Secretar\u00eda de Econom\u00eda inform\u00f3 este martes que los permisos de 171 empresas que operan bajo el esquema del Programa de la Industria Manufacturera, Maquiladora y de Servicios de Exportaci\u00f3n (IMMEX) fueron cancelados por incumplimientos. La dependencia detall\u00f3 que dio por terminados los permisos debido a que los negocios no presentaron el reporte anual correspondiente al ejercicio fiscal de 2024, con lo cual incumplieron en lo dispuesto en el art\u00edculo 25 del decreto del programa.\u00a0<b>Hasta el momento se han cancelado 670 registros a maquiladoras, en muchos de los casos por incurrir en importaciones ilegales<\/b>\u00a0o contrabando t\u00e9cnico para vender en M\u00e9xico mercanc\u00edas prohibidas&#8230; Este martes el gobierno mexicano public\u00f3 un decreto en el Diario Oficial de la Federaci\u00f3n (DOF) con el que anunci\u00f3 el inicio de una investigaci\u00f3n antidumping (pr\u00e1ctica comercial desleal que consiste en vender productos por debajo de su verdadero valor)\u00a0<b>sobre las importaciones de lonas de policloruro de vinilo con refuerzo textil originarias de China, independientemente del pa\u00eds de procedencia<\/b>. En otro decreto publicado por el mismo conducto, el gobierno mexicano anunci\u00f3 el inicio de una investigaci\u00f3n antidumping contra las importaciones de cables de acero procedentes de Malasia y de Vietnam&#8230; La empresa farmac\u00e9utica\u00a0<b>Gilead Sciences M\u00e9xico present\u00f3 su tratamiento de \u00faltima generaci\u00f3n indicado para el C\u00e1ncer de Mama Triple Negativo Metast\u00e1sico, luego de la aprobaci\u00f3n por parte de la Cofepris, bajo la direcci\u00f3n de la Armida Z\u00fa\u00f1iga Estrada<\/b>. La firma -comandada en nuestro pa\u00eds por Arturo de la Rosa, un destacado ejecutivo con m\u00e1s de dos d\u00e9cadas de trayectoria en la industria-, fue fundada en 1987 en Foster City, California, y actualmente tiene presencia en m\u00e1s de 35 pa\u00edses con m\u00e1s de 18,000 colaboradores a nivel global. La reciente aprobaci\u00f3n es parte del portafolio de Oncolog\u00eda de Gilead que desde 2021 ha incrementado esta \u00e1rea terap\u00e9utica en 71 por ciento con el objetivo de ofrecer m\u00e1s de 20 indicaciones transformadoras para impactar positivamente a m\u00e1s de 500 mil personas y ser una de las 10 compa\u00f1\u00edas oncol\u00f3gicas top para 2030, pero que adem\u00e1s fortalece su compromiso con la innovaci\u00f3n y acceso con otras terapias en \u00e1reas terap\u00e9uticas clave como enfermedades inflamatorias y virolog\u00eda&#8230; La empresa mexicana de origen chino Time Ceramics, abri\u00f3 las puertas de su nuevo showroom, con lo que se consolida como la mejor opci\u00f3n en porcelanatos del mercado. Con 30 a\u00f1os de experiencia a nivel internacional y recientemente llegada a M\u00e9xico, con una inversi\u00f3n de 2 mil 700 millones de pesos, tecnolog\u00eda de vanguardia y el uso de mano de obra y materias primas 100 por ciento nacionales, los productos que ah\u00ed se muestran, ofrecen un concepto innovador que combina dise\u00f1o, calidad y precios competitivos, caracter\u00edsticas que distinguen a la marca y la colocan a la vanguardia de la construcci\u00f3n y el interiorismo.\u00a0<b>Debido a su gran \u00e9xito y a que en tan poco tiempo hizo que M\u00e9xico pasara de importador a exportador de porcelanatos<\/b>\u00a0Time Ceramics contribuye tambi\u00e9n en la creaci\u00f3n de un polo de desarrollo en la regi\u00f3n, de Emiliano Zapata en el estado de Hidalgo, donde se ubica su planta.<\/span><\/p>\n<p class=\"MsoNormal\" style=\"line-height: normal; background-image: initial; background-position: initial; background-size: initial; background-repeat: initial; background-attachment: initial; background-origin: initial; background-clip: initial;\"><span style=\"font-size: 10.0pt; font-family: 'Helvetica',sans-serif; mso-fareast-font-family: 'Times New Roman'; mso-bidi-font-family: 'Times New Roman'; color: #26282a; mso-fareast-language: ES-MX;\">\u00a0<\/span><\/p>\n<p class=\"MsoNormal\" style=\"line-height: normal; background-image: initial; background-position: initial; background-size: initial; background-repeat: initial; background-attachment: initial; background-origin: initial; background-clip: initial;\"><b><i><span style=\"font-family: 'Georgia',serif; mso-fareast-font-family: 'Times New Roman'; mso-bidi-font-family: 'Times New Roman'; color: #26282a; mso-fareast-language: ES-MX;\"><a href=\"mailto:filosofodelmetro@yahoo.com.mx\" target=\"_blank\" rel=\"noopener\"><span style=\"color: #1155cc;\">filosofodelmetro@yahoo.com.mx<\/span><\/a><\/span><\/i><\/b><\/p>\n<p class=\"MsoNormal\" style=\"line-height: normal; background-image: initial; background-position: initial; background-size: initial; background-repeat: initial; background-attachment: initial; background-origin: initial; background-clip: initial;\"><span style=\"font-size: 16.0pt; font-family: 'Helvetica',sans-serif; mso-fareast-font-family: 'Times New Roman'; mso-bidi-font-family: 'Times New Roman'; color: #26282a; mso-fareast-language: ES-MX;\">\u00a0<\/span><\/p>\n<p class=\"MsoNormal\" style=\"text-align: justify;\"><b><span style=\"font-size: 10.0pt; line-height: 107%; font-family: 'Georgia',serif;\">Denuncia en <i>desdeabajo<\/i> Noticias! <\/span><\/b><\/p>\n<p class=\"MsoNormal\" style=\"margin-top: 2.0pt; text-align: justify; line-height: normal; mso-pagination: widow-orphan lines-together; page-break-after: avoid; mso-outline-level: 2;\"><b><span style=\"font-size: 10.0pt; font-family: 'Georgia',serif; mso-fareast-font-family: 'Times New Roman'; mso-fareast-theme-font: major-fareast; mso-bidi-font-family: 'Times New Roman'; mso-bidi-theme-font: major-bidi; color: #0f4761; mso-themecolor: accent1; mso-themeshade: 191;\"><br \/>\n<\/span><\/b><b><span style=\"font-family: 'Georgia',serif; mso-fareast-font-family: 'Times New Roman'; mso-fareast-theme-font: major-fareast; mso-bidi-font-family: 'Times New Roman'; mso-bidi-theme-font: major-bidi; mso-fareast-language: ES-MX;\">\u00bfConoces o tienes\u00a0<span style=\"border: none windowtext 1.0pt; mso-border-alt: none windowtext 0cm; padding: 0cm;\">fotos y videos\u00a0<\/span>de alg\u00fan acto de posible negligencia, corrupci\u00f3n y abuso de autoridad? M\u00e1ndalo al\u00a0<span style=\"border: none windowtext 1.0pt; mso-border-alt: none windowtext 0cm; padding: 0cm;\">WhatsApp:\u00a0 de desdeabajoNoticias: 7443262471.\u00a0<\/span>\u00a1Comp\u00e1rtelo! Nosotros le damos seguimiento.<\/span><\/b><b><\/b><\/p>\n<p class=\"MsoNormal\" style=\"margin-top: 2.0pt; text-align: justify; line-height: normal; mso-pagination: widow-orphan lines-together; page-break-after: avoid; mso-outline-level: 2;\"><a href=\"http:\/\/www.desdeabajo.com.mx\/\"><b><span style=\"font-family: 'Georgia',serif; border: none windowtext 1.0pt; mso-border-alt: none windowtext 0cm; padding: 0cm;\">www.desdeabajo.com.mx<\/span><\/b><\/a><b><\/b><\/p>\n<p class=\"MsoNormal\" style=\"text-align: justify; line-height: normal; background-image: initial; background-position: initial; background-size: initial; background-repeat: initial; background-attachment: initial; background-origin: initial; background-clip: initial;\"><b><span style=\"font-family: 'Georgia',serif; mso-fareast-font-family: 'Times New Roman'; mso-bidi-font-family: 'Times New Roman'; color: #323232; border: none windowtext 1.0pt; mso-border-alt: none windowtext 0cm; padding: 0cm; mso-fareast-language: ES-MX;\">S\u00edguenos tambi\u00e9n en Twitter:<\/span><\/b> <b><span style=\"font-family: Georgia, serif; background-image: initial; background-position: initial; background-size: initial; background-repeat: initial; background-attachment: initial; background-origin: initial; background-clip: initial;\">@Yae31099C<\/span><\/b><b> <\/b><b><span style=\"font-family: 'Georgia',serif; mso-fareast-font-family: 'Times New Roman'; mso-bidi-font-family: 'Times New Roman'; color: #323232; border: none windowtext 1.0pt; mso-border-alt: none windowtext 0cm; padding: 0cm; mso-fareast-language: ES-MX;\">en Facebook: DesdeabajoAca:<\/span><\/b><b><span style=\"font-family: Georgia, serif; border: 1pt none windowtext; padding: 0cm;\">https:\/\/www.facebook.com\/profile.php?id=1000636239783<\/span><\/b><b><\/b><\/p>\n","protected":false},"excerpt":{"rendered":"<p>Diario Ejecutivo Positivo el primer a\u00f1o de gobierno Tuvo que enfrentar el infierno de Trump Elektra, Fondos, MTU, Maquiladoras, T-MEC Roberto Fuentes Vivar \u00a0 La presidenta Claudia Shenibaum cumpli\u00f3 este martes su primer a\u00f1o de gobierno. El balance, desde luego, corresponde a cada mexicano, pero la mayor\u00eda (de acuerdo con&#8230;<\/p>\n","protected":false},"author":1,"featured_media":41000,"comment_status":"closed","ping_status":"open","sticky":false,"template":"","format":"standard","meta":{"inline_featured_image":false,"advgb_blocks_editor_width":"","advgb_blocks_columns_visual_guide":"","footnotes":""},"categories":[36],"tags":[],"class_list":["post-45850","post","type-post","status-publish","format-standard","has-post-thumbnail","hentry","category-opinion","penci-post-item"],"aioseo_notices":[],"author_meta":{"display_name":"admin8","author_link":"https:\/\/desdeabajo.com.mx\/?author=1"},"featured_img":"https:\/\/desdeabajo.com.mx\/wp-content\/uploads\/2025\/05\/Roberto-Fuentes-Vivar-.jpe","coauthors":[],"tax_additional":{"categories":{"linked":["<a href=\"https:\/\/desdeabajo.com.mx\/?cat=36\" class=\"advgb-post-tax-term\">Opinion<\/a>"],"unlinked":["<span class=\"advgb-post-tax-term\">Opinion<\/span>"]}},"comment_count":"0","relative_dates":{"created":"Publicado 7 meses hace","modified":"Actualizado 7 meses hace"},"absolute_dates":{"created":"Publicado el 2 de octubre de 2025","modified":"Actualizado el 2 de octubre de 2025"},"absolute_dates_time":{"created":"Publicado el 2 de octubre de 2025 00:36","modified":"Actualizado el 2 de octubre de 2025 00:39"},"featured_img_caption":"","series_order":"","_links":{"self":[{"href":"https:\/\/desdeabajo.com.mx\/index.php?rest_route=\/wp\/v2\/posts\/45850","targetHints":{"allow":["GET"]}}],"collection":[{"href":"https:\/\/desdeabajo.com.mx\/index.php?rest_route=\/wp\/v2\/posts"}],"about":[{"href":"https:\/\/desdeabajo.com.mx\/index.php?rest_route=\/wp\/v2\/types\/post"}],"author":[{"embeddable":true,"href":"https:\/\/desdeabajo.com.mx\/index.php?rest_route=\/wp\/v2\/users\/1"}],"replies":[{"embeddable":true,"href":"https:\/\/desdeabajo.com.mx\/index.php?rest_route=%2Fwp%2Fv2%2Fcomments&post=45850"}],"version-history":[{"count":1,"href":"https:\/\/desdeabajo.com.mx\/index.php?rest_route=\/wp\/v2\/posts\/45850\/revisions"}],"predecessor-version":[{"id":45851,"href":"https:\/\/desdeabajo.com.mx\/index.php?rest_route=\/wp\/v2\/posts\/45850\/revisions\/45851"}],"wp:featuredmedia":[{"embeddable":true,"href":"https:\/\/desdeabajo.com.mx\/index.php?rest_route=\/wp\/v2\/media\/41000"}],"wp:attachment":[{"href":"https:\/\/desdeabajo.com.mx\/index.php?rest_route=%2Fwp%2Fv2%2Fmedia&parent=45850"}],"wp:term":[{"taxonomy":"category","embeddable":true,"href":"https:\/\/desdeabajo.com.mx\/index.php?rest_route=%2Fwp%2Fv2%2Fcategories&post=45850"},{"taxonomy":"post_tag","embeddable":true,"href":"https:\/\/desdeabajo.com.mx\/index.php?rest_route=%2Fwp%2Fv2%2Ftags&post=45850"}],"curies":[{"name":"wp","href":"https:\/\/api.w.org\/{rel}","templated":true}]}}