{"id":45856,"date":"2025-10-02T01:07:45","date_gmt":"2025-10-02T06:07:45","guid":{"rendered":"https:\/\/desdeabajo.com.mx\/?p=45856"},"modified":"2025-10-02T01:08:21","modified_gmt":"2025-10-02T06:08:21","slug":"impulsa-evelyn-salgado-la-riqueza-cultural-y-excelencia-artesanal-de-guerrero","status":"publish","type":"post","link":"https:\/\/desdeabajo.com.mx\/?p=45856","title":{"rendered":"Impulsa Evelyn Salgado la riqueza cultural y excelencia artesanal de Guerrero"},"content":{"rendered":"\n<p class=\"MsoNormal\"><b><span style=\"font-size: 12.0pt; line-height: 107%; font-family: 'Georgia',serif;\">*Entrega premios del Concurso \u00abManos Creadoras 2025\u00bb a 30 artesanas y artesanos del estado<\/span><\/b><\/p>\n\n\n\n<p class=\"MsoNormal\"><b><span style=\"font-size: 10.0pt; line-height: 107%; font-family: 'Georgia',serif;\">&nbsp;<\/span><\/b><\/p>\n\n\n\n<p>&nbsp;<\/p>\n\n\n\n<p class=\"MsoNormal\"><b><i><span style=\"font-size: 12.0pt; font-family: 'Georgia',serif;\">Redacci\u00f3n\u2026<\/span><\/i><\/b><\/p>\n\n\n\n<p class=\"MsoNormal\"><b><i><span style=\"font-size: 12.0pt; font-family: 'Georgia',serif;\">30\/09\/2025<\/span><\/i><\/b><\/p>\n\n\n\n<p class=\"MsoNormal\"><b><i><span style=\"font-size: 12.0pt; font-family: 'Georgia',serif;\">Chilpancingo, Gro. <\/span><\/i><\/b><\/p>\n\n\n\n<p class=\"MsoNormal\"><b><span style=\"font-size: 10.0pt; line-height: 107%; font-family: 'Georgia',serif;\">&nbsp;<\/span><\/b><\/p>\n\n\n\n<p>&nbsp;<\/p>\n\n\n\n<p class=\"MsoNormal\"><span style=\"font-size: 12.0pt; line-height: 107%; font-family: 'Georgia',serif;\">Con el compromiso de fortalecer la identidad cultural de Guerrero y reconocer el talento de quienes preservan sus tradiciones, la gobernadora Evelyn Salgado Pineda encabez\u00f3 la entrega de premios del Concurso \u00abManos Creadoras 2025\u00bb, con la participaci\u00f3n de m\u00e1s de 70 piezas artesanales, que reivindica el legado ancestral de la artesan\u00eda guerrerense.<\/span><\/p>\n\n\n\n<p class=\"MsoNormal\"><span style=\"font-size: 12.0pt; line-height: 107%; font-family: 'Georgia',serif;\">&nbsp;<\/span><\/p>\n\n\n\n<p class=\"MsoNormal\"><span style=\"font-size: 12.0pt; line-height: 107%; font-family: 'Georgia',serif;\">\u201cHablar de Guerrero es hablar de un pueblo creador; en cada pieza est\u00e1 nuestra identidad y nuestras ra\u00edces. Guerrero es uno de los estados reconocidos con mayor riqueza cultural\u201d, expres\u00f3 la mandataria durante la ceremonia al se\u00f1alar que la artesan\u00eda guerrerense es tradici\u00f3n, es cultura y es orgullo. <\/span><\/p>\n\n\n\n<figure class=\"wp-block-image size-full\"><img fetchpriority=\"high\" decoding=\"async\" width=\"1024\" height=\"576\" src=\"http:\/\/desdeabajo.com.mx\/wp-content\/uploads\/2025\/10\/eve-artesanias-.jpg\" alt=\"\" class=\"wp-image-45857\" srcset=\"https:\/\/desdeabajo.com.mx\/wp-content\/uploads\/2025\/10\/eve-artesanias-.jpg 1024w, https:\/\/desdeabajo.com.mx\/wp-content\/uploads\/2025\/10\/eve-artesanias--300x169.jpg 300w, https:\/\/desdeabajo.com.mx\/wp-content\/uploads\/2025\/10\/eve-artesanias--768x432.jpg 768w, https:\/\/desdeabajo.com.mx\/wp-content\/uploads\/2025\/10\/eve-artesanias--18x10.jpg 18w\" sizes=\"(max-width: 1024px) 100vw, 1024px\" \/><\/figure>\n\n\n\n<p class=\"MsoNormal\"><span style=\"font-size: 12.0pt; line-height: 107%; font-family: 'Georgia',serif;\">&nbsp;<\/span><\/p>\n\n\n\n<p class=\"MsoNormal\"><span style=\"font-size: 12.0pt; line-height: 107%; font-family: 'Georgia',serif;\">Evelyn Salgado, reconoci\u00f3 la participaci\u00f3n de los m\u00e1s de 70 artesanos que atendieron la convocatoria y agradeci\u00f3 el trabajo del comit\u00e9 dictaminador encargado de evaluar cada pieza por su t\u00e9cnica, material y tiempo de elaboraci\u00f3n.<\/span><\/p>\n\n\n\n<p class=\"MsoNormal\"><span style=\"font-size: 12.0pt; line-height: 107%; font-family: 'Georgia',serif;\">&nbsp;<\/span><\/p>\n\n\n\n<p class=\"MsoNormal\"><span style=\"font-size: 12.0pt; line-height: 107%; font-family: 'Georgia',serif;\">\u201cGuerrero es grande por su diversidad cultural y fuerte porque en ella encuentra unidad. Nuestras manos creadoras proyectan con orgullo la grandeza del estado dentro y fuera de M\u00e9xico\u201d, se\u00f1al\u00f3 la gobernadora.<\/span><\/p>\n\n\n\n<p class=\"MsoNormal\"><span style=\"font-size: 12.0pt; line-height: 107%; font-family: 'Georgia',serif;\">&nbsp;<\/span><\/p>\n\n\n\n<p class=\"MsoNormal\"><span style=\"font-size: 12.0pt; line-height: 107%; font-family: 'Georgia',serif;\">En esta edici\u00f3n, resultaron ganadoras 30 piezas de 14 mujeres y 16 hombres artesanos, seleccionadas por su calidad, t\u00e9cnica y valor cultural, gracias al trabajo conjunto con la Secretar\u00eda de Cultura del gobierno de M\u00e9xico. <\/span><\/p>\n\n\n\n<p class=\"MsoNormal\"><span style=\"font-size: 12.0pt; line-height: 107%; font-family: 'Georgia',serif;\">&nbsp;<\/span><\/p>\n\n\n\n<p class=\"MsoNormal\"><span style=\"font-size: 12.0pt; line-height: 107%; font-family: 'Georgia',serif;\">La secretaria de Cultura de Guerrero, Mart\u00ednez Rebolledo a\u00f1adi\u00f3 que, con el respaldo de la gobernadora Evelyn Salgado, la bolsa de premios ascendi\u00f3 a 450 mil pesos, cifra que ha ido en aumento desde que el concurso se inici\u00f3 en 2023 con 390 mil pesos y en 2024 con 405 mil pesos. <\/span><\/p>\n\n\n\n<p class=\"MsoNormal\"><span style=\"font-size: 12.0pt; line-height: 107%; font-family: 'Georgia',serif;\">&nbsp;<\/span><\/p>\n\n\n\n<p class=\"MsoNormal\"><span style=\"font-size: 12.0pt; line-height: 107%; font-family: 'Georgia',serif;\">Entre las obras premiadas destacaron \u201cLa Navidad hecha a mano desde el Alto Balsas\u201d, de Jos\u00e9 Adri\u00e1n L\u00f3pez Jim\u00e9nez, originario de Tepecoacuilco de Trujano; \u201cTejedora amuzga en telar de cintura\u201d, pieza de plata, cobre y lat\u00f3n transformada en collar y dije, elaborada por Cutberto Jaimes G\u00f3mez de Taxco de Alarc\u00f3n; y la escultura \u201cSentimientos de la Naci\u00f3n\u201d, tallada en madera por Fidel de la Fuente, de Teloloapan.<\/span><\/p>\n\n\n\n<p class=\"MsoNormal\"><span style=\"font-size: 12.0pt; line-height: 107%; font-family: 'Georgia',serif;\">&nbsp;<\/span><\/p>\n\n\n\n<p class=\"MsoNormal\"><span style=\"font-size: 12.0pt; line-height: 107%; font-family: 'Georgia',serif;\">Asimismo, se exhibieron creaciones como la colecci\u00f3n artesanal de bordado en algod\u00f3n y encaje, realizada por Luz Evelia Benito Jim\u00e9nez, del municipio de Ometepec, ejemplo del talento y la creatividad de las manos guerrerenses.<\/span><\/p>\n\n\n\n<p class=\"MsoNormal\"><span style=\"font-size: 12.0pt; line-height: 107%; font-family: 'Georgia',serif;\">&nbsp;<\/span><\/p>\n\n\n\n<p class=\"MsoNormal\"><span style=\"font-size: 12.0pt; line-height: 107%; font-family: 'Georgia',serif;\">La colecci\u00f3n de piezas ganadoras ser\u00e1n exhibidas en el Palacio de Cultura de Chilpancingo, donde visitantes y p\u00fablico en general podr\u00e1n admirar cada obra elaborada con manos guerrerenses<\/span><b><span style=\"font-size: 10.0pt; line-height: 107%; font-family: 'Georgia',serif;\">. <\/span><\/b><\/p>\n\n\n\n<p class=\"MsoNormal\"><b><span style=\"font-size: 10.0pt; line-height: 107%; font-family: 'Georgia',serif;\">&nbsp;<\/span><\/b><\/p>\n\n\n\n<p class=\"MsoNormal\"><b><span style=\"font-size: 10.0pt; line-height: 107%; font-family: 'Georgia',serif;\">Denuncia en <i>desdeabajo<\/i> Noticias! <\/span><\/b><\/p>\n\n\n\n<p class=\"MsoNormal\"><b><span style=\"font-size: 10.0pt; font-family: 'Georgia',serif; mso-fareast-font-family: 'Times New Roman'; mso-fareast-theme-font: major-fareast; mso-bidi-font-family: 'Times New Roman'; mso-bidi-theme-font: major-bidi; color: #0f4761; mso-themecolor: accent1; mso-themeshade: 191;\"><br><\/span><\/b><b><span style=\"font-family: 'Georgia',serif; mso-fareast-font-family: 'Times New Roman'; mso-fareast-theme-font: major-fareast; mso-bidi-font-family: 'Times New Roman'; mso-bidi-theme-font: major-bidi; mso-fareast-language: ES-MX;\">\u00bfConoces o tienes&nbsp;<span style=\"border: none windowtext 1.0pt; mso-border-alt: none windowtext 0cm; padding: 0cm;\">fotos y videos&nbsp;<\/span>de alg\u00fan acto de posible negligencia, corrupci\u00f3n y abuso de autoridad? M\u00e1ndalo al&nbsp;<span style=\"border: none windowtext 1.0pt; mso-border-alt: none windowtext 0cm; padding: 0cm;\">WhatsApp:&nbsp; de desdeabajoNoticias: 7443262471.&nbsp;<\/span>\u00a1Comp\u00e1rtelo! Nosotros le damos seguimiento.<\/span><\/b><b><\/b><\/p>\n\n\n\n<p class=\"MsoNormal\"><a href=\"http:\/\/www.desdeabajo.com.mx\/\"><b><span style=\"font-family: 'Georgia',serif; border: none windowtext 1.0pt; mso-border-alt: none windowtext 0cm; padding: 0cm;\">www.desdeabajo.com.mx<\/span><\/b><\/a><b><\/b><\/p>\n\n\n\n<p class=\"MsoNormal\"><b><span style=\"font-family: 'Georgia',serif; mso-fareast-font-family: 'Times New Roman'; mso-bidi-font-family: 'Times New Roman'; color: #323232; border: none windowtext 1.0pt; mso-border-alt: none windowtext 0cm; padding: 0cm; mso-fareast-language: ES-MX;\">S\u00edguenos tambi\u00e9n en Twitter:<\/span><\/b> <b><span style=\"font-family: Georgia, serif; background-image: initial; background-position: initial; background-size: initial; background-repeat: initial; background-attachment: initial; background-origin: initial; background-clip: initial;\">@Yae31099C<\/span><\/b><b> <\/b><b><span style=\"font-family: 'Georgia',serif; mso-fareast-font-family: 'Times New Roman'; mso-bidi-font-family: 'Times New Roman'; color: #323232; border: none windowtext 1.0pt; mso-border-alt: none windowtext 0cm; padding: 0cm; mso-fareast-language: ES-MX;\">en Facebook: DesdeabajoAca:<\/span><\/b><b><span style=\"font-family: Georgia, serif; border: 1pt none windowtext; padding: 0cm;\">https:\/\/www.facebook.com\/profile.php?id=1000636239783<\/span><\/b><b><\/b><\/p>\n\n\n\n<p>&nbsp;<\/p>\n\n\n\n<p class=\"MsoNormal\"><span style=\"font-size: 14.0pt; line-height: 107%; font-family: 'Arial',sans-serif;\">&nbsp;<\/span><\/p>\n","protected":false},"excerpt":{"rendered":"<p>*Entrega premios del Concurso \u00abManos Creadoras 2025\u00bb a 30 artesanas y artesanos del estado &nbsp; &nbsp; Redacci\u00f3n\u2026 30\/09\/2025 Chilpancingo, Gro. &nbsp; &nbsp; Con el compromiso de fortalecer la identidad cultural de Guerrero y reconocer el talento de quienes preservan sus tradiciones, la gobernadora Evelyn Salgado Pineda encabez\u00f3 la entrega de&#8230;<\/p>\n","protected":false},"author":1,"featured_media":45858,"comment_status":"closed","ping_status":"open","sticky":false,"template":"","format":"standard","meta":{"inline_featured_image":false,"advgb_blocks_editor_width":"","advgb_blocks_columns_visual_guide":"","footnotes":""},"categories":[89],"tags":[41],"class_list":["post-45856","post","type-post","status-publish","format-standard","has-post-thumbnail","hentry","category-grupos-sociales","tag-destacadas","penci-post-item"],"aioseo_notices":[],"author_meta":{"display_name":"admin8","author_link":"https:\/\/desdeabajo.com.mx\/?author=1"},"featured_img":"https:\/\/desdeabajo.com.mx\/wp-content\/uploads\/2025\/10\/eve-premio-artesanias--300x169.jpg","coauthors":[],"tax_additional":{"categories":{"linked":["<a href=\"https:\/\/desdeabajo.com.mx\/?cat=89\" class=\"advgb-post-tax-term\">Grupos Sociales<\/a>"],"unlinked":["<span class=\"advgb-post-tax-term\">Grupos Sociales<\/span>"]},"tags":{"linked":["<a href=\"https:\/\/desdeabajo.com.mx\/?cat=89\" class=\"advgb-post-tax-term\">destacadas<\/a>"],"unlinked":["<span class=\"advgb-post-tax-term\">destacadas<\/span>"]}},"comment_count":"0","relative_dates":{"created":"Publicado 7 meses hace","modified":"Actualizado 7 meses hace"},"absolute_dates":{"created":"Publicado el 2 de octubre de 2025","modified":"Actualizado el 2 de octubre de 2025"},"absolute_dates_time":{"created":"Publicado el 2 de octubre de 2025 01:07","modified":"Actualizado el 2 de octubre de 2025 01:08"},"featured_img_caption":"","series_order":"","_links":{"self":[{"href":"https:\/\/desdeabajo.com.mx\/index.php?rest_route=\/wp\/v2\/posts\/45856","targetHints":{"allow":["GET"]}}],"collection":[{"href":"https:\/\/desdeabajo.com.mx\/index.php?rest_route=\/wp\/v2\/posts"}],"about":[{"href":"https:\/\/desdeabajo.com.mx\/index.php?rest_route=\/wp\/v2\/types\/post"}],"author":[{"embeddable":true,"href":"https:\/\/desdeabajo.com.mx\/index.php?rest_route=\/wp\/v2\/users\/1"}],"replies":[{"embeddable":true,"href":"https:\/\/desdeabajo.com.mx\/index.php?rest_route=%2Fwp%2Fv2%2Fcomments&post=45856"}],"version-history":[{"count":1,"href":"https:\/\/desdeabajo.com.mx\/index.php?rest_route=\/wp\/v2\/posts\/45856\/revisions"}],"predecessor-version":[{"id":45859,"href":"https:\/\/desdeabajo.com.mx\/index.php?rest_route=\/wp\/v2\/posts\/45856\/revisions\/45859"}],"wp:featuredmedia":[{"embeddable":true,"href":"https:\/\/desdeabajo.com.mx\/index.php?rest_route=\/wp\/v2\/media\/45858"}],"wp:attachment":[{"href":"https:\/\/desdeabajo.com.mx\/index.php?rest_route=%2Fwp%2Fv2%2Fmedia&parent=45856"}],"wp:term":[{"taxonomy":"category","embeddable":true,"href":"https:\/\/desdeabajo.com.mx\/index.php?rest_route=%2Fwp%2Fv2%2Fcategories&post=45856"},{"taxonomy":"post_tag","embeddable":true,"href":"https:\/\/desdeabajo.com.mx\/index.php?rest_route=%2Fwp%2Fv2%2Ftags&post=45856"}],"curies":[{"name":"wp","href":"https:\/\/api.w.org\/{rel}","templated":true}]}}