{"id":46418,"date":"2025-10-18T22:30:55","date_gmt":"2025-10-19T03:30:55","guid":{"rendered":"https:\/\/desdeabajo.com.mx\/?p=46418"},"modified":"2025-10-18T22:31:09","modified_gmt":"2025-10-19T03:31:09","slug":"el-16-y-17-de-octubre-se-realizara-la-expo-pan-cafe-y-chocolate-en-la-explanada-de-palacio-de-gobierno","status":"publish","type":"post","link":"https:\/\/desdeabajo.com.mx\/?p=46418","title":{"rendered":"El 16 y 17 de octubre, se realizar\u00e1 la Expo Pan, Caf\u00e9 y Chocolate, en la explanada de Palacio de Gobierno"},"content":{"rendered":"<p class=\"MsoNormal\" style=\"margin-top: 12pt; text-align: justify; line-height: normal; background-image: initial; background-position: initial; background-size: initial; background-repeat: initial; background-attachment: initial; background-origin: initial; background-clip: initial;\"><span class=\"x1lliihq\"><b><span style=\"font-size: 12pt; font-family: Georgia, serif; color: #0a0a0a; border: 1pt none windowtext; padding: 0cm; background-image: initial; background-position: initial; background-size: initial; background-repeat: initial; background-attachment: initial; background-origin: initial; background-clip: initial;\">A trav\u00e9s de estas acciones, el gobierno del estado que encabeza, la gobernadora, Evelyn Salgado Pineda refrenda su compromiso con las micro y peque\u00f1as empresas para brindarles espacios para que comercialicen sus productos. <\/span><\/b><\/span><\/p>\n<p class=\"MsoNormal\" style=\"margin-top: 12pt; text-align: justify; line-height: normal; background-image: initial; background-position: initial; background-size: initial; background-repeat: initial; background-attachment: initial; background-origin: initial; background-clip: initial;\">\n<p class=\"MsoNormal\" style=\"margin-bottom: 0cm; text-align: justify; line-height: normal; background-image: initial; background-position: initial; background-size: initial; background-repeat: initial; background-attachment: initial; background-origin: initial; background-clip: initial;\"><span class=\"x1lliihq\"><b><i><span style=\"font-size: 12pt; font-family: Georgia, serif; color: #0a0a0a; border: 1pt none windowtext; padding: 0cm; background-image: initial; background-position: initial; background-size: initial; background-repeat: initial; background-attachment: initial; background-origin: initial; background-clip: initial;\">Redacci\u00f3n\u2026<\/span><\/i><\/b><\/span><\/p>\n<p class=\"MsoNormal\" style=\"margin-bottom: 0cm; text-align: justify; line-height: normal; background-image: initial; background-position: initial; background-size: initial; background-repeat: initial; background-attachment: initial; background-origin: initial; background-clip: initial;\"><span class=\"x1lliihq\"><b><i><span style=\"font-size: 12pt; font-family: Georgia, serif; color: #0a0a0a; border: 1pt none windowtext; padding: 0cm; background-image: initial; background-position: initial; background-size: initial; background-repeat: initial; background-attachment: initial; background-origin: initial; background-clip: initial;\">16\/10\/2025<\/span><\/i><\/b><\/span><\/p>\n<p class=\"MsoNormal\" style=\"margin-bottom: 0cm; text-align: justify; line-height: normal; background-image: initial; background-position: initial; background-size: initial; background-repeat: initial; background-attachment: initial; background-origin: initial; background-clip: initial;\"><span class=\"x1lliihq\"><b><i><span style=\"font-size: 12pt; font-family: Georgia, serif; color: #0a0a0a; border: 1pt none windowtext; padding: 0cm; background-image: initial; background-position: initial; background-size: initial; background-repeat: initial; background-attachment: initial; background-origin: initial; background-clip: initial;\">Chilpancingo, Gro. <\/span><\/i><\/b><\/span><\/p>\n<p class=\"MsoNormal\" style=\"text-align: justify; line-height: normal; background-image: initial; background-position: initial; background-size: initial; background-repeat: initial; background-attachment: initial; background-origin: initial; background-clip: initial;\"><span class=\"x1lliihq\"><span style=\"font-size: 10.5pt; font-family: 'Segoe UI', sans-serif; color: #0a0a0a; border: 1pt none windowtext; padding: 0cm; background-image: initial; background-position: initial; background-size: initial; background-repeat: initial; background-attachment: initial; background-origin: initial; background-clip: initial;\">\u00a0<\/span><\/span><\/p>\n<p class=\"MsoNormal\" style=\"margin-top: 12pt; text-align: justify; line-height: normal; background-image: initial; background-position: initial; background-size: initial; background-repeat: initial; background-attachment: initial; background-origin: initial; background-clip: initial;\"><span class=\"x1lliihq\"><span style=\"font-size: 12pt; font-family: Georgia, serif; color: #0a0a0a; border: 1pt none windowtext; padding: 0cm; background-image: initial; background-position: initial; background-size: initial; background-repeat: initial; background-attachment: initial; background-origin: initial; background-clip: initial;\">Con el objetivo de impulsar el consumo local y fortalecer la econom\u00eda regional, la Secretar\u00eda de Fomento y Desarrollo Econ\u00f3mico realizar\u00e1 la Expo Pan, Caf\u00e9 y Chocolate 2025 los d\u00edas 16 y 17 de octubre, en la explanada del Palacio de Gobierno.<\/span><\/span><\/p>\n<p class=\"MsoNormal\" style=\"margin-top: 12pt; text-align: justify; line-height: normal; background-image: initial; background-position: initial; background-size: initial; background-repeat: initial; background-attachment: initial; background-origin: initial; background-clip: initial;\"><span class=\"x1lliihq\"><span style=\"font-size: 12pt; font-family: Georgia, serif; color: #0a0a0a; border: 1pt none windowtext; padding: 0cm; background-image: initial; background-position: initial; background-size: initial; background-repeat: initial; background-attachment: initial; background-origin: initial; background-clip: initial;\">\u00a0<\/span><span style=\"scrollbar-width: thin; scrollbar-color: rgba(0, 0, 0, 0.2) rgba(0, 0, 0, 0); font-variant-numeric: inherit; font-variant-east-asian: inherit; font-variant-alternates: inherit; font-variant-position: inherit; font-variant-emoji: inherit; font-stretch: inherit; line-height: inherit; font-optical-sizing: inherit; font-size-adjust: inherit; font-kerning: inherit; font-feature-settings: inherit; font-variation-settings: inherit; outline: none; text-align: start; white-space-collapse: preserve;\">La expo reunir\u00e1 a 40 expositores de diferentes municipios, quienes ofrecer\u00e1n una muestra de los sabores m\u00e1s representativos del estado, desde panes tradicionales hasta variedades artesanales de caf\u00e9 y chocolate. <\/span><\/span><\/p>\n<p class=\"MsoNormal\" style=\"margin-top: 12pt; text-align: justify; line-height: normal; background-image: initial; background-position: initial; background-size: initial; background-repeat: initial; background-attachment: initial; background-origin: initial; background-clip: initial;\"><span class=\"x1lliihq\"><span style=\"font-size: 12pt; font-family: Georgia, serif; color: #0a0a0a; border: 1pt none windowtext; padding: 0cm; background-image: initial; background-position: initial; background-size: initial; background-repeat: initial; background-attachment: initial; background-origin: initial; background-clip: initial;\">A trav\u00e9s de estas acciones, el gobierno del estado que encabeza, la gobernadora, Evelyn Salgado Pineda refrenda su compromiso con las micro y peque\u00f1as empresas para brindarles espacios para que comercialicen sus productos. <\/span><\/span><\/p>\n<p class=\"MsoNormal\" style=\"margin-top: 12pt; text-align: justify; line-height: normal; background-image: initial; background-position: initial; background-size: initial; background-repeat: initial; background-attachment: initial; background-origin: initial; background-clip: initial;\"><span class=\"x1lliihq\"><span style=\"font-size: 12pt; font-family: Georgia, serif; color: #0a0a0a; border: 1pt none windowtext; padding: 0cm; background-image: initial; background-position: initial; background-size: initial; background-repeat: initial; background-attachment: initial; background-origin: initial; background-clip: initial;\">Asimismo, se invita a la poblaci\u00f3n a degustar los diversos productos elaborados y cosechados por los productores para que conozcan y compren, donde se espera una afluencia de visitantes. <\/span><\/span><\/p>\n<p class=\"MsoNormal\" style=\"margin-top: 12pt; text-align: justify; line-height: normal; background-image: initial; background-position: initial; background-size: initial; background-repeat: initial; background-attachment: initial; background-origin: initial; background-clip: initial;\"><span style=\"font-size: 12pt; font-family: Georgia, serif; color: #0a0a0a; border: 1pt none windowtext; padding: 0cm; background-image: initial; background-position: initial; background-size: initial; background-repeat: initial; background-attachment: initial; background-origin: initial; background-clip: initial;\">Adem\u00e1s de los stands de venta, habr\u00e1 catas, degustaciones, concursos y actividades l\u00fadicas para ni\u00f1as y ni\u00f1os, buscando fomentar la participaci\u00f3n familiar y el aprecio por la gastronom\u00eda guerrerense.<\/span><b><\/b><\/p>\n<p class=\"MsoNormal\" style=\"text-align: justify;\"><b><span style=\"font-size: 10.0pt; line-height: 107%; font-family: 'Georgia',serif;\">Denuncia en <i>desdeabajo<\/i> Noticias! <\/span><\/b><\/p>\n<p class=\"MsoNormal\" style=\"margin-top: 2.0pt; text-align: justify; line-height: normal; mso-pagination: widow-orphan lines-together; page-break-after: avoid; mso-outline-level: 2;\"><b> <\/b><b><span style=\"font-family: 'Georgia',serif; mso-fareast-font-family: 'Times New Roman'; mso-fareast-theme-font: major-fareast; mso-bidi-font-family: 'Times New Roman'; mso-bidi-theme-font: major-bidi; mso-fareast-language: ES-MX;\">\u00bfConoces o tienes\u00a0<span style=\"border: none windowtext 1.0pt; mso-border-alt: none windowtext 0cm; padding: 0cm;\">fotos y videos\u00a0<\/span>de alg\u00fan acto de posible negligencia, corrupci\u00f3n y abuso de autoridad? M\u00e1ndalo al\u00a0<span style=\"border: none windowtext 1.0pt; mso-border-alt: none windowtext 0cm; padding: 0cm;\">WhatsApp:\u00a0 de desdeabajoNoticias: 7443262471.\u00a0<\/span>\u00a1Comp\u00e1rtelo! Nosotros le damos seguimiento.<\/span><\/b><b><\/b><\/p>\n<p class=\"MsoNormal\" style=\"margin-top: 2.0pt; text-align: justify; line-height: normal; mso-pagination: widow-orphan lines-together; page-break-after: avoid; mso-outline-level: 2;\"><a href=\"http:\/\/www.desdeabajo.com.mx\/\"><b><span style=\"font-family: 'Georgia',serif; border: none windowtext 1.0pt; mso-border-alt: none windowtext 0cm; padding: 0cm;\">www.desdeabajo.com.mx<\/span><\/b><\/a><b><\/b><\/p>\n<p class=\"MsoNormal\" style=\"text-align: justify; line-height: normal; background-image: initial; background-position: initial; background-size: initial; background-repeat: initial; background-attachment: initial; background-origin: initial; background-clip: initial;\"><b><span style=\"font-family: 'Georgia',serif; mso-fareast-font-family: 'Times New Roman'; mso-bidi-font-family: 'Times New Roman'; color: #323232; border: none windowtext 1.0pt; mso-border-alt: none windowtext 0cm; padding: 0cm; mso-fareast-language: ES-MX;\">S\u00edguenos tambi\u00e9n en Twitter:<\/span><\/b> <b><span style=\"font-family: Georgia, serif; background-image: initial; background-position: initial; background-size: initial; background-repeat: initial; background-attachment: initial; background-origin: initial; background-clip: initial;\">@Yae31099C<\/span><\/b><b> <\/b><b><span style=\"font-family: 'Georgia',serif; mso-fareast-font-family: 'Times New Roman'; mso-bidi-font-family: 'Times New Roman'; color: #323232; border: none windowtext 1.0pt; mso-border-alt: none windowtext 0cm; padding: 0cm; mso-fareast-language: ES-MX;\">en Facebook: DesdeabajoAca:<\/span><\/b><b><span style=\"font-family: Georgia, serif; border: 1pt none windowtext; padding: 0cm;\">https:\/\/www.facebook.com\/profile.php?id=100063623978<\/span><\/b><b><\/b><\/p>\n","protected":false},"excerpt":{"rendered":"<p>A trav\u00e9s de estas acciones, el gobierno del estado que encabeza, la gobernadora, Evelyn Salgado Pineda refrenda su compromiso con las micro y peque\u00f1as empresas para brindarles espacios para que comercialicen sus productos. Redacci\u00f3n\u2026 16\/10\/2025 Chilpancingo, Gro. \u00a0 Con el objetivo de impulsar el consumo local y fortalecer la econom\u00eda&#8230;<\/p>\n","protected":false},"author":1,"featured_media":46419,"comment_status":"closed","ping_status":"open","sticky":false,"template":"","format":"standard","meta":{"inline_featured_image":false,"advgb_blocks_editor_width":"","advgb_blocks_columns_visual_guide":"","footnotes":""},"categories":[1],"tags":[41],"class_list":["post-46418","post","type-post","status-publish","format-standard","has-post-thumbnail","hentry","category-sin-categoria","tag-destacadas","penci-post-item"],"aioseo_notices":[],"author_meta":{"display_name":"admin8","author_link":"https:\/\/desdeabajo.com.mx\/?author=1"},"featured_img":"https:\/\/desdeabajo.com.mx\/wp-content\/uploads\/2025\/10\/expopan-300x169.jpg","coauthors":[],"tax_additional":{"categories":{"linked":["<a href=\"https:\/\/desdeabajo.com.mx\/?cat=1\" class=\"advgb-post-tax-term\">Sin categor\u00eda<\/a>"],"unlinked":["<span class=\"advgb-post-tax-term\">Sin categor\u00eda<\/span>"]},"tags":{"linked":["<a href=\"https:\/\/desdeabajo.com.mx\/?cat=1\" class=\"advgb-post-tax-term\">destacadas<\/a>"],"unlinked":["<span class=\"advgb-post-tax-term\">destacadas<\/span>"]}},"comment_count":"0","relative_dates":{"created":"Publicado 7 meses hace","modified":"Actualizado 7 meses hace"},"absolute_dates":{"created":"Publicado el 18 de octubre de 2025","modified":"Actualizado el 18 de octubre de 2025"},"absolute_dates_time":{"created":"Publicado el 18 de octubre de 2025 22:30","modified":"Actualizado el 18 de octubre de 2025 22:31"},"featured_img_caption":"","series_order":"","_links":{"self":[{"href":"https:\/\/desdeabajo.com.mx\/index.php?rest_route=\/wp\/v2\/posts\/46418","targetHints":{"allow":["GET"]}}],"collection":[{"href":"https:\/\/desdeabajo.com.mx\/index.php?rest_route=\/wp\/v2\/posts"}],"about":[{"href":"https:\/\/desdeabajo.com.mx\/index.php?rest_route=\/wp\/v2\/types\/post"}],"author":[{"embeddable":true,"href":"https:\/\/desdeabajo.com.mx\/index.php?rest_route=\/wp\/v2\/users\/1"}],"replies":[{"embeddable":true,"href":"https:\/\/desdeabajo.com.mx\/index.php?rest_route=%2Fwp%2Fv2%2Fcomments&post=46418"}],"version-history":[{"count":1,"href":"https:\/\/desdeabajo.com.mx\/index.php?rest_route=\/wp\/v2\/posts\/46418\/revisions"}],"predecessor-version":[{"id":46420,"href":"https:\/\/desdeabajo.com.mx\/index.php?rest_route=\/wp\/v2\/posts\/46418\/revisions\/46420"}],"wp:featuredmedia":[{"embeddable":true,"href":"https:\/\/desdeabajo.com.mx\/index.php?rest_route=\/wp\/v2\/media\/46419"}],"wp:attachment":[{"href":"https:\/\/desdeabajo.com.mx\/index.php?rest_route=%2Fwp%2Fv2%2Fmedia&parent=46418"}],"wp:term":[{"taxonomy":"category","embeddable":true,"href":"https:\/\/desdeabajo.com.mx\/index.php?rest_route=%2Fwp%2Fv2%2Fcategories&post=46418"},{"taxonomy":"post_tag","embeddable":true,"href":"https:\/\/desdeabajo.com.mx\/index.php?rest_route=%2Fwp%2Fv2%2Ftags&post=46418"}],"curies":[{"name":"wp","href":"https:\/\/api.w.org\/{rel}","templated":true}]}}