{"id":47514,"date":"2025-11-27T19:15:52","date_gmt":"2025-11-28T01:15:52","guid":{"rendered":"https:\/\/desdeabajo.com.mx\/?p=47514"},"modified":"2025-11-27T19:15:57","modified_gmt":"2025-11-28T01:15:57","slug":"demandan-trabajadores-del-stc-metro-al-gobierno-capitalino-atender-demandas-legitimas","status":"publish","type":"post","link":"https:\/\/desdeabajo.com.mx\/?p=47514","title":{"rendered":"Demandan trabajadores del STC-Metro al Gobierno capitalino atender demandas \u201cleg\u00edtimas\u201d"},"content":{"rendered":"\n<p>Ciudad de M\u00e9xico<\/p>\n\n\n\n<p>27\/11\/2025<\/p>\n\n\n\n<p>El Sindicato Nacional de Trabajadores del Sistema de Transporte Colectivo, que preside Fernando Espino Ar\u00e9valo, exhort\u00f3 a la Jefa de Gobierno, Clara Brugada que atienda las justas demandas de los Trabajadores del Metro.<br><br>Entre las demandas de \u00edndole laboral, los m\u00e1s de 15 mil Trabajadores del STC exigen Compactaci\u00f3n de Plazas, Revisi\u00f3n de \u00c1reas Peligrosas e Insalubres, Ropa de Trabajo, Equipo de Seguridad para el Personal T\u00e9cnico y Administrativo, entre otras.<br><br>El Presidente Espino Ar\u00e9valo, subray\u00f3 que se organiza una marcha al Z\u00f3calo en caso de no haber soluci\u00f3n a las demandas, llegando incluso si es necesario a realizar un paro en las l\u00edneas del Metro.<br><br>Cabe destacar que el SNTSTC ha solicitado una reuni\u00f3n con la Jefa de Gobierno, sin embargo desde su llegada al Gobierno de la Ciudad de M\u00e9xico no los ha querido recibir.<br><br>Finalmente, como una acci\u00f3n para que sean atendidos los Trabajadores del Metro han colocado cartelones donde piden la atenci\u00f3n de Brugada para las demandas laborales que desde hace meses han realizado.<br><br>Es asi como en los trenes, en las estaciones, en los edificios administrativos se han colocado carteles para exigir atenci\u00f3n a sus justas peticiones laborales.<\/p>\n\n\n\n<p><a href=\"mailto:abelardo_zarate@hotmail.com\">serieys@hotmail.com<\/a><\/p>\n","protected":false},"excerpt":{"rendered":"<p>Ciudad de M\u00e9xico 27\/11\/2025 El Sindicato Nacional de Trabajadores del Sistema de Transporte Colectivo, que preside Fernando Espino Ar\u00e9valo, exhort\u00f3 a la Jefa de Gobierno, Clara Brugada que atienda las justas demandas de los Trabajadores del Metro. Entre las demandas de \u00edndole laboral, los m\u00e1s de 15 mil Trabajadores del&#8230;<\/p>\n","protected":false},"author":1,"featured_media":47515,"comment_status":"closed","ping_status":"open","sticky":false,"template":"","format":"standard","meta":{"inline_featured_image":false,"advgb_blocks_editor_width":"","advgb_blocks_columns_visual_guide":"","footnotes":""},"categories":[32,88],"tags":[],"class_list":["post-47514","post","type-post","status-publish","format-standard","has-post-thumbnail","hentry","category-ciudad-de-mexico","category-metro","penci-post-item"],"aioseo_notices":[],"author_meta":{"display_name":"admin8","author_link":"https:\/\/desdeabajo.com.mx\/?author=1"},"featured_img":"https:\/\/desdeabajo.com.mx\/wp-content\/uploads\/2025\/11\/stc.metro-demandas2711.jpg","coauthors":[],"tax_additional":{"categories":{"linked":["<a href=\"https:\/\/desdeabajo.com.mx\/?cat=32\" class=\"advgb-post-tax-term\">Ciudad de M\u00e9xico<\/a>","<a href=\"https:\/\/desdeabajo.com.mx\/?cat=88\" class=\"advgb-post-tax-term\">METRO<\/a>"],"unlinked":["<span class=\"advgb-post-tax-term\">Ciudad de M\u00e9xico<\/span>","<span class=\"advgb-post-tax-term\">METRO<\/span>"]}},"comment_count":"0","relative_dates":{"created":"Publicado 5 meses hace","modified":"Actualizado 5 meses hace"},"absolute_dates":{"created":"Publicado el 27 de noviembre de 2025","modified":"Actualizado el 27 de noviembre de 2025"},"absolute_dates_time":{"created":"Publicado el 27 de noviembre de 2025 19:15","modified":"Actualizado el 27 de noviembre de 2025 19:15"},"featured_img_caption":"","series_order":"","_links":{"self":[{"href":"https:\/\/desdeabajo.com.mx\/index.php?rest_route=\/wp\/v2\/posts\/47514","targetHints":{"allow":["GET"]}}],"collection":[{"href":"https:\/\/desdeabajo.com.mx\/index.php?rest_route=\/wp\/v2\/posts"}],"about":[{"href":"https:\/\/desdeabajo.com.mx\/index.php?rest_route=\/wp\/v2\/types\/post"}],"author":[{"embeddable":true,"href":"https:\/\/desdeabajo.com.mx\/index.php?rest_route=\/wp\/v2\/users\/1"}],"replies":[{"embeddable":true,"href":"https:\/\/desdeabajo.com.mx\/index.php?rest_route=%2Fwp%2Fv2%2Fcomments&post=47514"}],"version-history":[{"count":1,"href":"https:\/\/desdeabajo.com.mx\/index.php?rest_route=\/wp\/v2\/posts\/47514\/revisions"}],"predecessor-version":[{"id":47516,"href":"https:\/\/desdeabajo.com.mx\/index.php?rest_route=\/wp\/v2\/posts\/47514\/revisions\/47516"}],"wp:featuredmedia":[{"embeddable":true,"href":"https:\/\/desdeabajo.com.mx\/index.php?rest_route=\/wp\/v2\/media\/47515"}],"wp:attachment":[{"href":"https:\/\/desdeabajo.com.mx\/index.php?rest_route=%2Fwp%2Fv2%2Fmedia&parent=47514"}],"wp:term":[{"taxonomy":"category","embeddable":true,"href":"https:\/\/desdeabajo.com.mx\/index.php?rest_route=%2Fwp%2Fv2%2Fcategories&post=47514"},{"taxonomy":"post_tag","embeddable":true,"href":"https:\/\/desdeabajo.com.mx\/index.php?rest_route=%2Fwp%2Fv2%2Ftags&post=47514"}],"curies":[{"name":"wp","href":"https:\/\/api.w.org\/{rel}","templated":true}]}}