{"id":48197,"date":"2026-01-02T23:01:30","date_gmt":"2026-01-03T05:01:30","guid":{"rendered":"https:\/\/desdeabajo.com.mx\/?p=48197"},"modified":"2026-01-02T23:01:35","modified_gmt":"2026-01-03T05:01:35","slug":"sismo-de-magnitud-6-5-en-guerrero-causa-derrumbes-fugas-de-gas-vidrios-rotos-danos-en-el-aeropuerto-de-acapulco-juan-r-escudero-y-tixtla","status":"publish","type":"post","link":"https:\/\/desdeabajo.com.mx\/?p=48197","title":{"rendered":"Sismo de magnitud 6.5 en Guerrero, causa derrumbes, fugas de gas, vidrios rotos, da\u00f1os en el Aeropuerto de Acapulco, Juan R. Escudero y Tixtla"},"content":{"rendered":"<p><strong>Tras el sismo en M\u00e9xico, la Agencia Federal de Aviaci\u00f3n Civil (AFAC) inform\u00f3 sobre los da\u00f1os en el Aeropuerto de Acapulco:<\/strong><strong> Una persona de la tercera edad muere por sismo en San Marcos<\/strong><\/p>\n<p><strong><em>Staff desdeabajo Noticias <\/em><\/strong><\/p>\n<p><strong><em>02\/01 2026 <\/em><\/strong><\/p>\n<p><strong><em>Acapulco, Gro. <\/em><\/strong><\/p>\n<p><strong><em>\u00a0<\/em><\/strong><\/p>\n<p><strong>El sismo magnitud 6-5 y sus m\u00e1s de 800 replicas de este viernes 2 de enero, con<\/strong> <strong>epicentro en San Marcos<\/strong>, Guerrero, ocasion\u00f3 derrumbes, fugas de gas y vidrios rotos, as\u00ed como da\u00f1os en el Aeropuerto de Acapulco, San Marcos, Juan R. Escudero y Tixtla.<\/p>\n<p>La Secretar\u00eda de Gesti\u00f3n Integral de Riesgos y Protecci\u00f3n Civil Guerrero report\u00f3 que verifican afectaciones en 16 municipios del estado, Acapulco, San Marcos, Tecoanapa, Las Vigas, Ayutla de los Libres, San Luis Acatl\u00e1n, Ometepec, Florencio Villarreal, Juan R. Escudero, Chilpancingo, Eduardo Neri, Chilapa de \u00c1lvarez, Tixtla de Guerrero, Tlapa de Comonfort, Coyuca de Ben\u00edtez y Huamuxtitl\u00e1n.<\/p>\n<p>De acuerdo con su titular Roberto Arroyo Matus, se verifican y eval\u00faan afectaciones en hospitales, oficinas de gobierno, escuelas y viviendas, hoteles y restaurantes, lo anterior con el prop\u00f3sito de descartar riesgos y brindar atenci\u00f3n inmediata a la poblaci\u00f3n.<\/p>\n<p>Por instrucciones de la gobernadora Evelyn Salgado Pineda, se ha desplazado al personal operativo a los municipios cercanos al epicentro de dicho movimiento tel\u00farico, con el fin de reforzar los protocolos de atenci\u00f3n inmediata a la poblaci\u00f3n y agilizar el recuento de afectaciones, a fin de que puedan ser atendidas por las autoridades de los tres \u00f3rdenes de gobierno en el menor tiempo posible.<\/p>\n<p><strong>En Acapulco<\/strong><\/p>\n<p><img fetchpriority=\"high\" decoding=\"async\" class=\"alignnone  wp-image-48202\" src=\"http:\/\/desdeabajo.com.mx\/wp-content\/uploads\/2026\/01\/eve-recorrido-279x300.jpg\" alt=\"\" width=\"825\" height=\"887\" srcset=\"https:\/\/desdeabajo.com.mx\/wp-content\/uploads\/2026\/01\/eve-recorrido-279x300.jpg 279w, https:\/\/desdeabajo.com.mx\/wp-content\/uploads\/2026\/01\/eve-recorrido-11x12.jpg 11w, https:\/\/desdeabajo.com.mx\/wp-content\/uploads\/2026\/01\/eve-recorrido.jpg 707w\" sizes=\"(max-width: 825px) 100vw, 825px\" \/><\/p>\n<p>El sismo sorprendi\u00f3 a locales y turistas, quienes tuvieron que evacuar condominios, hoteles y hospitales. Ante la situaci\u00f3n emergente la gobernadora Evelyn Salgado Pineda, inform\u00f3 a trav\u00e9s de una transmisi\u00f3n en vivo por sus redes oficiales, los reportes preliminares y la atenci\u00f3n a la poblaci\u00f3n tras el sismo de magnitud 6.5, registrado a las 7:58 de la ma\u00f1ana con epicentro en el municipio de San Marcos; remarcando que solo una persona perdi\u00f3 la vida \u00a0y se contabilizan da\u00f1os menores debido al movimiento tel\u00farico.<\/p>\n<p>A trav\u00e9s de un bolet\u00edn se inform\u00f3 que, en las instalaciones del Centro de Comando, Control, C\u00f3mputo, Comunicaciones y Contacto Ciudadano del estado de Guerrero (C5), ubicado en Acapulco y previo a la sesi\u00f3n del Consejo Estatal de Protecci\u00f3n Civil, la mandataria se\u00f1al\u00f3 que desde el primer momento se establecieron los protocolos de emergencia y comunicaci\u00f3n directa con la presidenta de la Rep\u00fablica, Claudia Sheinbaum Pardo, quien se encontraba en la conferencia matutina.<\/p>\n<p>Posteriormente Salgado Pineda al salir del (C5), inici\u00f3 recorri\u00f3 la costera Miguel Alem\u00e1n e inform\u00f3 que el sismo de magnitud 6.5 con epicentro en San Marcos dej\u00f3 un saldo de cuatro personas con lesiones menores en ese municipio.<\/p>\n<p>Durante un recorrido de supervisi\u00f3n por la zona hotelera de este puerto, Salgado confirm\u00f3 que la infraestructura tur\u00edstica opera con normalidad y \u201cdesminti\u00f3\u201d afectaciones en la torre de control del aeropuerto, ante un supuesto video que circula referente al temblor de 7.0 en 2021.<\/p>\n<p><strong>\u00bfQu\u00e9 da\u00f1os dej\u00f3 el sismo en el Aeropuerto de Acapulco?<\/strong><\/p>\n<p>Fuentes indicaron a <strong><em>desdeabajo<\/em> Noticias <\/strong>sobre los da\u00f1os registrados en el Aeropuerto de Acapulco. De acuerdo con una nota informativa de la autoridad, El aeropuerto de Acapulco present\u00f3 da\u00f1os en la Torre de Control y en el edificio terminal.<\/p>\n<p>\u201cSe reportan da\u00f1os menores en acabados del edificio terminal comercial (vidrios rotos) sin afectaci\u00f3n a la operaci\u00f3n ni a los usuarios, as\u00ed como da\u00f1os menores en acabados en la Torre de Control (ca\u00edda de plaf\u00f3n) sin afectaci\u00f3n a los trabajadores\u201d, indic\u00f3 la AFAC.<\/p>\n<p><img decoding=\"async\" class=\"alignnone  wp-image-48201\" src=\"http:\/\/desdeabajo.com.mx\/wp-content\/uploads\/2026\/01\/torre-control-169x300.jpg\" alt=\"\" width=\"839\" height=\"1489\" srcset=\"https:\/\/desdeabajo.com.mx\/wp-content\/uploads\/2026\/01\/torre-control-169x300.jpg 169w, https:\/\/desdeabajo.com.mx\/wp-content\/uploads\/2026\/01\/torre-control-7x12.jpg 7w, https:\/\/desdeabajo.com.mx\/wp-content\/uploads\/2026\/01\/torre-control.jpg 400w\" sizes=\"(max-width: 839px) 100vw, 839px\" \/><\/p>\n<p><strong>As\u00ed qued\u00f3 la Torre de Control del Aeropuerto de Acapulco tras el sismo en M\u00e9xico de magnitud 6.5 de este 2 de enero. (Especial) <\/strong><\/p>\n<p>Tras el <strong>sismo en M\u00e9xico<\/strong> de este viernes, los controladores a\u00e9reos que se encontraban en operaci\u00f3n durante el temblor reportaron que se encontraban bien, aunque los da\u00f1os en el plaf\u00f3n de la torre son evidentes.<\/p>\n<p>El aeropuerto de Acapulco es operado por el Grupo Aeroportuario del Centro Norte (OMA), que hab\u00eda rehabilitado dicha instalaci\u00f3n despu\u00e9s del paso del hurac\u00e1n \u201cOtis\u201d.<\/p>\n<p>Acapulco est\u00e1 en plena recuperaci\u00f3n tur\u00edstica. Seg\u00fan la secretaria de Turismo, Josefina Rodr\u00edguez, el puerto est\u00e1 a punto de alcanzar los niveles previos a la pandemia en ocupaci\u00f3n hotelera.<\/p>\n<p>Adem\u00e1s, se han rehabilitado las principales v\u00edas terrestres que conectan las diferentes zonas de inter\u00e9s del puerto de Acapulco.<\/p>\n<p><strong>Aeropuerto de Acapulco opera con normalidad tras sismo; vuelos y servicios contin\u00faan sin afectaciones<\/strong><\/p>\n<p><img decoding=\"async\" class=\"alignnone  wp-image-48200\" src=\"http:\/\/desdeabajo.com.mx\/wp-content\/uploads\/2026\/01\/operaciones-aereas--300x149.jpg\" alt=\"\" width=\"846\" height=\"420\" srcset=\"https:\/\/desdeabajo.com.mx\/wp-content\/uploads\/2026\/01\/operaciones-aereas--300x149.jpg 300w, https:\/\/desdeabajo.com.mx\/wp-content\/uploads\/2026\/01\/operaciones-aereas--18x9.jpg 18w, https:\/\/desdeabajo.com.mx\/wp-content\/uploads\/2026\/01\/operaciones-aereas-.jpg 680w\" sizes=\"(max-width: 846px) 100vw, 846px\" \/><\/p>\n<p>El Aeropuerto Internacional del puerto de Acapulco, Juan N \u00c1lvarez, opera de manera normal luego del sismo registrado la ma\u00f1ana de este viernes, manteniendo sin retrasos las salidas, llegadas y conexiones programadas.<\/p>\n<p>Las autoridades aeroportuarias informaron que, tras una revisi\u00f3n preventiva de rutina, no se detectaron afectaciones en la infraestructura ni en los servicios operativos, por lo que todas las actividades contin\u00faan de forma regular.<\/p>\n<p>Los vuelos comerciales, as\u00ed como la atenci\u00f3n a pasajeros y aerol\u00edneas, se desarrollan con normalidad y seguridad.<\/p>\n<p>La gobernadora Evelyn Salgado Pineda a trav\u00e9s de las diversas instituciones mantiene el acompa\u00f1amiento y atenci\u00f3n a turistas y visitantes que arriban a este destino de playa, refrendando el compromiso de garantizar confianza y continuidad en la operaci\u00f3n tur\u00edstica del puerto.<\/p>\n<p><strong>Bocinas mudas y millones perdidos: el alertamiento que nunca lleg\u00f3 en Acapulco Ni una sola bocina son\u00f3.<\/strong><\/p>\n<p><img loading=\"lazy\" decoding=\"async\" class=\"alignnone  wp-image-48198\" src=\"http:\/\/desdeabajo.com.mx\/wp-content\/uploads\/2026\/01\/bocinas-297x300.jpg\" alt=\"\" width=\"840\" height=\"848\" srcset=\"https:\/\/desdeabajo.com.mx\/wp-content\/uploads\/2026\/01\/bocinas-297x300.jpg 297w, https:\/\/desdeabajo.com.mx\/wp-content\/uploads\/2026\/01\/bocinas-150x150.jpg 150w, https:\/\/desdeabajo.com.mx\/wp-content\/uploads\/2026\/01\/bocinas-12x12.jpg 12w, https:\/\/desdeabajo.com.mx\/wp-content\/uploads\/2026\/01\/bocinas.jpg 611w\" sizes=\"(max-width: 840px) 100vw, 840px\" \/><\/p>\n<p>En el mismo recorrido trascendi\u00f3 que pese a que la alcaldesa Abelina L\u00f3pez Rodr\u00edguez anunci\u00f3 con bombo y platillo la instalaci\u00f3n de 13 bocinas de alertamiento s\u00edsmico que, en teor\u00eda, proteger\u00edan a la poblaci\u00f3n.<\/p>\n<p>La realidad fue otra: ninguna funcion\u00f3.<\/p>\n<p>De acuerdo con contratos oficiales, el sistema tuvo un costo de alrededor de 3 millones de pesos, una cifra que hoy provoca indignaci\u00f3n y preguntas inevitables:<\/p>\n<p>\u00bfPor qu\u00e9 no se activaron?<\/p>\n<p>\u00bfEst\u00e1n en funcionamiento real?<\/p>\n<p>\u00bfQui\u00e9n supervis\u00f3 la compra y la instalaci\u00f3n?<\/p>\n<p>La alcaldesa Abelina L\u00f3pez enfrenta ahora un nuevo se\u00f1alamiento ciudadano, mientras el silencio oficial solo alimenta la desconfianza. En una ciudad golpeada por sismos, huracanes y abandono institucional, fallar en la prevenci\u00f3n puede costar vidas.<\/p>\n<p>M\u00e1s que bocinas decorativas, Acapulco necesita transparencia, mantenimiento y responsabilidad. Porque cuando la tierra tiembla, lo m\u00ednimo que se espera es que el sistema de alertamiento cumpla su funci\u00f3n.<\/p>\n<p>Y t\u00fa, \u00bfcrees que fue solo una falla t\u00e9cnica o un nuevo caso de recursos mal utilizados?<\/p>\n<p><strong>CAPAMA suspende el servicio de agua por corte de luz<\/strong><\/p>\n<p><img loading=\"lazy\" decoding=\"async\" class=\"alignnone  wp-image-48199\" src=\"http:\/\/desdeabajo.com.mx\/wp-content\/uploads\/2026\/01\/bomba-capta-300x158.jpg\" alt=\"\" width=\"854\" height=\"450\" srcset=\"https:\/\/desdeabajo.com.mx\/wp-content\/uploads\/2026\/01\/bomba-capta-300x158.jpg 300w, https:\/\/desdeabajo.com.mx\/wp-content\/uploads\/2026\/01\/bomba-capta-768x404.jpg 768w, https:\/\/desdeabajo.com.mx\/wp-content\/uploads\/2026\/01\/bomba-capta-18x9.jpg 18w, https:\/\/desdeabajo.com.mx\/wp-content\/uploads\/2026\/01\/bomba-capta.jpg 770w\" sizes=\"(max-width: 854px) 100vw, 854px\" \/><\/p>\n<p>M\u00e1s tarde, la Comisi\u00f3n de Agua Potable y Alcantarillado del Municipio de Acapulco (CAPAMA) inform\u00f3 que el temblor dej\u00f3 sin luz a los sistemas de captaci\u00f3n Papagayo I, Papagayo II y Lomas de Chapultepec, por lo que el servicio de agua se encuentra suspendido este viernes.<\/p>\n<p>En pueblos de los Bienes Comunales de Cacahuatepec, el sismo caus\u00f3 que algunas casas quedaran coartadas y comunidades enteras no tengan luz.<\/p>\n<p>V\u00eda telef\u00f3nica, un poblador de la localidad de Cacahuatepec inform\u00f3 que el temblor los dej\u00f3 sin luz desde las 7:58 de la ma\u00f1ana, al igual que en las comunidades cercanas, como El Rinc\u00f3n, Apalani, El Cant\u00f3n y Huamuchitos.<\/p>\n<p>Asimismo, las casas del gobierno federal construidas a ra\u00edz de los fen\u00f3menos meteorol\u00f3gicos <em>Ingrid y<\/em> <em>Manuel<\/em> de 2013 quedaron m\u00e1s da\u00f1adas de lo que ya estaban desde hace unos a\u00f1os.<\/p>\n<p>Tambi\u00e9n existe el reporte de casas afectadas en Apalani y Cruces de Cacahuatepec, las r\u00e9plicas se est\u00e1n sintiendo \u201cfuerte\u201d, dijo el campesino.<\/p>\n<p><strong>Denuncia en <em>desdeabajo<\/em> Noticias! <\/strong><\/p>\n<p><strong><br \/>\n<\/strong><strong>\u00bfConoces o tienes\u00a0fotos y videos\u00a0de alg\u00fan acto de posible negligencia, corrupci\u00f3n y abuso de autoridad? M\u00e1ndalo al\u00a0WhatsApp:\u00a0 de desdeabajoNoticias: 7443262471.\u00a0\u00a1Comp\u00e1rtelo! Nosotros le damos seguimiento.<\/strong><\/p>\n<p><a href=\"http:\/\/www.desdeabajo.com.mx\"><strong>www.desdeabajo.com.mx<\/strong><\/a><\/p>\n<p><strong>S\u00edguenos tambi\u00e9n en Twitter:<\/strong> <strong>@Yae31099C<\/strong> <strong>en Facebook: DesdeabajoAca:<\/strong><strong>https:\/\/www.facebook.com\/profile.php?id=1000636239783<\/strong><\/p>\n","protected":false},"excerpt":{"rendered":"<p>Tras el sismo en M\u00e9xico, la Agencia Federal de Aviaci\u00f3n Civil (AFAC) inform\u00f3 sobre los da\u00f1os en el Aeropuerto de Acapulco: Una persona de la tercera edad muere por sismo en San Marcos Staff desdeabajo Noticias 02\/01 2026 Acapulco, Gro. \u00a0 El sismo magnitud 6-5 y sus m\u00e1s de 800 replicas de este viernes 2 [&hellip;]<\/p>\n","protected":false},"author":1,"featured_media":48203,"comment_status":"closed","ping_status":"open","sticky":false,"template":"","format":"standard","meta":{"inline_featured_image":false,"advgb_blocks_editor_width":"","advgb_blocks_columns_visual_guide":"","footnotes":""},"categories":[56],"tags":[41],"class_list":["post-48197","post","type-post","status-publish","format-standard","has-post-thumbnail","hentry","category-desastres","tag-destacadas"],"aioseo_notices":[],"author_meta":{"display_name":"admin8","author_link":"https:\/\/desdeabajo.com.mx\/?author=1"},"featured_img":"https:\/\/desdeabajo.com.mx\/wp-content\/uploads\/2026\/01\/danos-san-marcos-sismo--300x169.jpg","coauthors":[],"tax_additional":{"categories":{"linked":["<a href=\"https:\/\/desdeabajo.com.mx\/?cat=56\" class=\"advgb-post-tax-term\">Desastre&#039;s<\/a>"],"unlinked":["<span class=\"advgb-post-tax-term\">Desastre&#039;s<\/span>"]},"tags":{"linked":["<a href=\"https:\/\/desdeabajo.com.mx\/?cat=56\" class=\"advgb-post-tax-term\">destacadas<\/a>"],"unlinked":["<span class=\"advgb-post-tax-term\">destacadas<\/span>"]}},"comment_count":"0","relative_dates":{"created":"Publicado 4 meses hace","modified":"Actualizado 4 meses hace"},"absolute_dates":{"created":"Publicado el 2 de enero de 2026","modified":"Actualizado el 2 de enero de 2026"},"absolute_dates_time":{"created":"Publicado el 2 de enero de 2026 23:01","modified":"Actualizado el 2 de enero de 2026 23:01"},"featured_img_caption":"","series_order":"","_links":{"self":[{"href":"https:\/\/desdeabajo.com.mx\/index.php?rest_route=\/wp\/v2\/posts\/48197","targetHints":{"allow":["GET"]}}],"collection":[{"href":"https:\/\/desdeabajo.com.mx\/index.php?rest_route=\/wp\/v2\/posts"}],"about":[{"href":"https:\/\/desdeabajo.com.mx\/index.php?rest_route=\/wp\/v2\/types\/post"}],"author":[{"embeddable":true,"href":"https:\/\/desdeabajo.com.mx\/index.php?rest_route=\/wp\/v2\/users\/1"}],"replies":[{"embeddable":true,"href":"https:\/\/desdeabajo.com.mx\/index.php?rest_route=%2Fwp%2Fv2%2Fcomments&post=48197"}],"version-history":[{"count":1,"href":"https:\/\/desdeabajo.com.mx\/index.php?rest_route=\/wp\/v2\/posts\/48197\/revisions"}],"predecessor-version":[{"id":48204,"href":"https:\/\/desdeabajo.com.mx\/index.php?rest_route=\/wp\/v2\/posts\/48197\/revisions\/48204"}],"wp:featuredmedia":[{"embeddable":true,"href":"https:\/\/desdeabajo.com.mx\/index.php?rest_route=\/wp\/v2\/media\/48203"}],"wp:attachment":[{"href":"https:\/\/desdeabajo.com.mx\/index.php?rest_route=%2Fwp%2Fv2%2Fmedia&parent=48197"}],"wp:term":[{"taxonomy":"category","embeddable":true,"href":"https:\/\/desdeabajo.com.mx\/index.php?rest_route=%2Fwp%2Fv2%2Fcategories&post=48197"},{"taxonomy":"post_tag","embeddable":true,"href":"https:\/\/desdeabajo.com.mx\/index.php?rest_route=%2Fwp%2Fv2%2Ftags&post=48197"}],"curies":[{"name":"wp","href":"https:\/\/api.w.org\/{rel}","templated":true}]}}