{"id":48209,"date":"2026-01-02T23:23:17","date_gmt":"2026-01-03T05:23:17","guid":{"rendered":"https:\/\/desdeabajo.com.mx\/?p=48209"},"modified":"2026-01-02T23:23:23","modified_gmt":"2026-01-03T05:23:23","slug":"confirma-la-gobernadora-evelyn-salgado-el-deceso-de-una-mujer-por-colapso-de-su-vivienda-en-san-marcos","status":"publish","type":"post","link":"https:\/\/desdeabajo.com.mx\/?p=48209","title":{"rendered":"Confirma la gobernadora Evelyn Salgado el deceso de una mujer por colapso de su vivienda en San Marcos"},"content":{"rendered":"<ul>\n<li><strong> Tambi\u00e9n se reportan cuatro heridos; llama la mandataria a guardar la calma.<\/strong><\/li>\n<\/ul>\n<p><strong>\u00a0<\/strong><\/p>\n<p><strong><em>Ana Lilia Torres \/<\/em><\/strong><\/p>\n<p><strong><em>02\/01\/2025<\/em><\/strong><\/p>\n<p><strong><em>Acapulco, Gro. <\/em><\/strong><\/p>\n<p><strong><em>\u00a0<\/em><\/strong><\/p>\n<p>La gobernadora Evelyn Salgado Pineda confirm\u00f3 el fallecimiento de una mujer por colapso de su vivienda a causa del sismo de 6.5, en la comunidad de Las Minas, municipio de San Marcos, regi\u00f3n de la Costa Chica del estado.<\/p>\n<p>Durante un recorrido por ese municipio, la mandataria estatal dijo que de acuero con el reporte preliminar de da\u00f1os, hay tambi\u00e9n 4 heridos a causa del fuerte temblor, quienes recibieron atenci\u00f3n m\u00e9dica y se encuentran estables.<\/p>\n<p>La v\u00edctima, una mujer de 50 a\u00f1os estaba en su casa de adobe y techo de l\u00e1mina, cuando ocurri\u00f3 el temblor y colaps\u00f3 sobre ella.<\/p>\n<p>El sismo tuvo como epicentro San Marcos, donde se reportan al menos 500 vivienda con da\u00f1os, principalmente grietas, ca\u00edda de techos y derrumbes.<\/p>\n<p>La gobernadora se\u00f1al\u00f3 que estos da\u00f1os son preliminares y que se est\u00e1n supervisando las zonas afectadas para tener un informe completo a nivel estatal.<\/p>\n<p>\u00abDesafortunadamente una femenina de la comunidad de Las Minas, perdi\u00f3 la vida a consecuencia de que colaps\u00f3 su vivienda\u00bb, confirm\u00f3 Salgado Pineda.<\/p>\n<p>La mandataria pidi\u00f3 guardar la calma ante la serie de r\u00e9plicas que se registran a partir del sismo de 6.5, que provoc\u00f3 severas afectaciones en San Marcos y Acapulco.<\/p>\n<p>Evelyn Salgado hizo un recorrido en la zona tur\u00edsrica de Acapulco y despu\u00e9s en San Marcos, acompa\u00f1ada del alcalde Misael Lorenzo Castillo, para garantizar que su gobierno brindar\u00e1 ayuda a la poblaci\u00f3n afectada.<\/p>\n<p><strong>\u00a0<\/strong><\/p>\n<p><strong>\u00a0<\/strong><\/p>\n<p><strong>Denuncia en <em>desdeabajo<\/em> Noticias! <\/strong><\/p>\n<p><strong><br \/>\n<\/strong><strong>\u00bfConoces o tienes\u00a0fotos y videos\u00a0de alg\u00fan acto de posible negligencia, corrupci\u00f3n y abuso de autoridad? M\u00e1ndalo al\u00a0WhatsApp:\u00a0 de desdeabajoNoticias: 7443262471.\u00a0\u00a1Comp\u00e1rtelo! Nosotros le damos seguimiento.<\/strong><\/p>\n<p><a href=\"http:\/\/www.desdeabajo.com.mx\"><strong>www.desdeabajo.com.mx<\/strong><\/a><\/p>\n<p><strong>S\u00edguenos tambi\u00e9n en Twitter:<\/strong> <strong>@Yae31099C<\/strong> <strong>en Facebook: DesdeabajoAca:<\/strong><strong>https:\/\/www.facebook.com\/profile.php?id=1000636239783<\/strong><\/p>\n","protected":false},"excerpt":{"rendered":"<p>Tambi\u00e9n se reportan cuatro heridos; llama la mandataria a guardar la calma. \u00a0 Ana Lilia Torres \/ 02\/01\/2025 Acapulco, Gro. \u00a0 La gobernadora Evelyn Salgado Pineda confirm\u00f3 el fallecimiento de una mujer por colapso de su vivienda a causa del sismo de 6.5, en la comunidad de Las Minas, municipio de San Marcos, regi\u00f3n de [&hellip;]<\/p>\n","protected":false},"author":1,"featured_media":48210,"comment_status":"closed","ping_status":"open","sticky":false,"template":"","format":"standard","meta":{"inline_featured_image":false,"advgb_blocks_editor_width":"","advgb_blocks_columns_visual_guide":"","footnotes":""},"categories":[14],"tags":[41],"class_list":["post-48209","post","type-post","status-publish","format-standard","has-post-thumbnail","hentry","category-guerrero","tag-destacadas"],"aioseo_notices":[],"author_meta":{"display_name":"admin8","author_link":"https:\/\/desdeabajo.com.mx\/?author=1"},"featured_img":"https:\/\/desdeabajo.com.mx\/wp-content\/uploads\/2026\/01\/eve-sanmarcos-300x169.jpg","coauthors":[],"tax_additional":{"categories":{"linked":["<a href=\"https:\/\/desdeabajo.com.mx\/?cat=14\" class=\"advgb-post-tax-term\">Guerrero<\/a>"],"unlinked":["<span class=\"advgb-post-tax-term\">Guerrero<\/span>"]},"tags":{"linked":["<a href=\"https:\/\/desdeabajo.com.mx\/?cat=14\" class=\"advgb-post-tax-term\">destacadas<\/a>"],"unlinked":["<span class=\"advgb-post-tax-term\">destacadas<\/span>"]}},"comment_count":"0","relative_dates":{"created":"Publicado 4 meses hace","modified":"Actualizado 4 meses hace"},"absolute_dates":{"created":"Publicado el 2 de enero de 2026","modified":"Actualizado el 2 de enero de 2026"},"absolute_dates_time":{"created":"Publicado el 2 de enero de 2026 23:23","modified":"Actualizado el 2 de enero de 2026 23:23"},"featured_img_caption":"","series_order":"","_links":{"self":[{"href":"https:\/\/desdeabajo.com.mx\/index.php?rest_route=\/wp\/v2\/posts\/48209","targetHints":{"allow":["GET"]}}],"collection":[{"href":"https:\/\/desdeabajo.com.mx\/index.php?rest_route=\/wp\/v2\/posts"}],"about":[{"href":"https:\/\/desdeabajo.com.mx\/index.php?rest_route=\/wp\/v2\/types\/post"}],"author":[{"embeddable":true,"href":"https:\/\/desdeabajo.com.mx\/index.php?rest_route=\/wp\/v2\/users\/1"}],"replies":[{"embeddable":true,"href":"https:\/\/desdeabajo.com.mx\/index.php?rest_route=%2Fwp%2Fv2%2Fcomments&post=48209"}],"version-history":[{"count":1,"href":"https:\/\/desdeabajo.com.mx\/index.php?rest_route=\/wp\/v2\/posts\/48209\/revisions"}],"predecessor-version":[{"id":48211,"href":"https:\/\/desdeabajo.com.mx\/index.php?rest_route=\/wp\/v2\/posts\/48209\/revisions\/48211"}],"wp:featuredmedia":[{"embeddable":true,"href":"https:\/\/desdeabajo.com.mx\/index.php?rest_route=\/wp\/v2\/media\/48210"}],"wp:attachment":[{"href":"https:\/\/desdeabajo.com.mx\/index.php?rest_route=%2Fwp%2Fv2%2Fmedia&parent=48209"}],"wp:term":[{"taxonomy":"category","embeddable":true,"href":"https:\/\/desdeabajo.com.mx\/index.php?rest_route=%2Fwp%2Fv2%2Fcategories&post=48209"},{"taxonomy":"post_tag","embeddable":true,"href":"https:\/\/desdeabajo.com.mx\/index.php?rest_route=%2Fwp%2Fv2%2Ftags&post=48209"}],"curies":[{"name":"wp","href":"https:\/\/api.w.org\/{rel}","templated":true}]}}