{"id":48213,"date":"2026-01-05T15:57:31","date_gmt":"2026-01-05T21:57:31","guid":{"rendered":"https:\/\/desdeabajo.com.mx\/?p=48213"},"modified":"2026-01-05T15:57:38","modified_gmt":"2026-01-05T21:57:38","slug":"familiares-de-desaparecidos-de-la-guerra-sucia-piden-una-reunion-con-claudia-sheinbaum","status":"publish","type":"post","link":"https:\/\/desdeabajo.com.mx\/?p=48213","title":{"rendered":"Familiares de desaparecidos de la Guerra Sucia, piden una reuni\u00f3n con Claudia Sheinbaum"},"content":{"rendered":"<p><strong>Los colectivos reiteraron que su exigencia no es pol\u00edtica ni partidista, sino un reclamo leg\u00edtimo de justicia, y concluyeron que no habr\u00e1 reconciliaci\u00f3n posible mientras no se esclarezcan los cr\u00edmenes y se castigue a los responsables. <\/strong><\/p>\n<p><strong><em>Marcial Campuzano<\/em><\/strong><\/p>\n<p><strong><em>29\/12\/2025<\/em><\/strong><\/p>\n<p><strong><em>Chilpancingo, Gro. <\/em><\/strong><\/p>\n<p>Colectivos integrados por familiares de personas desaparecidas, ejecutadas y torturadas durante la Guerra Sucia en Guerrero exigieron una reuni\u00f3n urgente con la presidenta de M\u00e9xico, Claudia Sheinbaum Pardo, para que atienda directamente sus demandas de verdad, justicia y reparaci\u00f3n integral del da\u00f1o, al denunciar que, a m\u00e1s de 50 a\u00f1os de los hechos, persiste una impunidad absoluta.<\/p>\n<p>Octaviano Gervasio Serrano, del colectivo de Esposas e Hijos Desaparecidos de la Guerra Sucia; y Estela Arroyo Castro, de la Asociaci\u00f3n Representativa de Ejidos y Comunidades de Violaciones a los Derechos Humanos y Grupos Vulnerables, se\u00f1alaron en conferencia de prensa que solicitaron formalmente ser recibidos por la titular del Ejecutivo federal sin obtener hasta ahora respuesta, pese a la gravedad de los cr\u00edmenes de lesa humanidad cometidos por agentes del Estado mexicano.<\/p>\n<p>Denunciaron que no existen avances reales en las investigaciones y que la Fiscal\u00eda General de la Rep\u00fablica mantiene una pol\u00edtica de simulaci\u00f3n, lo que ha permitido el encubrimiento sistem\u00e1tico de militares y funcionarios responsables de desapariciones forzadas, ejecuciones sumarias, tortura y violencia sexual.<\/p>\n<p>Recordaron que durante el periodo de exterminio estatal contra la poblaci\u00f3n civil, elementos del Ej\u00e9rcito mexicano, la Fuerza A\u00e9rea y corporaciones policiacas federales y estatales participaron de manera directa en miles de violaciones graves a los derechos humanos.<\/p>\n<p>Entre sus exigencias inmediatas, demandaron la entrega de los restos de Eduviges Ovillada Ortiz y Francisco Rojas Nazario, v\u00edctimas de ejecuciones sumarias cometidas por elementos castrenses, as\u00ed como la identificaci\u00f3n y sanci\u00f3n de todos los responsables.<\/p>\n<p>Asimismo, exigieron que el gobierno del estado de Guerrero ofrezca una disculpa p\u00fablica por haber rendido homenaje al ex gobernador Rub\u00e9n Figueroa Figueroa, a quien se\u00f1alaron como uno de los principales responsables de la represi\u00f3n, desapariciones forzadas y masacres ocurridas en la entidad.<\/p>\n<p>Los colectivos pidieron tambi\u00e9n la incorporaci\u00f3n al Calendario C\u00edvico Oficial de Guerrero de las fechas de nacimiento y muerte de los profesores Lucio Caba\u00f1as Barrientos y Genaro V\u00e1zquez Rojas, adem\u00e1s de declarar un d\u00eda oficial en memoria de las v\u00edctimas de los cr\u00edmenes de lesa humanidad cometidos durante la Guerra Sucia.<\/p>\n<p>Subrayaron que rendir homenajes a responsables de la represi\u00f3n constituye una ofensa a la memoria de las v\u00edctimas, y una forma de revictimizaci\u00f3n para sus familiares quienes contin\u00faan sin conocer el paradero de cientos de desaparecidos.<\/p>\n<p>Recordaron que la Comisi\u00f3n para el Acceso a la Verdad concluy\u00f3 sus trabajos en agosto de 2024, documentando al menos 8, 594 v\u00edctimas y cientos de presuntos responsables, sin que hasta el momento exista una sola sentencia contra militares implicados.<\/p>\n<p>Ante este escenario, insistieron en la necesidad de que la presidenta Claudia Sheinbaum los reciba en audiencia, para conocer de primera mano los testimonios de las v\u00edctimas y asumir un compromiso real con la judicializaci\u00f3n de los culpables.<\/p>\n<p>Los colectivos reiteraron que su exigencia no es pol\u00edtica ni partidista, sino un reclamo leg\u00edtimo de justicia, y concluyeron que no habr\u00e1 reconciliaci\u00f3n posible mientras no se esclarezcan los cr\u00edmenes y se castigue a los responsables.<\/p>\n<p>Recordaron que durante el periodo de violencia pol\u00edtica, elementos del Ej\u00e9rcito, Fuerza A\u00e9rea, polic\u00edas federales y estatales participaron de manera sistem\u00e1tica en desapariciones forzadas, ejecuciones extrajudiciales, encarcelamientos clandestinos y desplazamientos forzados, hechos reconocidos incluso por instancias oficiales.<\/p>\n<p><strong>\u00a0<\/strong><\/p>\n<p><strong>Denuncia en <em>desdeabajo<\/em> Noticias! <\/strong><\/p>\n<p><strong><br \/>\n<\/strong><strong>\u00bfConoces o tienes\u00a0fotos y videos\u00a0de alg\u00fan acto de posible negligencia, corrupci\u00f3n y abuso de autoridad? M\u00e1ndalo al\u00a0WhatsApp:\u00a0 de desdeabajoNoticias: 7443262471.\u00a0\u00a1Comp\u00e1rtelo! Nosotros le damos seguimiento.<\/strong><\/p>\n<p><a href=\"http:\/\/www.desdeabajo.com.mx\"><strong>www.desdeabajo.com.mx<\/strong><\/a><\/p>\n<p><strong>S\u00edguenos tambi\u00e9n en Twitter:<\/strong> <strong>@Yae31099C<\/strong> <strong>en Facebook: DesdeabajoAca:<\/strong><strong>https:\/\/www.facebook.com\/profile.php?id=1000636239783<\/strong><\/p>\n","protected":false},"excerpt":{"rendered":"<p>Los colectivos reiteraron que su exigencia no es pol\u00edtica ni partidista, sino un reclamo leg\u00edtimo de justicia, y concluyeron que no habr\u00e1 reconciliaci\u00f3n posible mientras no se esclarezcan los cr\u00edmenes y se castigue a los responsables. Marcial Campuzano 29\/12\/2025 Chilpancingo, Gro. Colectivos integrados por familiares de personas desaparecidas, ejecutadas y torturadas durante la Guerra Sucia [&hellip;]<\/p>\n","protected":false},"author":1,"featured_media":48214,"comment_status":"closed","ping_status":"open","sticky":false,"template":"","format":"standard","meta":{"inline_featured_image":false,"advgb_blocks_editor_width":"","advgb_blocks_columns_visual_guide":"","footnotes":""},"categories":[89],"tags":[41],"class_list":["post-48213","post","type-post","status-publish","format-standard","has-post-thumbnail","hentry","category-grupos-sociales","tag-destacadas"],"aioseo_notices":[],"author_meta":{"display_name":"admin8","author_link":"https:\/\/desdeabajo.com.mx\/?author=1"},"featured_img":"https:\/\/desdeabajo.com.mx\/wp-content\/uploads\/2026\/01\/colectivo-marcial-300x169.jpg","coauthors":[],"tax_additional":{"categories":{"linked":["<a href=\"https:\/\/desdeabajo.com.mx\/?cat=89\" class=\"advgb-post-tax-term\">Grupos Sociales<\/a>"],"unlinked":["<span class=\"advgb-post-tax-term\">Grupos Sociales<\/span>"]},"tags":{"linked":["<a href=\"https:\/\/desdeabajo.com.mx\/?cat=89\" class=\"advgb-post-tax-term\">destacadas<\/a>"],"unlinked":["<span class=\"advgb-post-tax-term\">destacadas<\/span>"]}},"comment_count":"0","relative_dates":{"created":"Publicado 4 meses hace","modified":"Actualizado 4 meses hace"},"absolute_dates":{"created":"Publicado el 5 de enero de 2026","modified":"Actualizado el 5 de enero de 2026"},"absolute_dates_time":{"created":"Publicado el 5 de enero de 2026 15:57","modified":"Actualizado el 5 de enero de 2026 15:57"},"featured_img_caption":"","series_order":"","_links":{"self":[{"href":"https:\/\/desdeabajo.com.mx\/index.php?rest_route=\/wp\/v2\/posts\/48213","targetHints":{"allow":["GET"]}}],"collection":[{"href":"https:\/\/desdeabajo.com.mx\/index.php?rest_route=\/wp\/v2\/posts"}],"about":[{"href":"https:\/\/desdeabajo.com.mx\/index.php?rest_route=\/wp\/v2\/types\/post"}],"author":[{"embeddable":true,"href":"https:\/\/desdeabajo.com.mx\/index.php?rest_route=\/wp\/v2\/users\/1"}],"replies":[{"embeddable":true,"href":"https:\/\/desdeabajo.com.mx\/index.php?rest_route=%2Fwp%2Fv2%2Fcomments&post=48213"}],"version-history":[{"count":1,"href":"https:\/\/desdeabajo.com.mx\/index.php?rest_route=\/wp\/v2\/posts\/48213\/revisions"}],"predecessor-version":[{"id":48215,"href":"https:\/\/desdeabajo.com.mx\/index.php?rest_route=\/wp\/v2\/posts\/48213\/revisions\/48215"}],"wp:featuredmedia":[{"embeddable":true,"href":"https:\/\/desdeabajo.com.mx\/index.php?rest_route=\/wp\/v2\/media\/48214"}],"wp:attachment":[{"href":"https:\/\/desdeabajo.com.mx\/index.php?rest_route=%2Fwp%2Fv2%2Fmedia&parent=48213"}],"wp:term":[{"taxonomy":"category","embeddable":true,"href":"https:\/\/desdeabajo.com.mx\/index.php?rest_route=%2Fwp%2Fv2%2Fcategories&post=48213"},{"taxonomy":"post_tag","embeddable":true,"href":"https:\/\/desdeabajo.com.mx\/index.php?rest_route=%2Fwp%2Fv2%2Ftags&post=48213"}],"curies":[{"name":"wp","href":"https:\/\/api.w.org\/{rel}","templated":true}]}}