{"id":48216,"date":"2026-01-05T16:09:38","date_gmt":"2026-01-05T22:09:38","guid":{"rendered":"https:\/\/desdeabajo.com.mx\/?p=48216"},"modified":"2026-01-05T16:09:44","modified_gmt":"2026-01-05T22:09:44","slug":"la-uagro-debe-exigir-justicia-por-victimas-de-la-guerra-sucia-no-solo-dar-reconocimientos","status":"publish","type":"post","link":"https:\/\/desdeabajo.com.mx\/?p=48216","title":{"rendered":"La UAGro debe exigir justicia por v\u00edctimas de la guerra sucia, no solo dar reconocimientos"},"content":{"rendered":"<p><strong>**El planteamiento lo hicieron colectivos integrados por v\u00edctimas de militares\/**A 50 a\u00f1os de los hechos no hay avances significativos; prevalece la impunidad, dijeron<\/strong><\/p>\n<p><strong>\u00a0<\/strong><\/p>\n<p><strong><em>Marcial Campuzano<\/em><\/strong><\/p>\n<p><strong><em>29\/12\/2025<\/em><\/strong><\/p>\n<p><strong><em>Chilpancingo, Gro. <\/em><\/strong><\/p>\n<p><strong><em>\u00a0<\/em><\/strong><\/p>\n<p><strong><em>\u00a0<\/em><\/strong><\/p>\n<p>Familiares directos de guerrerenses asesinados, torturados y desaparecidos durante la llamada Guerra Sucia que vivi\u00f3 Guerrero en las d\u00e9cadas de los sesenta y setenta expresaron su respaldo al homenaje que la Universidad Aut\u00f3noma de Guerrero (UAGro) realizar\u00e1 este 30 de diciembre a los comandantes guerrilleros Lucio Caba\u00f1as Barrientos y Genaro V\u00e1zquez Rojas, pero demandaron que dicho acto sea de buena fe y no se limite a un evento simb\u00f3lico.<\/p>\n<p>Integrantes de colectivos de v\u00edctimas se\u00f1alaron que esperan que la universidad acompa\u00f1e este reconocimiento con acciones concretas para exigir justicia, verdad y castigo a los responsables de las graves violaciones a los derechos humanos cometidas en ese periodo.<\/p>\n<p>En entrevista, Octaviano Gervasio Serrano, integrante del Colectivo de Esposas e Hijos Desaparecidos en la Guerra Sucia, afirm\u00f3 que est\u00e1n de acuerdo en que se rinda homenaje a Genaro V\u00e1zquez, Lucio Caba\u00f1as y a todas las v\u00edctimas, pero subray\u00f3 que debe priorizarse la b\u00fasqueda de las personas desaparecidas y el esclarecimiento de los hechos.<\/p>\n<p>Indic\u00f3 que la UAGro, como instituci\u00f3n p\u00fablica, puede jugar un papel m\u00e1s activo no solo con pronunciamientos, sino brindando apoyo a las comunidades m\u00e1s afectadas, particularmente a la regi\u00f3n de Atoyac de \u00c1lvarez, donde la represi\u00f3n fue m\u00e1s brutal y dej\u00f3 severas afectaciones sociales y econ\u00f3micas.<\/p>\n<p>Se\u00f1al\u00f3 que uno de los pendientes es la reactivaci\u00f3n de las plantaciones de caf\u00e9 en la sierra de Atoyac, las cuales fueron devastadas y abandonadas durante el combate a la guerrilla, por lo que consider\u00f3 que la Escuela de Agricultura de la UAGro podr\u00eda aportar asesor\u00eda t\u00e9cnica a los productores.<\/p>\n<p>Asimismo, mencion\u00f3 que la universidad cuenta con facultades de Medicina y otras \u00e1reas que podr\u00edan apoyar a las v\u00edctimas, muchas de las cuales enfrentan problemas graves de salud sin acceso a atenci\u00f3n especializada, como parte de la exigencia de una reparaci\u00f3n integral del da\u00f1o.<\/p>\n<p>Gervasio Serrano record\u00f3 que la represi\u00f3n dej\u00f3 comunidades enteras enlutadas, con viudas, hu\u00e9rfanos y familias que a\u00fan esperan conocer el paradero de sus seres queridos, al se\u00f1alar que los desaparecidos no pudieron haber sido borrados sin dejar rastro.<\/p>\n<p>Afirm\u00f3 que, aunque con la llegada del actual gobierno federal se generaron expectativas de justicia, los avances han sido lentos, por lo que exigieron una audiencia con la presidenta Claudia Sheinbaum para que conozca directamente los rostros y testimonios de las v\u00edctimas.<\/p>\n<p>Sobre el homenaje universitario, aclar\u00f3 que no buscan politizar el evento ni atribuirle fines personalistas. Confi\u00f3 en que la UAGro act\u00fae de buena fe, dejando que sea la sociedad quien juzgue el alcance real de esta acci\u00f3n.<\/p>\n<p>Record\u00f3 que no existe una cifra exacta de personas desaparecidas durante la Guerra Sucia en Guerrero, aunque las estimaciones superan las 1,000 v\u00edctimas, y sostuvo que mientras no haya verdad y justicia, la deuda del Estado con los afectados seguir\u00e1 pendiente.<\/p>\n<p><strong>\u00a0<\/strong><\/p>\n<p><strong>Denuncia en <em>desdeabajo<\/em> Noticias! <\/strong><\/p>\n<p><strong><br \/>\n<\/strong><strong>\u00bfConoces o tienes\u00a0fotos y videos\u00a0de alg\u00fan acto de posible negligencia, corrupci\u00f3n y abuso de autoridad? M\u00e1ndalo al\u00a0WhatsApp:\u00a0 de desdeabajoNoticias: 7443262471.\u00a0\u00a1Comp\u00e1rtelo! Nosotros le damos seguimiento.<\/strong><\/p>\n<p><a href=\"http:\/\/www.desdeabajo.com.mx\"><strong>www.desdeabajo.com.mx<\/strong><\/a><\/p>\n<p><strong>S\u00edguenos tambi\u00e9n en Twitter:<\/strong> <strong>@Yae31099C en Facebook: DesdeabajoAca:https:\/\/www.facebook.com\/profile.php?id=1000636239783<\/strong><\/p>\n","protected":false},"excerpt":{"rendered":"<p>**El planteamiento lo hicieron colectivos integrados por v\u00edctimas de militares\/**A 50 a\u00f1os de los hechos no hay avances significativos; prevalece la impunidad, dijeron \u00a0 Marcial Campuzano 29\/12\/2025 Chilpancingo, Gro. \u00a0 \u00a0 Familiares directos de guerrerenses asesinados, torturados y desaparecidos durante la llamada Guerra Sucia que vivi\u00f3 Guerrero en las d\u00e9cadas de los sesenta y setenta [&hellip;]<\/p>\n","protected":false},"author":1,"featured_media":48217,"comment_status":"closed","ping_status":"open","sticky":false,"template":"","format":"standard","meta":{"inline_featured_image":false,"advgb_blocks_editor_width":"","advgb_blocks_columns_visual_guide":"","footnotes":""},"categories":[89],"tags":[41],"class_list":["post-48216","post","type-post","status-publish","format-standard","has-post-thumbnail","hentry","category-grupos-sociales","tag-destacadas"],"aioseo_notices":[],"author_meta":{"display_name":"admin8","author_link":"https:\/\/desdeabajo.com.mx\/?author=1"},"featured_img":"https:\/\/desdeabajo.com.mx\/wp-content\/uploads\/2026\/01\/Octaviano-Gervasio-marcial-300x169.jpg","coauthors":[],"tax_additional":{"categories":{"linked":["<a href=\"https:\/\/desdeabajo.com.mx\/?cat=89\" class=\"advgb-post-tax-term\">Grupos Sociales<\/a>"],"unlinked":["<span class=\"advgb-post-tax-term\">Grupos Sociales<\/span>"]},"tags":{"linked":["<a href=\"https:\/\/desdeabajo.com.mx\/?cat=89\" class=\"advgb-post-tax-term\">destacadas<\/a>"],"unlinked":["<span class=\"advgb-post-tax-term\">destacadas<\/span>"]}},"comment_count":"0","relative_dates":{"created":"Publicado 4 meses hace","modified":"Actualizado 4 meses hace"},"absolute_dates":{"created":"Publicado el 5 de enero de 2026","modified":"Actualizado el 5 de enero de 2026"},"absolute_dates_time":{"created":"Publicado el 5 de enero de 2026 16:09","modified":"Actualizado el 5 de enero de 2026 16:09"},"featured_img_caption":"","series_order":"","_links":{"self":[{"href":"https:\/\/desdeabajo.com.mx\/index.php?rest_route=\/wp\/v2\/posts\/48216","targetHints":{"allow":["GET"]}}],"collection":[{"href":"https:\/\/desdeabajo.com.mx\/index.php?rest_route=\/wp\/v2\/posts"}],"about":[{"href":"https:\/\/desdeabajo.com.mx\/index.php?rest_route=\/wp\/v2\/types\/post"}],"author":[{"embeddable":true,"href":"https:\/\/desdeabajo.com.mx\/index.php?rest_route=\/wp\/v2\/users\/1"}],"replies":[{"embeddable":true,"href":"https:\/\/desdeabajo.com.mx\/index.php?rest_route=%2Fwp%2Fv2%2Fcomments&post=48216"}],"version-history":[{"count":1,"href":"https:\/\/desdeabajo.com.mx\/index.php?rest_route=\/wp\/v2\/posts\/48216\/revisions"}],"predecessor-version":[{"id":48218,"href":"https:\/\/desdeabajo.com.mx\/index.php?rest_route=\/wp\/v2\/posts\/48216\/revisions\/48218"}],"wp:featuredmedia":[{"embeddable":true,"href":"https:\/\/desdeabajo.com.mx\/index.php?rest_route=\/wp\/v2\/media\/48217"}],"wp:attachment":[{"href":"https:\/\/desdeabajo.com.mx\/index.php?rest_route=%2Fwp%2Fv2%2Fmedia&parent=48216"}],"wp:term":[{"taxonomy":"category","embeddable":true,"href":"https:\/\/desdeabajo.com.mx\/index.php?rest_route=%2Fwp%2Fv2%2Fcategories&post=48216"},{"taxonomy":"post_tag","embeddable":true,"href":"https:\/\/desdeabajo.com.mx\/index.php?rest_route=%2Fwp%2Fv2%2Ftags&post=48216"}],"curies":[{"name":"wp","href":"https:\/\/api.w.org\/{rel}","templated":true}]}}