{"id":48219,"date":"2026-01-05T16:17:49","date_gmt":"2026-01-05T22:17:49","guid":{"rendered":"https:\/\/desdeabajo.com.mx\/?p=48219"},"modified":"2026-01-05T16:17:54","modified_gmt":"2026-01-05T22:17:54","slug":"llaman-a-universitarios-a-poner-fin-a-la-dictadura-del-rector-javier-saldana-a","status":"publish","type":"post","link":"https:\/\/desdeabajo.com.mx\/?p=48219","title":{"rendered":"Llaman a universitarios a poner fin a la dictadura del rector Javier Salda\u00f1a A."},"content":{"rendered":"<p><strong>Record\u00f3 que en 2016 el rector Javier Salda\u00f1a promovi\u00f3 reformas a la Ley Org\u00e1nica de la UAGro para permitir la reelecci\u00f3n, reformas que posteriormente utiliz\u00f3 para mantenerse en el cargo y consolidar lo que calific\u00f3 como un cacicazgo universitario.<\/strong><\/p>\n<p><strong><em>Marcial Campuzano<\/em><\/strong><\/p>\n<p><strong><em>30\/12\/2025<\/em><\/strong><\/p>\n<p><strong><em>Chilpancingo, Gro. <\/em><\/strong><\/p>\n<p><strong><em>\u00a0<\/em><\/strong><\/p>\n<p>En el marco del 65 aniversario luctuoso de los m\u00e1rtires del Movimiento Estudiantil Popular de 1960, la catedr\u00e1tica universitaria y ex aspirante a la rector\u00eda de la Universidad Aut\u00f3noma de Guerrero (UAGro), Silvia Alem\u00e1n Mundo, llam\u00f3 a la comunidad universitaria a poner fin a la \u201cdictadura\u201d encabezada por el actual rector Javier Salda\u00f1a Almaz\u00e1n, quien lleva m\u00e1s de 12 a\u00f1os al frente de la instituci\u00f3n.<\/p>\n<p>Durante su participaci\u00f3n en el acto conmemorativo llevada a cabo en la Alameda \u201cGranados Maldonado\u201d, Alem\u00e1n Mundo sostuvo que en la universidad se ha impuesto un modelo autoritario que ha cancelado la democracia participativa, la cual debe ser una condici\u00f3n esencial del modelo educativo universitario y no un hecho personal o discrecional de quienes detentan el poder.<\/p>\n<p>La acad\u00e9mica afirm\u00f3 que, en el contexto nacional de la Cuarta Transformaci\u00f3n y de una pol\u00edtica educativa que coloca a la educaci\u00f3n p\u00fablica y gratuita en el centro del desarrollo, no pueden existir universidades gobernadas al capricho de un solo individuo ni alejadas de los principios democr\u00e1ticos.<\/p>\n<p>Record\u00f3 que en 2016 el rector Javier Salda\u00f1a promovi\u00f3 reformas a la Ley Org\u00e1nica de la UAGro para permitir la reelecci\u00f3n, reformas que posteriormente utiliz\u00f3 para mantenerse en el cargo y consolidar lo que calific\u00f3 como un cacicazgo universitario.<\/p>\n<p>Indic\u00f3 que el Congreso del estado aprob\u00f3 recientemente reformas a los art\u00edculos 28 y 29 de la Ley Org\u00e1nica de la UAGro, relacionadas con la elecci\u00f3n y duraci\u00f3n de los cargos de rector, directores de escuela y consejeros universitarios, sin que se realizara una consulta amplia ni un refer\u00e9ndum, como lo establece el art\u00edculo 12 de la propia ley.<\/p>\n<p>Alem\u00e1n Mundo se\u00f1al\u00f3 que la reforma aprobada carece de legitimidad y legalidad, ya que la versi\u00f3n avalada por el Consejo Universitario no fue la misma que finalmente aprob\u00f3 el Congreso local, lo que permiti\u00f3 ampliar el periodo del rectorado de 4 a 6 a\u00f1os.<\/p>\n<p>Agreg\u00f3 que esta modificaci\u00f3n abre la posibilidad de reelecci\u00f3n no consecutiva, permitiendo que una persona pueda regresar al cargo tras dejar pasar un periodo de gobierno, lo que consider\u00f3 incongruente con los principios democr\u00e1ticos que se dicen defender.<\/p>\n<p>La catedr\u00e1tica record\u00f3 que en 2017 intent\u00f3 contender por la rector\u00eda, pero su registro fue rechazado por no presentar el aval de 40 consejeros universitarios, un requisito que no est\u00e1 contemplado en la ley y fue incorporado de manera irregular en el Estatuto General.<\/p>\n<p>Denunci\u00f3 que ese mecanismo dio paso a candidaturas \u00fanicas y a una simulaci\u00f3n de procesos democr\u00e1ticos dentro de la universidad, pr\u00e1ctica que posteriormente se replic\u00f3 en otros cargos universitarios.<\/p>\n<p>Asegur\u00f3 que quienes han exigido democracia participativa han enfrentado durante a\u00f1os un ambiente de miedo, intimidaciones, amenazas y exclusi\u00f3n, lo que ha limitado la libertad de pensamiento, organizaci\u00f3n y expresi\u00f3n dentro de la comunidad universitaria.<\/p>\n<p>Asimismo, llam\u00f3 a fortalecer la conciencia social y la memoria hist\u00f3rica entre estudiantes y docentes, destacando la importancia de reconocer el papel de luchadores sociales como Lucio Caba\u00f1as Barrientos y Genaro V\u00e1zquez Rojas en la lucha por la autonom\u00eda universitaria.<\/p>\n<p>Silvia Alem\u00e1n Mundo convoc\u00f3 a profesores, estudiantes y organizaciones sociales a unirse para exigir la modificaci\u00f3n del Estatuto General, eliminar los candados pol\u00edticos que impiden la libre participaci\u00f3n y avanzar hacia una universidad democr\u00e1tica, vinculada con la sociedad y comprometida con una educaci\u00f3n p\u00fablica, cr\u00edtica y popular.<\/p>\n<p><strong>\u00a0<\/strong><\/p>\n<p><strong>Denuncia en <em>desdeabajo<\/em> Noticias! <\/strong><\/p>\n<p><strong><br \/>\n<\/strong><strong>\u00bfConoces o tienes\u00a0fotos y videos\u00a0de alg\u00fan acto de posible negligencia, corrupci\u00f3n y abuso de autoridad? M\u00e1ndalo al\u00a0WhatsApp:\u00a0 de desdeabajoNoticias: 7443262471.\u00a0\u00a1Comp\u00e1rtelo! Nosotros le damos seguimiento.<\/strong><\/p>\n<p><a href=\"http:\/\/www.desdeabajo.com.mx\"><strong>www.desdeabajo.com.mx<\/strong><\/a><\/p>\n<p><strong>S\u00edguenos tambi\u00e9n en Twitter:<\/strong> <strong>@Yae31099C<\/strong> <strong>en Facebook: DesdeabajoAca:<\/strong><strong>https:\/\/www.facebook.com\/profile.php?id=1000636239783<\/strong><\/p>\n","protected":false},"excerpt":{"rendered":"<p>Record\u00f3 que en 2016 el rector Javier Salda\u00f1a promovi\u00f3 reformas a la Ley Org\u00e1nica de la UAGro para permitir la reelecci\u00f3n, reformas que posteriormente utiliz\u00f3 para mantenerse en el cargo y consolidar lo que calific\u00f3 como un cacicazgo universitario. Marcial Campuzano 30\/12\/2025 Chilpancingo, Gro. \u00a0 En el marco del 65 aniversario luctuoso de los m\u00e1rtires [&hellip;]<\/p>\n","protected":false},"author":1,"featured_media":48220,"comment_status":"closed","ping_status":"open","sticky":false,"template":"","format":"standard","meta":{"inline_featured_image":false,"advgb_blocks_editor_width":"","advgb_blocks_columns_visual_guide":"","footnotes":""},"categories":[47],"tags":[41],"class_list":["post-48219","post","type-post","status-publish","format-standard","has-post-thumbnail","hentry","category-estilo-d-vida","tag-destacadas"],"aioseo_notices":[],"author_meta":{"display_name":"admin8","author_link":"https:\/\/desdeabajo.com.mx\/?author=1"},"featured_img":"https:\/\/desdeabajo.com.mx\/wp-content\/uploads\/2026\/01\/Silvia-Aleman-marcial-300x169.jpg","coauthors":[],"tax_additional":{"categories":{"linked":["<a href=\"https:\/\/desdeabajo.com.mx\/?cat=47\" class=\"advgb-post-tax-term\">Estilo d&#039; vida<\/a>"],"unlinked":["<span class=\"advgb-post-tax-term\">Estilo d&#039; vida<\/span>"]},"tags":{"linked":["<a href=\"https:\/\/desdeabajo.com.mx\/?cat=47\" class=\"advgb-post-tax-term\">destacadas<\/a>"],"unlinked":["<span class=\"advgb-post-tax-term\">destacadas<\/span>"]}},"comment_count":"0","relative_dates":{"created":"Publicado 4 meses hace","modified":"Actualizado 4 meses hace"},"absolute_dates":{"created":"Publicado el 5 de enero de 2026","modified":"Actualizado el 5 de enero de 2026"},"absolute_dates_time":{"created":"Publicado el 5 de enero de 2026 16:17","modified":"Actualizado el 5 de enero de 2026 16:17"},"featured_img_caption":"","series_order":"","_links":{"self":[{"href":"https:\/\/desdeabajo.com.mx\/index.php?rest_route=\/wp\/v2\/posts\/48219","targetHints":{"allow":["GET"]}}],"collection":[{"href":"https:\/\/desdeabajo.com.mx\/index.php?rest_route=\/wp\/v2\/posts"}],"about":[{"href":"https:\/\/desdeabajo.com.mx\/index.php?rest_route=\/wp\/v2\/types\/post"}],"author":[{"embeddable":true,"href":"https:\/\/desdeabajo.com.mx\/index.php?rest_route=\/wp\/v2\/users\/1"}],"replies":[{"embeddable":true,"href":"https:\/\/desdeabajo.com.mx\/index.php?rest_route=%2Fwp%2Fv2%2Fcomments&post=48219"}],"version-history":[{"count":1,"href":"https:\/\/desdeabajo.com.mx\/index.php?rest_route=\/wp\/v2\/posts\/48219\/revisions"}],"predecessor-version":[{"id":48221,"href":"https:\/\/desdeabajo.com.mx\/index.php?rest_route=\/wp\/v2\/posts\/48219\/revisions\/48221"}],"wp:featuredmedia":[{"embeddable":true,"href":"https:\/\/desdeabajo.com.mx\/index.php?rest_route=\/wp\/v2\/media\/48220"}],"wp:attachment":[{"href":"https:\/\/desdeabajo.com.mx\/index.php?rest_route=%2Fwp%2Fv2%2Fmedia&parent=48219"}],"wp:term":[{"taxonomy":"category","embeddable":true,"href":"https:\/\/desdeabajo.com.mx\/index.php?rest_route=%2Fwp%2Fv2%2Fcategories&post=48219"},{"taxonomy":"post_tag","embeddable":true,"href":"https:\/\/desdeabajo.com.mx\/index.php?rest_route=%2Fwp%2Fv2%2Ftags&post=48219"}],"curies":[{"name":"wp","href":"https:\/\/api.w.org\/{rel}","templated":true}]}}