{"id":48222,"date":"2026-01-05T16:24:03","date_gmt":"2026-01-05T22:24:03","guid":{"rendered":"https:\/\/desdeabajo.com.mx\/?p=48222"},"modified":"2026-01-05T16:24:09","modified_gmt":"2026-01-05T22:24:09","slug":"para-perpetuarse-en-el-poder-el-rector-javier-saldana-mato-la-democracia-en-la-uagro","status":"publish","type":"post","link":"https:\/\/desdeabajo.com.mx\/?p=48222","title":{"rendered":"Para perpetuarse en el poder, el rector Javier Salda\u00f1a mat\u00f3 la democracia en la UAGro"},"content":{"rendered":"<p><strong>Como ejemplo de esos avances, mencion\u00f3 la elecci\u00f3n democr\u00e1tica de rector en 1972, en la que result\u00f3 electo Rosal\u00edo Wences Reza, impulsor del proyecto \u201cUniversidad Pueblo\u201d, que permiti\u00f3 el acceso a la educaci\u00f3n superior a j\u00f3venes de escasos recursos.<\/strong><\/p>\n<p><strong><em>Marcial Campuzano<\/em><\/strong><\/p>\n<p><strong><em>30\/12\/2025<\/em><\/strong><\/p>\n<p><strong><em>Chilpancingo, Gro.<\/em><\/strong><\/p>\n<p>El ex coordinador general de la zona Sur de la Universidad Aut\u00f3noma de Guerrero (UAGro), Efr\u00e9n Arellano Cisneros, llam\u00f3 a los universitarios libres de pensamiento a exigirle al Consejo Universitario la derogaci\u00f3n de la fracci\u00f3n sexta del art\u00edculo 78 del Estatuto General, al considerar que funciona como un \u201ccandado\u201d que limita la democracia interna de la instituci\u00f3n.<\/p>\n<p>El pronunciamiento fue realizado durante el acto conmemorativo por el 65 aniversario luctuoso de los 19 guerrerenses que el 30 de diciembre de 1960 perdieron la vida en el Movimiento Estudiantil Popular que deriv\u00f3 en la autonom\u00eda universitaria, evento realizado en el sitio de la Alameda \u201cGranados Maldonado\u201d donde ocurri\u00f3 la masacre perpetrada por el Ej\u00e9rcito mexicano.<\/p>\n<p>La ceremonia fue organizada por diversas organizaciones sociales, encabezadas por la Asamblea Popular de los Pueblos de Guerrero (APPG), que dirige el profesor Nicol\u00e1s Ch\u00e1vez Adame, y reuni\u00f3 a universitarios, activistas sociales y ciudadanos que rindieron homenaje a los ca\u00eddos.<\/p>\n<p>Efr\u00e9n Arellano denunci\u00f3 que actualmente las autoridades universitarias han cerrado los espacios de participaci\u00f3n democr\u00e1tica mediante requisitos que impiden la postulaci\u00f3n libre a cargos como la rector\u00eda, direcciones de escuelas y consejer\u00edas universitarias.<\/p>\n<p>Se\u00f1al\u00f3 que exigencias como la carta de honorabilidad y el aval de consejeros universitarios controlados por las autoridades, limitan la competencia y derivan en procesos con candidaturas \u00fanicas alineadas a intereses pol\u00edticos.<\/p>\n<p>Afirm\u00f3 que la universidad pertenece al pueblo y no debe ser utilizada como instrumento de partidos pol\u00edticos ni de los gobiernos en turno, reiterando el llamado a derogar el art\u00edculo 78 para recuperar el esp\u00edritu democr\u00e1tico del movimiento estudiantil popular de 1960.<\/p>\n<p>En su intervenci\u00f3n, Arellano Cisneros record\u00f3 que el movimiento de 1960 fue producto de un amplio descontento social y estudiantil frente al gobierno de Ra\u00fal Caballero Aburto, y tuvo como principales demandas la autonom\u00eda universitaria, la libertad de c\u00e1tedra y el acceso a la educaci\u00f3n para los sectores populares.<\/p>\n<p>Explic\u00f3 que la actual Universidad Aut\u00f3noma de Guerrero tuvo como antecedente el Colegio del Estado, fundado en 1942, y posteriormente la Universidad del Sur en 1957, hasta que en marzo de 1960 se cre\u00f3 la Universidad de Guerrero, en un contexto de fuerte represi\u00f3n y ausencia de \u00f3rganos de gobierno leg\u00edtimos.<\/p>\n<p>Detall\u00f3 que la huelga estudiantil estall\u00f3 formalmente el 21 de octubre de 1960, encabezada por la Federaci\u00f3n de Estudiantes del Colegio del Estado, y fue respaldada por barrios tradicionales, colonias populares, pueblos aleda\u00f1os y organizaciones como la Asociaci\u00f3n C\u00edvica Guerrerense, liderada por Genaro V\u00e1zquez Rojas.<\/p>\n<p>Arellano Cisneros record\u00f3 que el movimiento deriv\u00f3 en una huelga general y que el gobierno estatal respondi\u00f3 con una represi\u00f3n militar que culmin\u00f3 el 30 de diciembre de 1960, cuando elementos del Ej\u00e9rcito abrieron fuego contra una manifestaci\u00f3n pac\u00edfica, provocando la muerte de al menos 19 personas y decenas de heridos.<\/p>\n<p>Subray\u00f3 que, gracias a ese movimiento, se logr\u00f3 no s\u00f3lo la autonom\u00eda universitaria, sino tambi\u00e9n la desaparici\u00f3n de poderes del gobierno de Ra\u00fal Caballero Aburto y la apertura de espacios democr\u00e1ticos dentro de la universidad.<\/p>\n<p>Como ejemplo de esos avances, mencion\u00f3 la elecci\u00f3n democr\u00e1tica de rector en 1972, en la que result\u00f3 electo Rosal\u00edo Wences Reza, impulsor del proyecto \u201cUniversidad Pueblo\u201d, que permiti\u00f3 el acceso a la educaci\u00f3n superior a j\u00f3venes de escasos recursos.<\/p>\n<p><strong>\u00a0<\/strong><\/p>\n<p><strong>\u00a0<\/strong><\/p>\n<p><strong>Denuncia en <em>desdeabajo<\/em> Noticias! <\/strong><\/p>\n<p><strong><br \/>\n<\/strong><strong>\u00bfConoces o tienes\u00a0fotos y videos\u00a0de alg\u00fan acto de posible negligencia, corrupci\u00f3n y abuso de autoridad? M\u00e1ndalo al\u00a0WhatsApp:\u00a0 de desdeabajoNoticias: 7443262471.\u00a0\u00a1Comp\u00e1rtelo! Nosotros le damos seguimiento.<\/strong><\/p>\n<p><a href=\"http:\/\/www.desdeabajo.com.mx\"><strong>www.desdeabajo.com.mx<\/strong><\/a><\/p>\n<p><strong>S\u00edguenos tambi\u00e9n en Twitter:<\/strong> <strong>@Yae31099C en Facebook: DesdeabajoAca:https:\/\/www.facebook.com\/profile.php?id=1000636239783<\/strong><\/p>\n","protected":false},"excerpt":{"rendered":"<p>Como ejemplo de esos avances, mencion\u00f3 la elecci\u00f3n democr\u00e1tica de rector en 1972, en la que result\u00f3 electo Rosal\u00edo Wences Reza, impulsor del proyecto \u201cUniversidad Pueblo\u201d, que permiti\u00f3 el acceso a la educaci\u00f3n superior a j\u00f3venes de escasos recursos. Marcial Campuzano 30\/12\/2025 Chilpancingo, Gro. El ex coordinador general de la zona Sur de la Universidad [&hellip;]<\/p>\n","protected":false},"author":1,"featured_media":48223,"comment_status":"closed","ping_status":"open","sticky":false,"template":"","format":"standard","meta":{"inline_featured_image":false,"advgb_blocks_editor_width":"","advgb_blocks_columns_visual_guide":"","footnotes":""},"categories":[47],"tags":[41],"class_list":["post-48222","post","type-post","status-publish","format-standard","has-post-thumbnail","hentry","category-estilo-d-vida","tag-destacadas"],"aioseo_notices":[],"author_meta":{"display_name":"admin8","author_link":"https:\/\/desdeabajo.com.mx\/?author=1"},"featured_img":"https:\/\/desdeabajo.com.mx\/wp-content\/uploads\/2026\/01\/efren-arellano-campuzano-300x169.jpg","coauthors":[],"tax_additional":{"categories":{"linked":["<a href=\"https:\/\/desdeabajo.com.mx\/?cat=47\" class=\"advgb-post-tax-term\">Estilo d&#039; vida<\/a>"],"unlinked":["<span class=\"advgb-post-tax-term\">Estilo d&#039; vida<\/span>"]},"tags":{"linked":["<a href=\"https:\/\/desdeabajo.com.mx\/?cat=47\" class=\"advgb-post-tax-term\">destacadas<\/a>"],"unlinked":["<span class=\"advgb-post-tax-term\">destacadas<\/span>"]}},"comment_count":"0","relative_dates":{"created":"Publicado 4 meses hace","modified":"Actualizado 4 meses hace"},"absolute_dates":{"created":"Publicado el 5 de enero de 2026","modified":"Actualizado el 5 de enero de 2026"},"absolute_dates_time":{"created":"Publicado el 5 de enero de 2026 16:24","modified":"Actualizado el 5 de enero de 2026 16:24"},"featured_img_caption":"","series_order":"","_links":{"self":[{"href":"https:\/\/desdeabajo.com.mx\/index.php?rest_route=\/wp\/v2\/posts\/48222","targetHints":{"allow":["GET"]}}],"collection":[{"href":"https:\/\/desdeabajo.com.mx\/index.php?rest_route=\/wp\/v2\/posts"}],"about":[{"href":"https:\/\/desdeabajo.com.mx\/index.php?rest_route=\/wp\/v2\/types\/post"}],"author":[{"embeddable":true,"href":"https:\/\/desdeabajo.com.mx\/index.php?rest_route=\/wp\/v2\/users\/1"}],"replies":[{"embeddable":true,"href":"https:\/\/desdeabajo.com.mx\/index.php?rest_route=%2Fwp%2Fv2%2Fcomments&post=48222"}],"version-history":[{"count":1,"href":"https:\/\/desdeabajo.com.mx\/index.php?rest_route=\/wp\/v2\/posts\/48222\/revisions"}],"predecessor-version":[{"id":48224,"href":"https:\/\/desdeabajo.com.mx\/index.php?rest_route=\/wp\/v2\/posts\/48222\/revisions\/48224"}],"wp:featuredmedia":[{"embeddable":true,"href":"https:\/\/desdeabajo.com.mx\/index.php?rest_route=\/wp\/v2\/media\/48223"}],"wp:attachment":[{"href":"https:\/\/desdeabajo.com.mx\/index.php?rest_route=%2Fwp%2Fv2%2Fmedia&parent=48222"}],"wp:term":[{"taxonomy":"category","embeddable":true,"href":"https:\/\/desdeabajo.com.mx\/index.php?rest_route=%2Fwp%2Fv2%2Fcategories&post=48222"},{"taxonomy":"post_tag","embeddable":true,"href":"https:\/\/desdeabajo.com.mx\/index.php?rest_route=%2Fwp%2Fv2%2Ftags&post=48222"}],"curies":[{"name":"wp","href":"https:\/\/api.w.org\/{rel}","templated":true}]}}