{"id":48235,"date":"2026-01-05T21:59:45","date_gmt":"2026-01-06T03:59:45","guid":{"rendered":"https:\/\/desdeabajo.com.mx\/?p=48235"},"modified":"2026-01-05T21:59:53","modified_gmt":"2026-01-06T03:59:53","slug":"rector-protagonista-universidad-sin-rumbo","status":"publish","type":"post","link":"https:\/\/desdeabajo.com.mx\/?p=48235","title":{"rendered":"Rector protagonista; universidad sin rumbo"},"content":{"rendered":"<p><strong>EL COMENTARIO <\/strong><\/p>\n<p><strong>Rector protagonista; universidad sin rumbo<\/strong><\/p>\n<p><strong>De Marcial Campuzano <\/strong><\/p>\n<p><strong>\u00a0<\/strong><\/p>\n<p>En Guerrero parece haberse vuelto costumbre que algunas figuras p\u00fablicas confundan su encargo institucional con una tribuna pol\u00edtica permanente. El caso m\u00e1s reciente es el del rector de la Universidad Aut\u00f3noma de Guerrero, Javier Salda\u00f1a Almaz\u00e1n, quien nuevamente decidi\u00f3 colocarse en el centro del debate p\u00fablico, no por asuntos acad\u00e9micos, sino por un tema eminentemente pol\u00edtico.<\/p>\n<p>La exigencia de modificar el Calendario C\u00edvico del Estado para retirar homenajes al exgobernador Rub\u00e9n Figueroa Figueroa, as\u00ed como la propuesta de incluir conmemoraciones relacionadas con Lucio Caba\u00f1as, Genaro V\u00e1zquez y la llamada Guerra Sucia, no surge desde un colectivo universitario ni de una consulta acad\u00e9mica, sino desde la voz personal del rector. Y ah\u00ed est\u00e1 el problema: cuando la figura del rector deja de representar a la instituci\u00f3n y comienza a operar como actor pol\u00edtico con agenda propia.<\/p>\n<p>La Universidad Aut\u00f3noma de Guerrero atraviesa desaf\u00edos profundos: rezago acad\u00e9mico, problemas financieros hist\u00f3ricos, calidad educativa, infraestructura, condiciones laborales y una urgente necesidad de recuperar prestigio acad\u00e9mico. Frente a este panorama, resulta leg\u00edtimo preguntarse si el rector est\u00e1 cumpliendo su papel central o si ha decidido asumir uno distinto: el de opinador recurrente sobre temas que competen al Congreso y a la arena pol\u00edtica.<\/p>\n<p>No se trata de censurar opiniones ni de negar el derecho a expresarse.<\/p>\n<p>Se trata de responsabilidades. Un rector no es un l\u00edder social ni un dirigente partidista; es el responsable de conducir una instituci\u00f3n educativa que debe mantenerse como espacio plural, cr\u00edtico y aut\u00f3nomo. Cuando el titular de la rector\u00eda personaliza posturas ideol\u00f3gicas, arrastra a la universidad a debates que no necesariamente reflejan la diversidad de pensamiento de su comunidad.<\/p>\n<p>La cr\u00edtica de la diputada Erika L\u00fcrhs pone el dedo en la llaga: la tentaci\u00f3n del protagonismo. En Guerrero, donde la pol\u00edtica suele invadirlo todo, el protagonismo se convierte en moneda de cambio y la universidad corre el riesgo de ser utilizada como plataforma simb\u00f3lica para posicionamientos personales.<\/p>\n<p><img fetchpriority=\"high\" decoding=\"async\" class=\"alignnone  wp-image-48236\" src=\"http:\/\/desdeabajo.com.mx\/wp-content\/uploads\/2026\/01\/javier-campuzano-300x257.jpg\" alt=\"\" width=\"835\" height=\"715\" srcset=\"https:\/\/desdeabajo.com.mx\/wp-content\/uploads\/2026\/01\/javier-campuzano-300x257.jpg 300w, https:\/\/desdeabajo.com.mx\/wp-content\/uploads\/2026\/01\/javier-campuzano-14x12.jpg 14w, https:\/\/desdeabajo.com.mx\/wp-content\/uploads\/2026\/01\/javier-campuzano.jpg 682w\" sizes=\"(max-width: 835px) 100vw, 835px\" \/><\/p>\n<p>El rector deber\u00eda preguntarse si su funci\u00f3n es marcar agenda pol\u00edtica o fortalecer la vida acad\u00e9mica de la UAGro. Porque cuando la rector\u00eda se vuelve escenario de grilla, la universidad pierde foco, credibilidad y autoridad moral.<\/p>\n<p>Al final, cada instituci\u00f3n tiene un papel definido. El Congreso legisla, los partidos disputan el poder y la universidad educa. Cuando esas fronteras se diluyen, no gana el debate p\u00fablico: pierde la instituci\u00f3n.<\/p>\n<p><strong>\u00a0<\/strong><\/p>\n<p><strong>\u00a0<\/strong><\/p>\n<p><strong>Denuncia en <em>desdeabajo<\/em> Noticias! <\/strong><\/p>\n<p><strong><br \/>\n<\/strong><strong>\u00bfConoces o tienes\u00a0fotos y videos\u00a0de alg\u00fan acto de posible negligencia, corrupci\u00f3n y abuso de autoridad? M\u00e1ndalo al\u00a0WhatsApp:\u00a0 de desdeabajoNoticias: 7443262471.\u00a0\u00a1Comp\u00e1rtelo! Nosotros le damos seguimiento.<\/strong><\/p>\n<p><a href=\"http:\/\/www.desdeabajo.com.mx\"><strong>www.desdeabajo.com.mx<\/strong><\/a><\/p>\n<p><strong>S\u00edguenos tambi\u00e9n en Twitter:<\/strong> <strong>@Yae31099C<\/strong> <strong>en Facebook: DesdeabajoAca:<\/strong><strong>https:\/\/www.facebook.com\/profile.php?id=1000636239783<\/strong><\/p>\n<p><strong>\u00a0<\/strong><\/p>\n","protected":false},"excerpt":{"rendered":"<p>EL COMENTARIO Rector protagonista; universidad sin rumbo De Marcial Campuzano \u00a0 En Guerrero parece haberse vuelto costumbre que algunas figuras p\u00fablicas confundan su encargo institucional con una tribuna pol\u00edtica permanente. El caso m\u00e1s reciente es el del rector de la Universidad Aut\u00f3noma de Guerrero, Javier Salda\u00f1a Almaz\u00e1n, quien nuevamente decidi\u00f3 colocarse en el centro del [&hellip;]<\/p>\n","protected":false},"author":1,"featured_media":47312,"comment_status":"closed","ping_status":"open","sticky":false,"template":"","format":"standard","meta":{"inline_featured_image":false,"advgb_blocks_editor_width":"","advgb_blocks_columns_visual_guide":"","footnotes":""},"categories":[36],"tags":[],"class_list":["post-48235","post","type-post","status-publish","format-standard","has-post-thumbnail","hentry","category-opinion"],"aioseo_notices":[],"author_meta":{"display_name":"admin8","author_link":"https:\/\/desdeabajo.com.mx\/?author=1"},"featured_img":"https:\/\/desdeabajo.com.mx\/wp-content\/uploads\/2025\/11\/marcial-campuzano.jpg","coauthors":[],"tax_additional":{"categories":{"linked":["<a href=\"https:\/\/desdeabajo.com.mx\/?cat=36\" class=\"advgb-post-tax-term\">Opinion<\/a>"],"unlinked":["<span class=\"advgb-post-tax-term\">Opinion<\/span>"]}},"comment_count":"0","relative_dates":{"created":"Publicado 4 meses hace","modified":"Actualizado 4 meses hace"},"absolute_dates":{"created":"Publicado el 5 de enero de 2026","modified":"Actualizado el 5 de enero de 2026"},"absolute_dates_time":{"created":"Publicado el 5 de enero de 2026 21:59","modified":"Actualizado el 5 de enero de 2026 21:59"},"featured_img_caption":"","series_order":"","_links":{"self":[{"href":"https:\/\/desdeabajo.com.mx\/index.php?rest_route=\/wp\/v2\/posts\/48235","targetHints":{"allow":["GET"]}}],"collection":[{"href":"https:\/\/desdeabajo.com.mx\/index.php?rest_route=\/wp\/v2\/posts"}],"about":[{"href":"https:\/\/desdeabajo.com.mx\/index.php?rest_route=\/wp\/v2\/types\/post"}],"author":[{"embeddable":true,"href":"https:\/\/desdeabajo.com.mx\/index.php?rest_route=\/wp\/v2\/users\/1"}],"replies":[{"embeddable":true,"href":"https:\/\/desdeabajo.com.mx\/index.php?rest_route=%2Fwp%2Fv2%2Fcomments&post=48235"}],"version-history":[{"count":1,"href":"https:\/\/desdeabajo.com.mx\/index.php?rest_route=\/wp\/v2\/posts\/48235\/revisions"}],"predecessor-version":[{"id":48237,"href":"https:\/\/desdeabajo.com.mx\/index.php?rest_route=\/wp\/v2\/posts\/48235\/revisions\/48237"}],"wp:featuredmedia":[{"embeddable":true,"href":"https:\/\/desdeabajo.com.mx\/index.php?rest_route=\/wp\/v2\/media\/47312"}],"wp:attachment":[{"href":"https:\/\/desdeabajo.com.mx\/index.php?rest_route=%2Fwp%2Fv2%2Fmedia&parent=48235"}],"wp:term":[{"taxonomy":"category","embeddable":true,"href":"https:\/\/desdeabajo.com.mx\/index.php?rest_route=%2Fwp%2Fv2%2Fcategories&post=48235"},{"taxonomy":"post_tag","embeddable":true,"href":"https:\/\/desdeabajo.com.mx\/index.php?rest_route=%2Fwp%2Fv2%2Ftags&post=48235"}],"curies":[{"name":"wp","href":"https:\/\/api.w.org\/{rel}","templated":true}]}}