{"id":48703,"date":"2026-01-20T18:08:19","date_gmt":"2026-01-21T00:08:19","guid":{"rendered":"https:\/\/desdeabajo.com.mx\/?p=48703"},"modified":"2026-01-20T18:09:36","modified_gmt":"2026-01-21T00:09:36","slug":"impulsar-la-cultura-fortalece-el-tejido-social-previene-la-violencia-y-siembra-esperanza-juana-maria-juarez","status":"publish","type":"post","link":"https:\/\/desdeabajo.com.mx\/?p=48703","title":{"rendered":"Impulsar la cultura fortalece el tejido social, previene la violencia y siembra esperanza: Juana Mar\u00eda Ju\u00e1rez"},"content":{"rendered":"\n<p>+ Participa durante la instalaci\u00f3n del Primer Parlamento de Participaci\u00f3n de la Vida Cultural de la Ciudad de M\u00e9xico. \u201cSus propuestas pueden convertirse en cambios reales si las construimos con seriedad, respeto y con voluntad de colaboraci\u00f3n\u201d, destac\u00f3<\/p>\n\n\n\n<p>Ciudad de M\u00e9xico<\/p>\n\n\n\n<p>20\/01\/2026<\/p>\n\n\n\n<p><br>Durante la instalaci\u00f3n del Primer Parlamento de Participaci\u00f3n de la Vida Cultural de la Ciudad de M\u00e9xico, la diputada Juana Mar\u00eda Ju\u00e1rez L\u00f3pez destac\u00f3 que la cultura no debe entenderse como un privilegio, sino como un derecho fundamental que garantiza identidad, dignidad y cohesi\u00f3n social.<br><br>La legisladora de Morena subray\u00f3 que la cultura es memoria, lengua, tradici\u00f3n, territorio y comunidad, y que a trav\u00e9s de ella los pueblos expresan su historia, resisten y construyen un futuro m\u00e1s justo.<br><br>Ju\u00e1rez L\u00f3pez se\u00f1al\u00f3 que este Parlamento coloca en el centro a quienes sostienen la vida cultural todos los d\u00edas: creadoras y creadores, promotores culturales, pueblos originarios, colectivos comunitarios, y personas que preservan y transmiten el patrimonio cultural desde los barrios y comunidades de la Ciudad de M\u00e9xico.<br><br>Asimismo, afirm\u00f3 que la experiencia comunitaria es conocimiento y que las voces ciudadanas deben ser escuchadas para transformar las propuestas en pol\u00edticas p\u00fablicas reales.<br><br>\u201cA cada participante, les digo con claridad: su voz importa. Su palabra tiene peso. Y la experiencia que tomaran es conocimiento. Sus propuestas pueden convertirse en cambios reales si las construimos con seriedad, respeto y con voluntad de colaboraci\u00f3n\u201d, destac\u00f3.<br><br>Ju\u00e1rez L\u00f3pez refiri\u00f3 que el Parlamento surge como una plataforma para escuchar la diversidad cultural de la ciudad, compartir experiencias y construir soluciones con enfoque comunitario y territorial, reconociendo las distintas realidades que conviven en la capital. En este sentido, hizo \u00e9nfasis en la necesidad de garantizar condiciones reales para el ejercicio de los derechos culturales, como espacios seguros, apoyo a procesos comunitarios, acceso a la cultura para ni\u00f1as, ni\u00f1os y juventudes, y acciones institucionales que vayan m\u00e1s all\u00e1 del discurso.<br><br>Destac\u00f3 que impulsar la cultura fortalece el tejido social, previene la violencia y siembra esperanza, contribuyendo a una ciudad m\u00e1s justa, incluyente y participativa.<br><br>\u201cQue este Parlamento sea un espacio de di\u00e1logo abierto, de escucha aut\u00e9ntica y de acuerdos posibles. Que sea un punto de partida para seguir impulsando una pol\u00edtica cultural que reconozca la diversidad, que fortalezca la identidad de nuestros pueblos y barrios, y que garantice el acceso pleno a los derechos culturales\u201d, concluy\u00f3.<\/p>\n\n\n\n<p><a href=\"mailto:abelardo_zarate@hotmail.com\">serieys@hotmail.com<\/a><\/p>\n\n\n\n<p><\/p>\n","protected":false},"excerpt":{"rendered":"<p>+ Participa durante la instalaci\u00f3n del Primer Parlamento de Participaci\u00f3n de la Vida Cultural de la Ciudad de M\u00e9xico. \u201cSus propuestas pueden convertirse en cambios reales si las construimos con seriedad, respeto y con voluntad de colaboraci\u00f3n\u201d, destac\u00f3 Ciudad de M\u00e9xico 20\/01\/2026 Durante la instalaci\u00f3n del Primer Parlamento de Participaci\u00f3n&#8230;<\/p>\n","protected":false},"author":1,"featured_media":48709,"comment_status":"closed","ping_status":"open","sticky":false,"template":"","format":"standard","meta":{"inline_featured_image":false,"advgb_blocks_editor_width":"","advgb_blocks_columns_visual_guide":"","footnotes":""},"categories":[32,82,62],"tags":[],"class_list":["post-48703","post","type-post","status-publish","format-standard","has-post-thumbnail","hentry","category-ciudad-de-mexico","category-congresos","category-culture","penci-post-item"],"aioseo_notices":[],"author_meta":{"display_name":"admin8","author_link":"https:\/\/desdeabajo.com.mx\/?author=1"},"featured_img":"https:\/\/desdeabajo.com.mx\/wp-content\/uploads\/2026\/01\/juana-cultura1901-300x200.jpg","coauthors":[],"tax_additional":{"categories":{"linked":["<a href=\"https:\/\/desdeabajo.com.mx\/?cat=32\" class=\"advgb-post-tax-term\">Ciudad de M\u00e9xico<\/a>","<a href=\"https:\/\/desdeabajo.com.mx\/?cat=82\" class=\"advgb-post-tax-term\">Congresos<\/a>","<a href=\"https:\/\/desdeabajo.com.mx\/?cat=62\" class=\"advgb-post-tax-term\">Culture<\/a>"],"unlinked":["<span class=\"advgb-post-tax-term\">Ciudad de M\u00e9xico<\/span>","<span class=\"advgb-post-tax-term\">Congresos<\/span>","<span class=\"advgb-post-tax-term\">Culture<\/span>"]}},"comment_count":"0","relative_dates":{"created":"Publicado 3 meses hace","modified":"Actualizado 3 meses hace"},"absolute_dates":{"created":"Publicado el 20 de enero de 2026","modified":"Actualizado el 20 de enero de 2026"},"absolute_dates_time":{"created":"Publicado el 20 de enero de 2026 18:08","modified":"Actualizado el 20 de enero de 2026 18:09"},"featured_img_caption":"","series_order":"","_links":{"self":[{"href":"https:\/\/desdeabajo.com.mx\/index.php?rest_route=\/wp\/v2\/posts\/48703","targetHints":{"allow":["GET"]}}],"collection":[{"href":"https:\/\/desdeabajo.com.mx\/index.php?rest_route=\/wp\/v2\/posts"}],"about":[{"href":"https:\/\/desdeabajo.com.mx\/index.php?rest_route=\/wp\/v2\/types\/post"}],"author":[{"embeddable":true,"href":"https:\/\/desdeabajo.com.mx\/index.php?rest_route=\/wp\/v2\/users\/1"}],"replies":[{"embeddable":true,"href":"https:\/\/desdeabajo.com.mx\/index.php?rest_route=%2Fwp%2Fv2%2Fcomments&post=48703"}],"version-history":[{"count":2,"href":"https:\/\/desdeabajo.com.mx\/index.php?rest_route=\/wp\/v2\/posts\/48703\/revisions"}],"predecessor-version":[{"id":48711,"href":"https:\/\/desdeabajo.com.mx\/index.php?rest_route=\/wp\/v2\/posts\/48703\/revisions\/48711"}],"wp:featuredmedia":[{"embeddable":true,"href":"https:\/\/desdeabajo.com.mx\/index.php?rest_route=\/wp\/v2\/media\/48709"}],"wp:attachment":[{"href":"https:\/\/desdeabajo.com.mx\/index.php?rest_route=%2Fwp%2Fv2%2Fmedia&parent=48703"}],"wp:term":[{"taxonomy":"category","embeddable":true,"href":"https:\/\/desdeabajo.com.mx\/index.php?rest_route=%2Fwp%2Fv2%2Fcategories&post=48703"},{"taxonomy":"post_tag","embeddable":true,"href":"https:\/\/desdeabajo.com.mx\/index.php?rest_route=%2Fwp%2Fv2%2Ftags&post=48703"}],"curies":[{"name":"wp","href":"https:\/\/api.w.org\/{rel}","templated":true}]}}