{"id":48799,"date":"2026-01-22T16:32:26","date_gmt":"2026-01-22T22:32:26","guid":{"rendered":"https:\/\/desdeabajo.com.mx\/?p=48799"},"modified":"2026-01-22T16:32:33","modified_gmt":"2026-01-22T22:32:33","slug":"clara-brugada-entrega-20-nuevas-escaleras-electricas-del-metro-la-meta-es-renovar-120-para-2030","status":"publish","type":"post","link":"https:\/\/desdeabajo.com.mx\/?p=48799","title":{"rendered":"Clara Brugada entrega 20 nuevas escaleras el\u00e9ctricas del Metro; la meta es renovar 120 para 2030"},"content":{"rendered":"\n<ul class=\"wp-block-list\">\n<li><\/li>\n<\/ul>\n\n\n\n<p>Ciudad de M\u00e9xico<\/p>\n\n\n\n<p>22\/01\/2026<\/p>\n\n\n\n<p><\/p>\n\n\n\n<p>La jefa de Gobierno, Clara Brugada Molina, entreg\u00f3 20 nuevas escaleras electromec\u00e1nicas en estaciones estrat\u00e9gicas del Sistema de Transporte Colectivo (STC) Metro como parte de una pol\u00edtica integral de accesibilidad, mantenimiento y cuidado del principal bien p\u00fablico de la Ciudad de M\u00e9xico, mismo que contempla la sustituci\u00f3n de 120 equipos de este tipo para el 2030.<\/p>\n\n\n\n<p>\u201cVamos a dejar en 2030 un gran Metro para la poblaci\u00f3n, y todos los d\u00edas lo estamos mejorando\u201d, expres\u00f3 Brugada Molina desde la estaci\u00f3n Camarones, en la L\u00ednea 7 del Metro, sistema de transporte que calific\u00f3 como el \u201cbien p\u00fablico m\u00e1s grande y m\u00e1s importante que tiene la ciudad\u201d, y por el que transitan millones de personas todos los d\u00edas.<\/p>\n\n\n\n<p>La mandataria local celebr\u00f3 la puesta en marcha de las 20 nuevas escaleras en las estaciones Camarones, Tacuba, Bellas Artes, Pantitl\u00e1n, Centro M\u00e9dico y Patriotismo, correspondientes a las l\u00edneas 7, 8 y 9 de este sistema de transporte.<\/p>\n\n\n\n<p>\u201cHoy venimos a garantizar que el Metro vaya por un camino de total accesibilidad y por eso estamos contentos con estas 20 escaleras que vamos a entregar\u201d, asegur\u00f3 Brugada Molina al se\u00f1alar que este medio de transporte mueve a la ciudad, por lo que, dijo, es un orgullo invertir en el coraz\u00f3n de la movilidad.<\/p>\n\n\n\n<p>Brugada Molina inform\u00f3 que este a\u00f1o se beneficiar\u00e1 directamente a m\u00e1s de 15 mil personas tan s\u00f3lo en la estaci\u00f3n Camarones, y anunci\u00f3 un programa de renovaci\u00f3n progresiva que contempla la sustituci\u00f3n total de 120 escaleras electromec\u00e1nicas a lo largo de su administraci\u00f3n, 20 por cada a\u00f1o; adem\u00e1s, de contemplar un esquema permanente de mantenimiento preventivo y correctivo. Actualmente, se\u00f1al\u00f3, 96 por ciento de las escaleras del Metro se encuentran en funcionamiento.<\/p>\n\n\n\n<p>Brugada Molina destac\u00f3 que el correcto funcionamiento de estos equipos es uno de los principales factores con los que la poblaci\u00f3n eval\u00faa su experiencia de viaje, por lo que garantizar su operaci\u00f3n es clave para un Metro seguro, eficiente y totalmente accesible, especialmente para personas con discapacidad, adultas mayores y usuarios con movilidad limitada.<\/p>\n\n\n\n<p>Como parte de una estrategia de atenci\u00f3n directa a la ciudadan\u00eda, Brugada Molina puso a disposici\u00f3n el n\u00famero telef\u00f3nico 56 5801 6642, correspondiente a la Jefatura de Gobierno, para recibir reportes sobre fallas en escaleras o elevadores. Asegur\u00f3 que estos avisos ser\u00e1n atendidos de manera inmediata en coordinaci\u00f3n con la Direcci\u00f3n General del Metro, ya que, asegur\u00f3, \u201cestamos pagando por el mantenimiento y se han renovado los equipos m\u00e1s deteriorados\u201d.<\/p>\n\n\n\n<p>La Jefa de Gobierno destac\u00f3 que el Metro recibi\u00f3 un increment\u00f3 presupuestal de 20 por ciento para este a\u00f1o, lo que representa 8 mil millones de pesos en dos a\u00f1os, destinados a modernizaci\u00f3n, mantenimiento mayor y renovaci\u00f3n de infraestructura.<\/p>\n\n\n\n<p>Entre las acciones en marcha, record\u00f3 la conclusi\u00f3n de la renovaci\u00f3n de la L\u00ednea 1 hasta Observatorio, el arranque este 2026 de los trabajos en la L\u00ednea 3, as\u00ed como la inversi\u00f3n para el mantenimiento mayor de la L\u00ednea A y la adecuaci\u00f3n integral de las estaciones de la L\u00ednea 2, para las cuales ya se cuenta con los recursos necesarios.<\/p>\n\n\n\n<p>La titular del Ejecutivo local tambi\u00e9n destac\u00f3 que, de acuerdo con datos del INEGI, entre 2019 y 2025 aument\u00f3 29 por ciento la opini\u00f3n favorable de las y los usuarios sobre la mejora del Metro, as\u00ed como la percepci\u00f3n de seguridad en el sistema. \u201cEs una tarea apasionante por su grandeza y por los retos que implica, pero estamos en el camino correcto\u201d, concluy\u00f3.<\/p>\n\n\n\n<p>Por su parte, el secretario de Movilidad (Semovi), H\u00e9ctor Ulises Garc\u00eda Nieto, indic\u00f3 que con la entrega de estas escaleras \u201cse demuestra que la pol\u00edtica de la Jefa de Gobierno en torno a la movilidad es exitosa y que se ha puesto en el foco el asunto de c\u00f3mo atendemos bien a los usuarios y c\u00f3mo trabajamos para ellos\u201d.<\/p>\n\n\n\n<p>Garc\u00eda Nieto dijo que la puesta en marcha de las 20 nuevas escaleras, junto con las intervenciones realizadas el a\u00f1o previo, son evidencia de que \u201cvamos por el camino correcto con la sustituci\u00f3n de todas las escaleras el\u00e9ctricas\u201d. Agreg\u00f3 que el avance hacia la accesibilidad no se visualiz\u00f3 desde el inicio de operaciones del STC Metro, por lo que hoy es un reto a lograr.<\/p>\n\n\n\n<p>En su intervenci\u00f3n el director general del Sistema de Transporte Colectivo (STC Metro), Adri\u00e1n Rubalcava Su\u00e1rez, detall\u00f3 que en total se entregaron 20 escaleras electromec\u00e1nicas: ocho en la estaci\u00f3n Camarones, cuatro en Tacuba, dos en Pantitl\u00e1n, dos en Patriotismo, dos en Bellas Artes y dos m\u00e1s en Centro M\u00e9dico, las cuales beneficiar\u00e1n a 3. 9 millones de usuarios al mes, mismas que tuvieron una inversi\u00f3n de 9 millones de pesos por escalera.<\/p>\n\n\n\n<p>\u201cQuiero felicitar al personal del Metro, felicitar a las empresas responsables porque por instrucciones de la Jefa de Gobierno se logr\u00f3 esto en un periodo extraordinario, un periodo muy r\u00e1pido, en un periodo de menos de seis meses\u201d.<\/p>\n\n\n\n<p>El director general del organismo de transporte destac\u00f3 que se ha establecido un contrato multianual por 830 millones de pesos, que aplicar\u00e1 276 millones de pesos por a\u00f1o para el mantenimiento de escaleras en todas las estaciones del Sistema.<\/p>\n\n\n\n<p>Asimismo, destac\u00f3 que actualmente el 54 por ciento de las escaleras electromec\u00e1nicas del Metro cuenta con sensores, que permiten supervisar el funcionamiento de las escaleras desde un centro de monitoreo SCAR de forma remota.<\/p>\n\n\n\n<p>\u201cEs un sistema innovador que no exist\u00eda en otra parte ni en ning\u00fan otro Metro del mundo y que nos da la oportunidad de visualizar el funcionamiento en tiempo real de cada una de las escaleras\u201d, refiri\u00f3 Rubalcava Su\u00e1rez durante una demostraci\u00f3n de la supervisi\u00f3n en tiempo real del estado y operaci\u00f3n de una de los nuevos dispositivos electromec\u00e1nicos.<\/p>\n\n\n\n<p><a href=\"mailto:abelardo_zarate@hotmail.com\">serieys@hotmail.com<\/a><\/p>\n","protected":false},"excerpt":{"rendered":"<p>Ciudad de M\u00e9xico 22\/01\/2026 La jefa de Gobierno, Clara Brugada Molina, entreg\u00f3 20 nuevas escaleras electromec\u00e1nicas en estaciones estrat\u00e9gicas del Sistema de Transporte Colectivo (STC) Metro como parte de una pol\u00edtica integral de accesibilidad, mantenimiento y cuidado del principal bien p\u00fablico de la Ciudad de M\u00e9xico, mismo que contempla la&#8230;<\/p>\n","protected":false},"author":1,"featured_media":48801,"comment_status":"closed","ping_status":"open","sticky":false,"template":"","format":"standard","meta":{"inline_featured_image":false,"advgb_blocks_editor_width":"","advgb_blocks_columns_visual_guide":"","footnotes":""},"categories":[32,88],"tags":[],"class_list":["post-48799","post","type-post","status-publish","format-standard","has-post-thumbnail","hentry","category-ciudad-de-mexico","category-metro","penci-post-item"],"aioseo_notices":[],"author_meta":{"display_name":"admin8","author_link":"https:\/\/desdeabajo.com.mx\/?author=1"},"featured_img":"https:\/\/desdeabajo.com.mx\/wp-content\/uploads\/2026\/01\/clara-adrias-escaleras2201-300x200.jpg","coauthors":[],"tax_additional":{"categories":{"linked":["<a href=\"https:\/\/desdeabajo.com.mx\/?cat=32\" class=\"advgb-post-tax-term\">Ciudad de M\u00e9xico<\/a>","<a href=\"https:\/\/desdeabajo.com.mx\/?cat=88\" class=\"advgb-post-tax-term\">METRO<\/a>"],"unlinked":["<span class=\"advgb-post-tax-term\">Ciudad de M\u00e9xico<\/span>","<span class=\"advgb-post-tax-term\">METRO<\/span>"]}},"comment_count":"0","relative_dates":{"created":"Publicado 3 meses hace","modified":"Actualizado 3 meses hace"},"absolute_dates":{"created":"Publicado el 22 de enero de 2026","modified":"Actualizado el 22 de enero de 2026"},"absolute_dates_time":{"created":"Publicado el 22 de enero de 2026 16:32","modified":"Actualizado el 22 de enero de 2026 16:32"},"featured_img_caption":"","series_order":"","_links":{"self":[{"href":"https:\/\/desdeabajo.com.mx\/index.php?rest_route=\/wp\/v2\/posts\/48799","targetHints":{"allow":["GET"]}}],"collection":[{"href":"https:\/\/desdeabajo.com.mx\/index.php?rest_route=\/wp\/v2\/posts"}],"about":[{"href":"https:\/\/desdeabajo.com.mx\/index.php?rest_route=\/wp\/v2\/types\/post"}],"author":[{"embeddable":true,"href":"https:\/\/desdeabajo.com.mx\/index.php?rest_route=\/wp\/v2\/users\/1"}],"replies":[{"embeddable":true,"href":"https:\/\/desdeabajo.com.mx\/index.php?rest_route=%2Fwp%2Fv2%2Fcomments&post=48799"}],"version-history":[{"count":1,"href":"https:\/\/desdeabajo.com.mx\/index.php?rest_route=\/wp\/v2\/posts\/48799\/revisions"}],"predecessor-version":[{"id":48802,"href":"https:\/\/desdeabajo.com.mx\/index.php?rest_route=\/wp\/v2\/posts\/48799\/revisions\/48802"}],"wp:featuredmedia":[{"embeddable":true,"href":"https:\/\/desdeabajo.com.mx\/index.php?rest_route=\/wp\/v2\/media\/48801"}],"wp:attachment":[{"href":"https:\/\/desdeabajo.com.mx\/index.php?rest_route=%2Fwp%2Fv2%2Fmedia&parent=48799"}],"wp:term":[{"taxonomy":"category","embeddable":true,"href":"https:\/\/desdeabajo.com.mx\/index.php?rest_route=%2Fwp%2Fv2%2Fcategories&post=48799"},{"taxonomy":"post_tag","embeddable":true,"href":"https:\/\/desdeabajo.com.mx\/index.php?rest_route=%2Fwp%2Fv2%2Ftags&post=48799"}],"curies":[{"name":"wp","href":"https:\/\/api.w.org\/{rel}","templated":true}]}}