{"id":48803,"date":"2026-01-22T16:44:12","date_gmt":"2026-01-22T22:44:12","guid":{"rendered":"https:\/\/desdeabajo.com.mx\/?p=48803"},"modified":"2026-01-22T16:48:19","modified_gmt":"2026-01-22T22:48:19","slug":"preocupa-situacion-riesgosa-del-metro-a-sus-trabajadores","status":"publish","type":"post","link":"https:\/\/desdeabajo.com.mx\/?p=48803","title":{"rendered":"Preocupa situaci\u00f3n riesgosa del Metro a sus trabajadores"},"content":{"rendered":"\n<p>+ Por esa preocupaci\u00f3n enviaron una petici\u00f3n a la Jefa de Gobierno Clara Brugada<\/p>\n\n\n\n<p><\/p>\n\n\n\n<p>Ciudad de M\u00e9xico<\/p>\n\n\n\n<p>22\/01\/2026<\/p>\n\n\n\n<p>Los trabajadores del Sistema de Transporte Colectivo (STC-Metro), en un grito de auxilio a la Jefa de Gobierno, Clara Brugada, le enviaron una nota, la cual reproduzco a continuaci\u00f3n:<\/p>\n\n\n\n<p>\u201cNos dirigimos a usted de manera atenta y respetuosa, con la finalidad de exponerle diversos asuntos que de sobremanera preocupan a los trabajadores, en torno a la operaci\u00f3n del servicio del transporte colectivo m\u00e1s importante de esta Ciudad y de la Zona Metropolitana, el Sistema de Transporte Colectivo, los que le mencionamos, entre otros:<\/p>\n\n\n\n<p>\u2022 La falta de herramientas, refacciones, equipos y materiales necesarios para realizar el mantenimiento preventivo y correctivo a los trenes y equipos de instalaciones fijas (el\u00e9ctricas, electr\u00f3nicas y electromec\u00e1nicas) as\u00ed como a la obra civil.<\/p>\n\n\n\n<p>Lo anterior nos lleva a considerar, sin exageraci\u00f3n, que estamos en el l\u00edmite de la capacidad de operaci\u00f3n de nuestro querido centro de trabajo. Esta situaci\u00f3n se refleja en la falta de trenes en circulaci\u00f3n y en las constantes fallas que se presentan a diario en el servicio que brinda el Metro. Adem\u00e1s, los equipos existentes son totalmente obsoletos, lo que pone en riesgo la vida de millones de usuarios y de nuestros compa\u00f1eros trabajadores.<\/p>\n\n\n\n<p>Por lo expuesto, acudimos a su sensibilidad como gobernante de la Capital de la Rep\u00fablica Mexicana, para solicitarle disponga que se liberen los recursos econ\u00f3micos propuestos por usted y aprobados por el Congreso de la Ciudad de M\u00e9xico, para que sean puestos a disposici\u00f3n de la Administraci\u00f3n del Sistema de Transporte Colectivo y se ejerzan oportuna y puntualmente en los rubros para los que fueron autorizados.<\/p>\n\n\n\n<p>Solicitamos tambi\u00e9n que se consideren los asuntos obrero-patronales que hasta la fecha no han sido atendidos y de los cuales usted tiene<\/p>\n\n\n\n<p>pleno conocimiento.<\/p>\n\n\n\n<p>Por la atenci\u00f3n que se sirva brindar al presente, le anticipamos nuestro m\u00e1s sincero reconocimiento y agradecimiento.<\/p>\n\n\n\n<p>ATENTAMENTE<\/p>\n\n\n\n<p>POR EL COMIT\u00c9 EJECUTIVO NACIONAL<\/p>\n\n\n\n<p>\u00abFORTALEZA SINDICAL AL SERVICIO DE LA SOCIEDAD\u00bb<\/p>\n\n\n\n<p>ING. FERNANDO ESPINO AR\u00c9VALO\u201d.<\/p>\n\n\n\n<p>Esto demuestra nuevamente que a los trabajadores del Metro les sigue importando mantener funcionando su fuente de trabajo y continuar con la atenci\u00f3n a millones de ciudadanos que utilizan sus trenes cada d\u00eda.<\/p>\n\n\n\n<p>serieys@hotmail.com<\/p>\n","protected":false},"excerpt":{"rendered":"<p>+ Por esa preocupaci\u00f3n enviaron una petici\u00f3n a la Jefa de Gobierno Clara Brugada Ciudad de M\u00e9xico 22\/01\/2026 Los trabajadores del Sistema de Transporte Colectivo (STC-Metro), en un grito de auxilio a la Jefa de Gobierno, Clara Brugada, le enviaron una nota, la cual reproduzco a continuaci\u00f3n: \u201cNos dirigimos a&#8230;<\/p>\n","protected":false},"author":1,"featured_media":48806,"comment_status":"closed","ping_status":"open","sticky":false,"template":"","format":"standard","meta":{"inline_featured_image":false,"advgb_blocks_editor_width":"","advgb_blocks_columns_visual_guide":"","footnotes":""},"categories":[32,34,88],"tags":[],"class_list":["post-48803","post","type-post","status-publish","format-standard","has-post-thumbnail","hentry","category-ciudad-de-mexico","category-d-sindicatos","category-metro","penci-post-item"],"aioseo_notices":[],"author_meta":{"display_name":"admin8","author_link":"https:\/\/desdeabajo.com.mx\/?author=1"},"featured_img":"https:\/\/desdeabajo.com.mx\/wp-content\/uploads\/2026\/01\/metro-l3-1201-1-300x200.jpg","coauthors":[],"tax_additional":{"categories":{"linked":["<a href=\"https:\/\/desdeabajo.com.mx\/?cat=32\" class=\"advgb-post-tax-term\">Ciudad de M\u00e9xico<\/a>","<a href=\"https:\/\/desdeabajo.com.mx\/?cat=34\" class=\"advgb-post-tax-term\">D&#039; Sindicatos<\/a>","<a href=\"https:\/\/desdeabajo.com.mx\/?cat=88\" class=\"advgb-post-tax-term\">METRO<\/a>"],"unlinked":["<span class=\"advgb-post-tax-term\">Ciudad de M\u00e9xico<\/span>","<span class=\"advgb-post-tax-term\">D&#039; Sindicatos<\/span>","<span class=\"advgb-post-tax-term\">METRO<\/span>"]}},"comment_count":"0","relative_dates":{"created":"Publicado 3 meses hace","modified":"Actualizado 3 meses hace"},"absolute_dates":{"created":"Publicado el 22 de enero de 2026","modified":"Actualizado el 22 de enero de 2026"},"absolute_dates_time":{"created":"Publicado el 22 de enero de 2026 16:44","modified":"Actualizado el 22 de enero de 2026 16:48"},"featured_img_caption":"","series_order":"","_links":{"self":[{"href":"https:\/\/desdeabajo.com.mx\/index.php?rest_route=\/wp\/v2\/posts\/48803","targetHints":{"allow":["GET"]}}],"collection":[{"href":"https:\/\/desdeabajo.com.mx\/index.php?rest_route=\/wp\/v2\/posts"}],"about":[{"href":"https:\/\/desdeabajo.com.mx\/index.php?rest_route=\/wp\/v2\/types\/post"}],"author":[{"embeddable":true,"href":"https:\/\/desdeabajo.com.mx\/index.php?rest_route=\/wp\/v2\/users\/1"}],"replies":[{"embeddable":true,"href":"https:\/\/desdeabajo.com.mx\/index.php?rest_route=%2Fwp%2Fv2%2Fcomments&post=48803"}],"version-history":[{"count":1,"href":"https:\/\/desdeabajo.com.mx\/index.php?rest_route=\/wp\/v2\/posts\/48803\/revisions"}],"predecessor-version":[{"id":48807,"href":"https:\/\/desdeabajo.com.mx\/index.php?rest_route=\/wp\/v2\/posts\/48803\/revisions\/48807"}],"wp:featuredmedia":[{"embeddable":true,"href":"https:\/\/desdeabajo.com.mx\/index.php?rest_route=\/wp\/v2\/media\/48806"}],"wp:attachment":[{"href":"https:\/\/desdeabajo.com.mx\/index.php?rest_route=%2Fwp%2Fv2%2Fmedia&parent=48803"}],"wp:term":[{"taxonomy":"category","embeddable":true,"href":"https:\/\/desdeabajo.com.mx\/index.php?rest_route=%2Fwp%2Fv2%2Fcategories&post=48803"},{"taxonomy":"post_tag","embeddable":true,"href":"https:\/\/desdeabajo.com.mx\/index.php?rest_route=%2Fwp%2Fv2%2Ftags&post=48803"}],"curies":[{"name":"wp","href":"https:\/\/api.w.org\/{rel}","templated":true}]}}