{"id":49152,"date":"2026-02-04T23:12:57","date_gmt":"2026-02-05T05:12:57","guid":{"rendered":"https:\/\/desdeabajo.com.mx\/?p=49152"},"modified":"2026-02-04T23:13:29","modified_gmt":"2026-02-05T05:13:29","slug":"investiga-el-gobierno-federal-contexto-de-los-bloqueos-carreteros-en-guerrero","status":"publish","type":"post","link":"https:\/\/desdeabajo.com.mx\/?p=49152","title":{"rendered":"Investiga el gobierno federal contexto de los bloqueos carreteros en Guerrero"},"content":{"rendered":"<p><strong>Los manifestantes exigieron mayor seguridad y la intervenci\u00f3n del gobierno federal para frenar la presunta incursi\u00f3n de polic\u00edas comunitarias en sus municipios. <\/strong><\/p>\n<p><strong><em>Marcial Campuzano<\/em><\/strong><\/p>\n<p><strong><em>03\/02\/026<\/em><\/strong><\/p>\n<p><strong><em>Chilpancingo, Gro. <\/em><\/strong><\/p>\n<p>La presidenta de M\u00e9xico, Claudia Sheinbaum Pardo, inform\u00f3 que el gobierno federal investiga el contexto integral en el que se han registrado al menos 3 bloqueos prolongados a la Autopista del Sol y a la carretera federal M\u00e9xico\u2013Acapulco, realizados por habitantes de los municipios de Juan R. Escudero, Tecoanapa y comunidades del medio rural de Acapulco.<\/p>\n<p>Durante la conferencia de prensa matutina de este martes, la titular del Poder Ejecutivo federal fue cuestionada sobre las constantes obstrucciones a las v\u00edas federales en Guerrero, las cuales han afectado a miles de turistas y usuarios, particularmente durante periodos vacacionales.<\/p>\n<p>Ante el cuestionamiento sobre los bloqueos relacionados con demandas contra polic\u00edas comunitarias, la presidenta se\u00f1al\u00f3 que el tema ya es atendido por su gabinete de seguridad.<\/p>\n<p>\u201cSe est\u00e1 investigando en particular este caso. En efecto, ha habido 3 bloqueos relacionados con este tema. Lo present\u00f3 hoy la Secretar\u00eda de Gobernaci\u00f3n y se est\u00e1 haciendo una investigaci\u00f3n de todo el contexto relacionado con esto\u201d, afirm\u00f3 Sheinbaum Pardo.<\/p>\n<p>Las declaraciones de la mandataria se dieron luego del bloqueo registrado este lunes, que durante casi 7 horas paraliz\u00f3 la Autopista del Sol y la carretera federal M\u00e9xico\u2013Acapulco, justo en el regreso de miles de vacacionistas que acudieron al puerto y a otros destinos tur\u00edsticos con motivo del primer puente vacacional largo del a\u00f1o 2026.<\/p>\n<p>De acuerdo con los antecedentes, habitantes y transportistas de Juan R. Escudero y Tecoanapa cerraron totalmente la circulaci\u00f3n vehicular en ambos sentidos a la altura del entronque de Tierra Colorada, desde alrededor de las 8:00 de la ma\u00f1ana hasta cerca de las 3:00 de la tarde, lo que provoc\u00f3 un severo colapso vial.<\/p>\n<p>Los manifestantes exigieron mayor seguridad y la intervenci\u00f3n del gobierno federal para frenar la presunta incursi\u00f3n de polic\u00edas comunitarias en sus municipios.<\/p>\n<p>Se\u00f1alaron que integrantes de la Uni\u00f3n de Pueblos y Organizaciones del Estado de Guerrero (UPOEG) y del Consejo Ind\u00edgena y Popular de Guerrero Emiliano Zapata (CIPOG-EZ) intentaron ingresar recientemente a comunidades de la regi\u00f3n, lo que consideraron una amenaza para la poblaci\u00f3n.<\/p>\n<p>Durante varias horas, la autopista permaneci\u00f3 completamente paralizada, generando largas filas de veh\u00edculos, afectaciones al transporte p\u00fablico y de carga, as\u00ed como a cientos de turistas que retornaban a sus lugares de origen.<\/p>\n<p>Ante la protesta, se despleg\u00f3 un operativo de seguridad con elementos del Ej\u00e9rcito Mexicano, la Guardia Nacional y la Polic\u00eda Estatal, quienes se mantuvieron en la zona sin intervenir para desalojar a los manifestantes, privilegiando el di\u00e1logo.<\/p>\n<p>Al lugar acudieron el subsecretario de Desarrollo Pol\u00edtico y Social del gobierno estatal, Francisco Rodr\u00edguez Cisneros, y el secretario de Seguridad P\u00fablica de Guerrero, Daniel Antonio Ledesma Osuna, con el fin de entablar negociaciones. En un inicio, los pobladores rechazaron el di\u00e1logo con autoridades estatales y exigieron ser atendidos directamente por la presidenta de la Rep\u00fablica.<\/p>\n<p>Tras varias horas de negociaci\u00f3n, en una cuarta mesa de di\u00e1logo se lograron acuerdos preliminares que permitieron el retiro de los manifestantes y la reapertura gradual de las v\u00edas de comunicaci\u00f3n.<\/p>\n<p>El subsecretario Francisco Rodr\u00edguez Cisneros inform\u00f3 que la liberaci\u00f3n de la autopista fue resultado de la intermediaci\u00f3n institucional, priorizando el di\u00e1logo y evitando confrontaciones, mientras que autoridades estatales se\u00f1alaron que se actu\u00f3 de manera coordinada con instancias federales para garantizar el orden, la gobernabilidad y el libre tr\u00e1nsito.<\/p>\n<p><strong>Denuncia en <em>desdeabajo<\/em> Noticias! <\/strong><\/p>\n<p><strong><br \/>\n<\/strong><strong>\u00bfConoces o tienes\u00a0fotos y videos\u00a0de alg\u00fan acto de posible negligencia, corrupci\u00f3n y abuso de autoridad? M\u00e1ndalo al\u00a0WhatsApp:\u00a0 de desdeabajoNoticias: 7443262471.\u00a0\u00a1Comp\u00e1rtelo! Nosotros le damos seguimiento.<\/strong><\/p>\n<p><a href=\"http:\/\/www.desdeabajo.com.mx\"><strong>www.desdeabajo.com.mx<\/strong><\/a><\/p>\n<p><strong>S\u00edguenos tambi\u00e9n en Twitter:<\/strong> <strong>@Yae31099C<\/strong> <strong>en Facebook: DesdeabajoAca:<\/strong><strong>https:\/\/www.facebook.com\/profile.php?id=1000636<\/strong><\/p>\n","protected":false},"excerpt":{"rendered":"<p>Los manifestantes exigieron mayor seguridad y la intervenci\u00f3n del gobierno federal para frenar la presunta incursi\u00f3n de polic\u00edas comunitarias en sus municipios. Marcial Campuzano 03\/02\/026 Chilpancingo, Gro. La presidenta de M\u00e9xico, Claudia Sheinbaum Pardo, inform\u00f3 que el gobierno federal investiga el contexto integral en el que se han registrado al&#8230;<\/p>\n","protected":false},"author":1,"featured_media":49153,"comment_status":"closed","ping_status":"open","sticky":false,"template":"","format":"standard","meta":{"inline_featured_image":false,"advgb_blocks_editor_width":"","advgb_blocks_columns_visual_guide":"","footnotes":""},"categories":[44],"tags":[41],"class_list":["post-49152","post","type-post","status-publish","format-standard","has-post-thumbnail","hentry","category-justicia","tag-destacadas","penci-post-item"],"aioseo_notices":[],"author_meta":{"display_name":"admin8","author_link":"https:\/\/desdeabajo.com.mx\/?author=1"},"featured_img":"https:\/\/desdeabajo.com.mx\/wp-content\/uploads\/2026\/02\/clau-investi-300x169.jpg","coauthors":[],"tax_additional":{"categories":{"linked":["<a href=\"https:\/\/desdeabajo.com.mx\/?cat=44\" class=\"advgb-post-tax-term\">Justicia<\/a>"],"unlinked":["<span class=\"advgb-post-tax-term\">Justicia<\/span>"]},"tags":{"linked":["<a href=\"https:\/\/desdeabajo.com.mx\/?cat=44\" class=\"advgb-post-tax-term\">destacadas<\/a>"],"unlinked":["<span class=\"advgb-post-tax-term\">destacadas<\/span>"]}},"comment_count":"0","relative_dates":{"created":"Publicado 3 meses hace","modified":"Actualizado 3 meses hace"},"absolute_dates":{"created":"Publicado el 4 de febrero de 2026","modified":"Actualizado el 4 de febrero de 2026"},"absolute_dates_time":{"created":"Publicado el 4 de febrero de 2026 23:12","modified":"Actualizado el 4 de febrero de 2026 23:13"},"featured_img_caption":"","series_order":"","_links":{"self":[{"href":"https:\/\/desdeabajo.com.mx\/index.php?rest_route=\/wp\/v2\/posts\/49152","targetHints":{"allow":["GET"]}}],"collection":[{"href":"https:\/\/desdeabajo.com.mx\/index.php?rest_route=\/wp\/v2\/posts"}],"about":[{"href":"https:\/\/desdeabajo.com.mx\/index.php?rest_route=\/wp\/v2\/types\/post"}],"author":[{"embeddable":true,"href":"https:\/\/desdeabajo.com.mx\/index.php?rest_route=\/wp\/v2\/users\/1"}],"replies":[{"embeddable":true,"href":"https:\/\/desdeabajo.com.mx\/index.php?rest_route=%2Fwp%2Fv2%2Fcomments&post=49152"}],"version-history":[{"count":1,"href":"https:\/\/desdeabajo.com.mx\/index.php?rest_route=\/wp\/v2\/posts\/49152\/revisions"}],"predecessor-version":[{"id":49154,"href":"https:\/\/desdeabajo.com.mx\/index.php?rest_route=\/wp\/v2\/posts\/49152\/revisions\/49154"}],"wp:featuredmedia":[{"embeddable":true,"href":"https:\/\/desdeabajo.com.mx\/index.php?rest_route=\/wp\/v2\/media\/49153"}],"wp:attachment":[{"href":"https:\/\/desdeabajo.com.mx\/index.php?rest_route=%2Fwp%2Fv2%2Fmedia&parent=49152"}],"wp:term":[{"taxonomy":"category","embeddable":true,"href":"https:\/\/desdeabajo.com.mx\/index.php?rest_route=%2Fwp%2Fv2%2Fcategories&post=49152"},{"taxonomy":"post_tag","embeddable":true,"href":"https:\/\/desdeabajo.com.mx\/index.php?rest_route=%2Fwp%2Fv2%2Ftags&post=49152"}],"curies":[{"name":"wp","href":"https:\/\/api.w.org\/{rel}","templated":true}]}}