{"id":49950,"date":"2026-03-02T21:41:50","date_gmt":"2026-03-03T03:41:50","guid":{"rendered":"https:\/\/desdeabajo.com.mx\/?p=49950"},"modified":"2026-03-02T21:42:13","modified_gmt":"2026-03-03T03:42:13","slug":"refrenda-evelyn-salgado-pineda-su-compromiso-con-una-educacion-incluyente-que-abrace-nuestras-lenguas-y-con-sentido-social","status":"publish","type":"post","link":"https:\/\/desdeabajo.com.mx\/?p=49950","title":{"rendered":"Refrenda Evelyn Salgado Pineda su compromiso con una educaci\u00f3n incluyente, que abrace nuestras lenguas y con sentido social"},"content":{"rendered":"<p><strong>\u00a0<\/strong><\/p>\n<p><strong>*Entrega junto al titular de la SEP, Mario Delgado apoyos y libros de texto en lengua materna a 599 escuelas de la Costa Chica\/*Se trata de dignificar nuestras escuelas y de potenciar el proceso de ense\u00f1anza-aprendizaje, destaca la gobernadora<\/strong><\/p>\n<p><strong>\u00a0<\/strong><\/p>\n<p><strong>\u00a0<\/strong><\/p>\n<p><strong>\u00a0<\/strong><\/p>\n<p><strong><em>Redacci\u00f3n\u2026<\/em><\/strong><\/p>\n<p><strong><em>02\/03\/2026<\/em><\/strong><\/p>\n<p><strong><em>Xochistlahuaca, Gro.<\/em><\/strong><\/p>\n<p><strong><em>\u00a0<\/em><\/strong><\/p>\n<p><strong><em>\u00a0<\/em><\/strong><\/p>\n<p><strong>\u00a0<\/strong><\/p>\n<p>\u201cRefrendamos este compromiso con una educaci\u00f3n incluyente, con sentido social, gratuita y de calidad, una educaci\u00f3n para la transformaci\u00f3n, que no borre nuestra historia, que abrace nuestras lenguas, que fortalezca nuestra identidad\u201d, expres\u00f3 la gobernadora Evelyn Salgado Pineda durante la entrega de apoyos y libros de texto en lengua materna, para escuelas vulnerables de la regi\u00f3n de la Costa Chica.<\/p>\n<p><img fetchpriority=\"high\" decoding=\"async\" class=\"alignnone  wp-image-49951\" src=\"http:\/\/desdeabajo.com.mx\/wp-content\/uploads\/2026\/03\/eve-costachica-300x169.jpg\" alt=\"\" width=\"859\" height=\"484\" srcset=\"https:\/\/desdeabajo.com.mx\/wp-content\/uploads\/2026\/03\/eve-costachica-300x169.jpg 300w, https:\/\/desdeabajo.com.mx\/wp-content\/uploads\/2026\/03\/eve-costachica-768x432.jpg 768w, https:\/\/desdeabajo.com.mx\/wp-content\/uploads\/2026\/03\/eve-costachica-18x10.jpg 18w, https:\/\/desdeabajo.com.mx\/wp-content\/uploads\/2026\/03\/eve-costachica.jpg 1024w\" sizes=\"(max-width: 859px) 100vw, 859px\" \/><\/p>\n<p>En compa\u00f1\u00eda del secretario de Educaci\u00f3n P\u00fablica, Mario Delgado Carrillo, la jefa del Ejecutivo estatal reiter\u00f3 la importancia de entregar estos beneficios, lo que permitir\u00e1 fortalecer las capacidades de directivos y docentes, a la vez de garantizar mejores condiciones de ense\u00f1anza-aprendizaje. A trav\u00e9s de estas acciones, se benefici\u00f3 a 599 escuelas, con la entrega de m\u00e1s de 41 mil bienes, entre mobiliario y equipamiento escolar, que incluye butacas, escritorios, pizarrones, mesas, libreros, herramientas tecnol\u00f3gicas, computadoras, libros de texto, proyectores, impresoras, entre otros.<\/p>\n<p>\u201cNo s\u00f3lo se trata de mobiliario, se trata de dignificar nuestras escuelas, de mejores herramientas para las maestras, para los maestros y de nuevas oportunidades para nuestras ni\u00f1as y nuestros ni\u00f1os. Queremos que ustedes, quienes son el motor de esta gran transformaci\u00f3n, las ni\u00f1as, los ni\u00f1os y los j\u00f3venes, aprendan sin dejar atr\u00e1s su lengua, su cultura y sus ra\u00edces\u201d, se\u00f1al\u00f3.<\/p>\n<p>En un mensaje a ni\u00f1os, ni\u00f1as y j\u00f3venes de las instituciones beneficiadas, la gobernadora dijo que seguir\u00e1 trabajando de manera coordinada para que nadie se quede atr\u00e1s. Y agreg\u00f3: \u201cEducar es sembrar futuro y el futuro de Guerrero est\u00e1 aqu\u00ed, en nuestras ni\u00f1as, nuestros ni\u00f1os y j\u00f3venes. El futuro de Guerrero est\u00e1 en las aulas, en las escuelas, en las comunidades, en nuestros pueblos originarios, ind\u00edgenas y afromexicanos, y sobre todo, en el coraz\u00f3n tan grande del pueblo de Guerrero\u201d.<\/p>\n<p>Durante su participaci\u00f3n, el secretario de Educaci\u00f3n P\u00fablica, Mario Delgado enfatiz\u00f3 la importancia de generar las herramientas necesarias para que las ni\u00f1as, los ni\u00f1os y los j\u00f3venes, puedan ejercer su derecho a la educaci\u00f3n. Se\u00f1al\u00f3 que hay un gran esfuerzo por parte de la administraci\u00f3n de la presidenta Claudia Sheinbaum, para que nadie se quede sin estudiar.<\/p>\n<p>Por ello, se trabaj\u00f3 en la inclusi\u00f3n de estos libros de texto gratuito, donde las lenguas originarias juegan un papel fundamental en el proceso educativo.<\/p>\n<p><img decoding=\"async\" class=\"alignnone  wp-image-49952\" src=\"http:\/\/desdeabajo.com.mx\/wp-content\/uploads\/2026\/03\/equipo-esc-300x200.jpg\" alt=\"\" width=\"849\" height=\"566\" srcset=\"https:\/\/desdeabajo.com.mx\/wp-content\/uploads\/2026\/03\/equipo-esc-300x200.jpg 300w, https:\/\/desdeabajo.com.mx\/wp-content\/uploads\/2026\/03\/equipo-esc-1024x682.jpg 1024w, https:\/\/desdeabajo.com.mx\/wp-content\/uploads\/2026\/03\/equipo-esc-768x512.jpg 768w, https:\/\/desdeabajo.com.mx\/wp-content\/uploads\/2026\/03\/equipo-esc-18x12.jpg 18w, https:\/\/desdeabajo.com.mx\/wp-content\/uploads\/2026\/03\/equipo-esc.jpg 1280w\" sizes=\"(max-width: 849px) 100vw, 849px\" \/><\/p>\n<p>A nombre de los beneficiados, el director de la escuela primaria \u201cEugenio Tapia V\u00e1zquez\u201d, Edson Pel\u00e1ez L\u00f3pez, expres\u00f3 su reconocimiento a las autoridades por el apoyo brindado, lo que habla de un compromiso real con las escuelas de Guerrero, particularmente mediante la entrega de estos libros.<\/p>\n<p>Agradeci\u00f3 a la gobernadora por su acompa\u00f1amiento integral y permanente, sobre todo en los momentos m\u00e1s dif\u00edciles. \u201cPodemos afirmar con certeza que en cada dificultad que hemos pasado hemos sentido el respaldo firme y solidario de su administraci\u00f3n\u201d, puntualiz\u00f3.<\/p>\n<p>En tanto, la presidenta municipal, Mar\u00eda Rojas Pineda dijo que este es un d\u00eda hist\u00f3rico en el municipio, porque la entrega de este equipamiento permite dotar a los estudiantes de las herramientas necesarias para alcanzar su m\u00e1ximo potencial. Y agreg\u00f3: \u201cAgradezco a la gobernadora por su compromiso con la educaci\u00f3n en nuestro estado, en nuestra regi\u00f3n y especialmente en nuestros municipios, su liderazgo y visi\u00f3n han sido fundamentales para hacer posible este proyecto\u201d.<\/p>\n<p>Asistieron a este evento la subsecretaria de Educaci\u00f3n, Noem\u00ed Ju\u00e1rez P\u00e9rez; el secretario Educaci\u00f3n Guerrero, Ricardo Castillo Pe\u00f1a; los alumnos de la Escuela Primaria \u201cEl Porvenir\u201d, Aid\u00e9 Dom\u00ednguez Nicol\u00e1s y Maril\u00e9n N\u00e9stor Mart\u00ednez<\/p>\n<p>As\u00ed como estudiantes y padres de familia del Jard\u00edn de Ni\u00f1os \u201cRosaura Zapata\u201d, el Jard\u00edn de Ni\u00f1os \u201cEl Porvenir\u201d, Jard\u00edn de Ni\u00f1os \u201cMar\u00eda Montessori\u201d, Escuela Primaria Biling\u00fce \u201cEl Porvenir\u201d, Escuela Secundaria T\u00e9cnica \u201c20 de Noviembre\u201d, Escuela Primaria \u201cEscuadr\u00f3n 201\u201d, Escuela Primaria \u201cFrancisco Sarabia\u201d, s\u00f3lo por mencionar algunas.<\/p>\n<p><strong>\u00a0<\/strong><\/p>\n<p><strong>Denuncia en <em>desdeabajo<\/em> Noticias! <\/strong><\/p>\n<p><strong><br \/>\n<\/strong><strong>\u00bfConoces o tienes\u00a0fotos y videos\u00a0de alg\u00fan acto de posible negligencia, corrupci\u00f3n y abuso de autoridad? M\u00e1ndalo al\u00a0WhatsApp:\u00a0 de desdeabajoNoticias: 7443262471.\u00a0\u00a1Comp\u00e1rtelo! Nosotros le damos seguimiento.<\/strong><\/p>\n<p><a href=\"http:\/\/www.desdeabajo.com.mx\"><strong>www.desdeabajo.com.mx<\/strong><\/a><\/p>\n<p><strong>S\u00edguenos tambi\u00e9n en Twitter:<\/strong> <strong>@Yae31099C<\/strong> <strong>en Facebook: DesdeabajoAca:<\/strong><strong>https:\/\/www.facebook.com\/profile.php?id=1000636239783<\/strong><\/p>\n","protected":false},"excerpt":{"rendered":"<p>\u00a0 *Entrega junto al titular de la SEP, Mario Delgado apoyos y libros de texto en lengua materna a 599 escuelas de la Costa Chica\/*Se trata de dignificar nuestras escuelas y de potenciar el proceso de ense\u00f1anza-aprendizaje, destaca la gobernadora \u00a0 \u00a0 \u00a0 Redacci\u00f3n\u2026 02\/03\/2026 Xochistlahuaca, Gro. \u00a0 \u00a0 \u00a0 \u201cRefrendamos este compromiso con una [&hellip;]<\/p>\n","protected":false},"author":1,"featured_media":49953,"comment_status":"closed","ping_status":"open","sticky":false,"template":"","format":"standard","meta":{"inline_featured_image":false,"advgb_blocks_editor_width":"","advgb_blocks_columns_visual_guide":"","footnotes":""},"categories":[46],"tags":[41],"class_list":["post-49950","post","type-post","status-publish","format-standard","has-post-thumbnail","hentry","category-educativas","tag-destacadas"],"aioseo_notices":[],"author_meta":{"display_name":"admin8","author_link":"https:\/\/desdeabajo.com.mx\/?author=1"},"featured_img":"https:\/\/desdeabajo.com.mx\/wp-content\/uploads\/2026\/03\/eve-Mario-Costa-Chica-300x200.jpg","coauthors":[],"tax_additional":{"categories":{"linked":["<a href=\"https:\/\/desdeabajo.com.mx\/?cat=46\" class=\"advgb-post-tax-term\">Educativa&#039;s<\/a>"],"unlinked":["<span class=\"advgb-post-tax-term\">Educativa&#039;s<\/span>"]},"tags":{"linked":["<a href=\"https:\/\/desdeabajo.com.mx\/?cat=46\" class=\"advgb-post-tax-term\">destacadas<\/a>"],"unlinked":["<span class=\"advgb-post-tax-term\">destacadas<\/span>"]}},"comment_count":"0","relative_dates":{"created":"Publicado 2 meses hace","modified":"Actualizado 2 meses hace"},"absolute_dates":{"created":"Publicado el 2 de marzo de 2026","modified":"Actualizado el 2 de marzo de 2026"},"absolute_dates_time":{"created":"Publicado el 2 de marzo de 2026 21:41","modified":"Actualizado el 2 de marzo de 2026 21:42"},"featured_img_caption":"","series_order":"","_links":{"self":[{"href":"https:\/\/desdeabajo.com.mx\/index.php?rest_route=\/wp\/v2\/posts\/49950","targetHints":{"allow":["GET"]}}],"collection":[{"href":"https:\/\/desdeabajo.com.mx\/index.php?rest_route=\/wp\/v2\/posts"}],"about":[{"href":"https:\/\/desdeabajo.com.mx\/index.php?rest_route=\/wp\/v2\/types\/post"}],"author":[{"embeddable":true,"href":"https:\/\/desdeabajo.com.mx\/index.php?rest_route=\/wp\/v2\/users\/1"}],"replies":[{"embeddable":true,"href":"https:\/\/desdeabajo.com.mx\/index.php?rest_route=%2Fwp%2Fv2%2Fcomments&post=49950"}],"version-history":[{"count":1,"href":"https:\/\/desdeabajo.com.mx\/index.php?rest_route=\/wp\/v2\/posts\/49950\/revisions"}],"predecessor-version":[{"id":49954,"href":"https:\/\/desdeabajo.com.mx\/index.php?rest_route=\/wp\/v2\/posts\/49950\/revisions\/49954"}],"wp:featuredmedia":[{"embeddable":true,"href":"https:\/\/desdeabajo.com.mx\/index.php?rest_route=\/wp\/v2\/media\/49953"}],"wp:attachment":[{"href":"https:\/\/desdeabajo.com.mx\/index.php?rest_route=%2Fwp%2Fv2%2Fmedia&parent=49950"}],"wp:term":[{"taxonomy":"category","embeddable":true,"href":"https:\/\/desdeabajo.com.mx\/index.php?rest_route=%2Fwp%2Fv2%2Fcategories&post=49950"},{"taxonomy":"post_tag","embeddable":true,"href":"https:\/\/desdeabajo.com.mx\/index.php?rest_route=%2Fwp%2Fv2%2Ftags&post=49950"}],"curies":[{"name":"wp","href":"https:\/\/api.w.org\/{rel}","templated":true}]}}