{"id":49955,"date":"2026-03-02T21:51:30","date_gmt":"2026-03-03T03:51:30","guid":{"rendered":"https:\/\/desdeabajo.com.mx\/?p=49955"},"modified":"2026-03-02T21:52:12","modified_gmt":"2026-03-03T03:52:12","slug":"jornaleros-guerrerenses-viajan-a-florida-para-trabajar-en-el-jitomate","status":"publish","type":"post","link":"https:\/\/desdeabajo.com.mx\/?p=49955","title":{"rendered":"Jornaleros guerrerenses viajan a Florida para trabajar en el jitomate"},"content":{"rendered":"<p><strong>El contingente integrado por 46 trabajadores originarios de las regiones Centro, Monta\u00f1a y Costa Chica, acudieron a las instalaciones de la STyPS que encabeza Omar Estrada Bustos, para la firma de su carta compromiso<\/strong><\/p>\n<p><strong><em>\u00a0<\/em><\/strong><\/p>\n<p><strong><em>\u00a0<\/em><\/strong><\/p>\n<p><strong><em>\u00a0<\/em><\/strong><\/p>\n<p><strong><em>Redacci\u00f3n\u2026<\/em><\/strong><\/p>\n<p><strong><em>02\/03\/2026<\/em><\/strong><\/p>\n<p><strong><em>Chilpancingo, Gro.<\/em><\/strong><\/p>\n<p>Con el objetivo de fortalecer el bienestar de las familias de trabajadores agr\u00edcolas guerrerenses y a fin de promover una migraci\u00f3n laboral legal, ordenada y segura hacia los Estados Unidos, la Secretar\u00eda del Trabajo y Previsi\u00f3n Social (STyPS), en coordinaci\u00f3n con el Servicio Nacional de Empleo Guerrero (SNE Guerrero), recibieron a un grupo de jornaleros de diferentes regiones del estado quienes se trasladar\u00e1n a campos agr\u00edcolas del estado de Florida, en el vecino pa\u00eds del norte, para realizar trabajos en el cultivo de jitomate.<\/p>\n<p>Un bolet\u00edn indic\u00f3 que, estas acciones y oferta laboral, se realiza de acuerdo a las pol\u00edticas p\u00fablicas y oportunidades de empleo que impulsa la gobernadora Evelyn Salgado Pineda para que m\u00e1s guerrerenses cuenten con un empleo formal y seguro, adem\u00e1s de que se incorporen al sector productivo para mejorar su nivel de vida y la de sus familias.<\/p>\n<p>El contingente integrado por 46 trabajadores originarios de las regiones Centro, Monta\u00f1a y Costa Chica, acudieron a las instalaciones de la STyPS que encabeza Omar Estrada Bustos, para la firma de su carta compromiso, donde se recalc\u00f3 que del total de los trabajadores 38 son recontratados y ocho de nuevo ingreso; todos laborar\u00e1n para la empresa Lipman.<\/p>\n<p>Durante el acto de recepci\u00f3n, la subsecretaria de Empleo y Previsi\u00f3n Social, Marlene G\u00f3mez Camero, y la directora del SNE Guerrero, Araceli S\u00e1nchez Garc\u00eda, les proporcionaron informaci\u00f3n detallada sobre sus derechos laborales y humanos, as\u00ed como sobre las condiciones generales de trabajo. As\u00ed mismo, emitieron recomendaciones puntuales durante su traslado y estancia en territorio estadounidense, a la par de estas indicaciones se les subray\u00f3 que cuentan con el respaldo del gobierno estatal, garantizando sus derechos.<\/p>\n<p>Estas acciones forman parte del subprograma Mecanismo de Movilidad Laboral Externa para Jornaleros Agr\u00edcolas, mediante el cual el gobierno del estado,\u00a0 a trav\u00e9s de la STyPS y el SNE Guerrero, contin\u00faa impulsando oportunidades de empleo formal en el extranjero, garantizando el respeto pleno a los derechos laborales y humanos, en estricto apego a la legalidad.<\/p>\n<p><strong>Denuncia en <em>desdeabajo<\/em> Noticias! <\/strong><\/p>\n<p><strong><br \/>\n<\/strong><strong>\u00bfConoces o tienes\u00a0fotos y videos\u00a0de alg\u00fan acto de posible negligencia, corrupci\u00f3n y abuso de autoridad? M\u00e1ndalo al\u00a0WhatsApp:\u00a0 de desdeabajoNoticias: 7443262471.\u00a0\u00a1Comp\u00e1rtelo! Nosotros le damos seguimiento.<\/strong><\/p>\n<p><a href=\"http:\/\/www.desdeabajo.com.mx\"><strong>www.desdeabajo.com.mx<\/strong><\/a><\/p>\n<p><strong>S\u00edguenos tambi\u00e9n en Twitter:<\/strong> <strong>@Yae31099C<\/strong> <strong>en Facebook: DesdeabajoAca:<\/strong><strong>https:\/\/www.facebook.com\/profile.php?id=1000636239783<\/strong><\/p>\n<p><strong>\u00a0<\/strong><\/p>\n","protected":false},"excerpt":{"rendered":"<p>El contingente integrado por 46 trabajadores originarios de las regiones Centro, Monta\u00f1a y Costa Chica, acudieron a las instalaciones de la STyPS que encabeza Omar Estrada Bustos, para la firma de su carta compromiso \u00a0 \u00a0 \u00a0 Redacci\u00f3n\u2026 02\/03\/2026 Chilpancingo, Gro. Con el objetivo de fortalecer el bienestar de las familias de trabajadores agr\u00edcolas guerrerenses [&hellip;]<\/p>\n","protected":false},"author":1,"featured_media":49956,"comment_status":"closed","ping_status":"open","sticky":false,"template":"","format":"standard","meta":{"inline_featured_image":false,"advgb_blocks_editor_width":"","advgb_blocks_columns_visual_guide":"","footnotes":""},"categories":[74],"tags":[41],"class_list":["post-49955","post","type-post","status-publish","format-standard","has-post-thumbnail","hentry","category-migrantes","tag-destacadas"],"aioseo_notices":[],"author_meta":{"display_name":"admin8","author_link":"https:\/\/desdeabajo.com.mx\/?author=1"},"featured_img":"https:\/\/desdeabajo.com.mx\/wp-content\/uploads\/2026\/03\/jornaaleros-300x169.jpg","coauthors":[],"tax_additional":{"categories":{"linked":["<a href=\"https:\/\/desdeabajo.com.mx\/?cat=74\" class=\"advgb-post-tax-term\">Migrantes<\/a>"],"unlinked":["<span class=\"advgb-post-tax-term\">Migrantes<\/span>"]},"tags":{"linked":["<a href=\"https:\/\/desdeabajo.com.mx\/?cat=74\" class=\"advgb-post-tax-term\">destacadas<\/a>"],"unlinked":["<span class=\"advgb-post-tax-term\">destacadas<\/span>"]}},"comment_count":"0","relative_dates":{"created":"Publicado 2 meses hace","modified":"Actualizado 2 meses hace"},"absolute_dates":{"created":"Publicado el 2 de marzo de 2026","modified":"Actualizado el 2 de marzo de 2026"},"absolute_dates_time":{"created":"Publicado el 2 de marzo de 2026 21:51","modified":"Actualizado el 2 de marzo de 2026 21:52"},"featured_img_caption":"","series_order":"","_links":{"self":[{"href":"https:\/\/desdeabajo.com.mx\/index.php?rest_route=\/wp\/v2\/posts\/49955","targetHints":{"allow":["GET"]}}],"collection":[{"href":"https:\/\/desdeabajo.com.mx\/index.php?rest_route=\/wp\/v2\/posts"}],"about":[{"href":"https:\/\/desdeabajo.com.mx\/index.php?rest_route=\/wp\/v2\/types\/post"}],"author":[{"embeddable":true,"href":"https:\/\/desdeabajo.com.mx\/index.php?rest_route=\/wp\/v2\/users\/1"}],"replies":[{"embeddable":true,"href":"https:\/\/desdeabajo.com.mx\/index.php?rest_route=%2Fwp%2Fv2%2Fcomments&post=49955"}],"version-history":[{"count":1,"href":"https:\/\/desdeabajo.com.mx\/index.php?rest_route=\/wp\/v2\/posts\/49955\/revisions"}],"predecessor-version":[{"id":49957,"href":"https:\/\/desdeabajo.com.mx\/index.php?rest_route=\/wp\/v2\/posts\/49955\/revisions\/49957"}],"wp:featuredmedia":[{"embeddable":true,"href":"https:\/\/desdeabajo.com.mx\/index.php?rest_route=\/wp\/v2\/media\/49956"}],"wp:attachment":[{"href":"https:\/\/desdeabajo.com.mx\/index.php?rest_route=%2Fwp%2Fv2%2Fmedia&parent=49955"}],"wp:term":[{"taxonomy":"category","embeddable":true,"href":"https:\/\/desdeabajo.com.mx\/index.php?rest_route=%2Fwp%2Fv2%2Fcategories&post=49955"},{"taxonomy":"post_tag","embeddable":true,"href":"https:\/\/desdeabajo.com.mx\/index.php?rest_route=%2Fwp%2Fv2%2Ftags&post=49955"}],"curies":[{"name":"wp","href":"https:\/\/api.w.org\/{rel}","templated":true}]}}