{"id":49958,"date":"2026-03-02T22:01:09","date_gmt":"2026-03-03T04:01:09","guid":{"rendered":"https:\/\/desdeabajo.com.mx\/?p=49958"},"modified":"2026-03-02T22:01:37","modified_gmt":"2026-03-03T04:01:37","slug":"federico-argumedo-nuevo-jefe-de-policia-en-acapulco-enviado-por-harfuch","status":"publish","type":"post","link":"https:\/\/desdeabajo.com.mx\/?p=49958","title":{"rendered":"Federico Argumedo, nuevo jefe de Polic\u00eda en Acapulco enviado por Harfuch"},"content":{"rendered":"<p><strong>Dijo que entre las organizaciones delictivas se\u00f1aladas con presencia en el municipio se encuentran el C\u00e1rtel Independiente de Acapulco, Los Rusos, Gente Nueva Guerrero y el C\u00e1rtel Jalisco Nueva Generaci\u00f3n.<\/strong><\/p>\n<p><strong>\u00a0<\/strong><\/p>\n<p><strong>\u00a0<\/strong><\/p>\n<p><strong>\u00a0<\/strong><\/p>\n<p><strong><em>Redacci\u00f3n\u2026<\/em><\/strong><\/p>\n<p><strong><em>02\/03\/2026<\/em><\/strong><\/p>\n<p><strong><em>Acapulco, Gro. <\/em><\/strong><\/p>\n<p>En sesi\u00f3n extraordinaria este lunes, el Cabildo del puerto aprob\u00f3 por unanimidad de votos la propuesta para designar a Federico Argumedo Rodr\u00edguez, de 45 a\u00f1os de edad como nuevo secretario de Seguridad P\u00fablica municipal, en sustituci\u00f3n del coronel retirado Eduardo Arturo Bailleres Mendoza, y se le tom\u00f3 protesta.<\/p>\n<p>El nuevo funcionario lleg\u00f3 identificado como un perfil enviado desde la Secretar\u00eda de Seguridad y Protecci\u00f3n Ciudadana (SSPC) federal, que encabeza Omar Garc\u00eda Harfuch.<\/p>\n<p>Adem\u00e1s cuenta con una formaci\u00f3n acad\u00e9mica como licenciado en Derecho y es t\u00e9cnico superior en Seguridad P\u00fablica y Polic\u00eda Investigador.<\/p>\n<p>Durante la lectura de su curr\u00edculum, el flamante funcionario de Acapulco se dio a conocer que se desempe\u00f1aba como miembro activo de la Secretar\u00eda de Seguridad Ciudadana de\u00a0 Ciudad de M\u00e9xico (SSC-CDMX).<\/p>\n<p>Fue galardonado con la medalla al m\u00e9rito policial 2023, otorgada por el Congreso de Ciudad de M\u00e9xico.<\/p>\n<p>Con su nombramiento, Argumedo Rodr\u00edguez se convierte en el sexto secretario de Seguridad en lo que va de la administraci\u00f3n de L\u00f3pez Rodr\u00edguez.<\/p>\n<p>En la sesi\u00f3n, el nuevo secretario present\u00f3 su plan de trabajo con el objetivo de fortalecer la estrategia de seguridad ante el panorama delictivo que, seg\u00fan los datos, los delitos de mayor impacto son el homicidio doloso, vinculado principalmente a disputas territoriales entre grupos criminales; la extorsi\u00f3n a comerciantes, sector tur\u00edstico y de servicios; robo con violencia a veh\u00edculos y comercios.<\/p>\n<p>Dijo que entre las organizaciones delictivas se\u00f1aladas con presencia en el municipio se encuentran el C\u00e1rtel Independiente de Acapulco, Los Rusos, Gente Nueva Guerrero y el C\u00e1rtel Jalisco Nueva Generaci\u00f3n.<\/p>\n<p>Como parte de su estrategia de seguridad, para los primeros 100 d\u00edas, el secretario que tiene 20 a\u00f1os de servicio plante\u00f3 objetivos espec\u00edficos que incluyen, disuasi\u00f3n del delito, con reducci\u00f3n de homicidios dolosos, extorsi\u00f3n y robo con violencia y el tiempo de respuesta a menos de ocho minutos en zonas prioritarias.<\/p>\n<p>Los regidores dieron su voto de confianza al nuevo secretario, que es el sexto en lo que va de los dos periodos de gobierno de Abelina L\u00f3pez Rodr\u00edguez.<\/p>\n<p>En declaraciones la alcaldesa insisti\u00f3 que no fue recomendado y dijo que cuando de seguridad se trata la premisa mayor deben ser la sociedad.<\/p>\n<p>Como inform\u00f3 <strong><em>desdeabajo <\/em>Noticias<\/strong>, este viernes 27 de febrero trascendi\u00f3 la salida del coronel retirado Eduardo Bailleres Mendoza como secretario de Seguridad P\u00fablica municipal, tras las cr\u00edticas de la presidenta Claudia Sheinbaum Pardo a sus declaraciones sobre la seguridad en el puerto.<\/p>\n<p>Bailleres hab\u00eda declarado en d\u00edas pasados que \u201cno se puede garantizar al 100 por ciento la seguridad en una ciudad\u201d, en el contexto de violencia por el abatimiento de Nemesio Oseguera Cervantes, alias El Mencho, identificado por las autoridades como l\u00edder del C\u00e1rtel Jalisco Nueva Generaci\u00f3n (CJNG).<\/p>\n<p><strong>Denuncia en <em>desdeabajo<\/em> Noticias! <\/strong><\/p>\n<p><strong><br \/>\n<\/strong><strong>\u00bfConoces o tienes\u00a0fotos y videos\u00a0de alg\u00fan acto de posible negligencia, corrupci\u00f3n y abuso de autoridad? M\u00e1ndalo al\u00a0WhatsApp:\u00a0 de desdeabajoNoticias: 7443262471.\u00a0\u00a1Comp\u00e1rtelo! Nosotros le damos seguimiento.<\/strong><\/p>\n<p><a href=\"http:\/\/www.desdeabajo.com.mx\"><strong>www.desdeabajo.com.mx<\/strong><\/a><\/p>\n<p><strong>S\u00edguenos tambi\u00e9n en Twitter:<\/strong> <strong>@Yae31099C<\/strong> <strong>en Facebook: DesdeabajoAca:<\/strong><strong>https:\/\/www.facebook.com\/profile.php?id=1000636239783<\/strong><\/p>\n<p><strong>\u00a0<\/strong><\/p>\n","protected":false},"excerpt":{"rendered":"<p>Dijo que entre las organizaciones delictivas se\u00f1aladas con presencia en el municipio se encuentran el C\u00e1rtel Independiente de Acapulco, Los Rusos, Gente Nueva Guerrero y el C\u00e1rtel Jalisco Nueva Generaci\u00f3n. \u00a0 \u00a0 \u00a0 Redacci\u00f3n\u2026 02\/03\/2026 Acapulco, Gro. En sesi\u00f3n extraordinaria este lunes, el Cabildo del puerto aprob\u00f3 por unanimidad de votos la propuesta para designar [&hellip;]<\/p>\n","protected":false},"author":1,"featured_media":49959,"comment_status":"closed","ping_status":"open","sticky":false,"template":"","format":"standard","meta":{"inline_featured_image":false,"advgb_blocks_editor_width":"","advgb_blocks_columns_visual_guide":"","footnotes":""},"categories":[44],"tags":[41],"class_list":["post-49958","post","type-post","status-publish","format-standard","has-post-thumbnail","hentry","category-justicia","tag-destacadas"],"aioseo_notices":[],"author_meta":{"display_name":"admin8","author_link":"https:\/\/desdeabajo.com.mx\/?author=1"},"featured_img":"https:\/\/desdeabajo.com.mx\/wp-content\/uploads\/2026\/03\/protes-secre-300x169.jpg","coauthors":[],"tax_additional":{"categories":{"linked":["<a href=\"https:\/\/desdeabajo.com.mx\/?cat=44\" class=\"advgb-post-tax-term\">Justicia<\/a>"],"unlinked":["<span class=\"advgb-post-tax-term\">Justicia<\/span>"]},"tags":{"linked":["<a href=\"https:\/\/desdeabajo.com.mx\/?cat=44\" class=\"advgb-post-tax-term\">destacadas<\/a>"],"unlinked":["<span class=\"advgb-post-tax-term\">destacadas<\/span>"]}},"comment_count":"0","relative_dates":{"created":"Publicado 2 meses hace","modified":"Actualizado 2 meses hace"},"absolute_dates":{"created":"Publicado el 2 de marzo de 2026","modified":"Actualizado el 2 de marzo de 2026"},"absolute_dates_time":{"created":"Publicado el 2 de marzo de 2026 22:01","modified":"Actualizado el 2 de marzo de 2026 22:01"},"featured_img_caption":"","series_order":"","_links":{"self":[{"href":"https:\/\/desdeabajo.com.mx\/index.php?rest_route=\/wp\/v2\/posts\/49958","targetHints":{"allow":["GET"]}}],"collection":[{"href":"https:\/\/desdeabajo.com.mx\/index.php?rest_route=\/wp\/v2\/posts"}],"about":[{"href":"https:\/\/desdeabajo.com.mx\/index.php?rest_route=\/wp\/v2\/types\/post"}],"author":[{"embeddable":true,"href":"https:\/\/desdeabajo.com.mx\/index.php?rest_route=\/wp\/v2\/users\/1"}],"replies":[{"embeddable":true,"href":"https:\/\/desdeabajo.com.mx\/index.php?rest_route=%2Fwp%2Fv2%2Fcomments&post=49958"}],"version-history":[{"count":1,"href":"https:\/\/desdeabajo.com.mx\/index.php?rest_route=\/wp\/v2\/posts\/49958\/revisions"}],"predecessor-version":[{"id":49960,"href":"https:\/\/desdeabajo.com.mx\/index.php?rest_route=\/wp\/v2\/posts\/49958\/revisions\/49960"}],"wp:featuredmedia":[{"embeddable":true,"href":"https:\/\/desdeabajo.com.mx\/index.php?rest_route=\/wp\/v2\/media\/49959"}],"wp:attachment":[{"href":"https:\/\/desdeabajo.com.mx\/index.php?rest_route=%2Fwp%2Fv2%2Fmedia&parent=49958"}],"wp:term":[{"taxonomy":"category","embeddable":true,"href":"https:\/\/desdeabajo.com.mx\/index.php?rest_route=%2Fwp%2Fv2%2Fcategories&post=49958"},{"taxonomy":"post_tag","embeddable":true,"href":"https:\/\/desdeabajo.com.mx\/index.php?rest_route=%2Fwp%2Fv2%2Ftags&post=49958"}],"curies":[{"name":"wp","href":"https:\/\/api.w.org\/{rel}","templated":true}]}}