{"id":49971,"date":"2026-03-03T17:41:44","date_gmt":"2026-03-03T23:41:44","guid":{"rendered":"https:\/\/desdeabajo.com.mx\/?p=49971"},"modified":"2026-03-03T17:42:03","modified_gmt":"2026-03-03T23:42:03","slug":"exige-snte-2-convocatorias-para-incorporar-al-100-de-maestros-al-fone","status":"publish","type":"post","link":"https:\/\/desdeabajo.com.mx\/?p=49971","title":{"rendered":"Exige SNTE 2 convocatorias para incorporar al 100% de maestros al FONE"},"content":{"rendered":"<p><strong>Recientemente se cubri\u00f3 el bono estatal correspondiente a 2025 y algunas mesadas convenidas, y contin\u00faan las gestiones para el pago de 2 quincenas pendientes a trabajadores incorporados al FONE, agreg\u00f3.<\/strong><\/p>\n<p><strong><em>Marcial Campuzano<\/em><\/strong><\/p>\n<p><strong><em>03\/03\/2026<\/em><\/strong><\/p>\n<p><strong><em>Chilpancingo, Gro. <\/em><\/strong><\/p>\n<p>La Secci\u00f3n 14 del Sindicato Nacional de Trabajadores de la Educaci\u00f3n (SNTE), encabezada por el profesor Silvano Palacios Salgado, solicitar\u00e1 a las autoridades educativas federales y estatales la emisi\u00f3n de 2 convocatorias de est\u00edmulo a la jubilaci\u00f3n durante 2026, con el objetivo de liberar plazas y avanzar en la incorporaci\u00f3n al 100 por ciento de los trabajadores al Fondo de Aportaciones para la N\u00f3mina Educativa y Gasto Operativo (FONE).<\/p>\n<p>El dirigente sindical explic\u00f3 que la finalidad es integrar al 100 por ciento a maestras, maestros y personal de apoyo que actualmente se encuentran fuera de la n\u00f3mina federal, situaci\u00f3n que ha generado rezagos administrativos y salariales en el sector educativo.<\/p>\n<p>Palacios Salgado destac\u00f3 que recientemente se logr\u00f3 la entrega de 180 nombramientos de recategorizaci\u00f3n a trabajadores que durante m\u00e1s de 14 a\u00f1os desempe\u00f1aron funciones de direcci\u00f3n, supervisi\u00f3n y jefaturas de ense\u00f1anza sin contar con la clave oficial correspondiente.<\/p>\n<p>Precis\u00f3 que este avance fue resultado de una mesa nacional realizada el 5 de diciembre de 2024 en la Ciudad de M\u00e9xico, instalada tras movilizaciones y concentraciones del magisterio, donde se establecieron acuerdos para atender este rezago hist\u00f3rico.<\/p>\n<p>El l\u00edder sindical calific\u00f3 la entrega de nombramientos como un acto de justicia laboral, al considerar que durante m\u00e1s de una d\u00e9cada estos trabajadores ejercieron responsabilidades directivas sin la remuneraci\u00f3n adecuada.<\/p>\n<p>Subray\u00f3 que esta acci\u00f3n representa apenas una primera etapa, ya que existen m\u00e1s casos pendientes en el mismo estatus, los cuales seguir\u00e1n siendo gestionados hasta lograr su regularizaci\u00f3n.<\/p>\n<p>Asimismo, se\u00f1al\u00f3 que la organizaci\u00f3n sindical mantiene en agenda otros temas como pagos de adeudos hist\u00f3ricos, procesos de retabulaci\u00f3n y pendientes en secundarias t\u00e9cnicas y generales, algunos de los cuales comenzaron a resolverse en meses recientes.<\/p>\n<p>En relaci\u00f3n con el personal no incorporado al FONE, indic\u00f3 que la emisi\u00f3n de dos convocatorias de jubilaci\u00f3n en 2026 permitir\u00eda generar vacantes suficientes para avanzar en su integraci\u00f3n a la n\u00f3mina federal.<\/p>\n<p>Reconoci\u00f3 que muchos de estos problemas se acumularon durante m\u00e1s de diez a\u00f1os sin atenci\u00f3n oportuna, lo que ha provocado inconformidad entre los trabajadores de la educaci\u00f3n.<\/p>\n<p>El dirigente sostuvo que diversos resultados obtenidos han sido producto de movilizaciones, marchas, bloqueos y paros laborales, acciones que se realizaron como medida de presi\u00f3n ante la falta de respuestas institucionales.<\/p>\n<p>Recientemente se cubri\u00f3 el bono estatal correspondiente a 2025 y algunas mesadas convenidas, y contin\u00faan las gestiones para el pago de 2 quincenas pendientes a trabajadores incorporados al FONE, agreg\u00f3.<\/p>\n<p>Asegur\u00f3 que la Secci\u00f3n 14 del SNTE mantendr\u00e1 el di\u00e1logo con autoridades educativas estatales y federales para atender los pendientes administrativos y salariales, reiterando que la organizaci\u00f3n continuar\u00e1 gestionando los derechos laborales de sus agremiados mediante mecanismos institucionales y acciones sindicales cuando sea necesario.<\/p>\n<p><strong>Denuncia en <em>desdeabajo<\/em> Noticias! <\/strong><\/p>\n<p><strong><br \/>\n<\/strong><strong>\u00bfConoces o tienes\u00a0fotos y videos\u00a0de alg\u00fan acto de posible negligencia, corrupci\u00f3n y abuso de autoridad? M\u00e1ndalo al\u00a0WhatsApp:\u00a0 de desdeabajoNoticias: 7443262471.\u00a0\u00a1Comp\u00e1rtelo! Nosotros le damos seguimiento.<\/strong><\/p>\n<p><a href=\"http:\/\/www.desdeabajo.com.mx\"><strong>www.desdeabajo.com.mx<\/strong><\/a><\/p>\n<p><strong>S\u00edguenos tambi\u00e9n en Twitter:<\/strong> <strong>@Yae31099C<\/strong> <strong>en Facebook: DesdeabajoAca:<\/strong><strong>https:\/\/www.facebook.com\/profile.php?id=1000636239783<\/strong><\/p>\n","protected":false},"excerpt":{"rendered":"<p>Recientemente se cubri\u00f3 el bono estatal correspondiente a 2025 y algunas mesadas convenidas, y contin\u00faan las gestiones para el pago de 2 quincenas pendientes a trabajadores incorporados al FONE, agreg\u00f3. Marcial Campuzano 03\/03\/2026 Chilpancingo, Gro. La Secci\u00f3n 14 del Sindicato Nacional de Trabajadores de la Educaci\u00f3n (SNTE), encabezada por el profesor Silvano Palacios Salgado, solicitar\u00e1 [&hellip;]<\/p>\n","protected":false},"author":1,"featured_media":49972,"comment_status":"closed","ping_status":"open","sticky":false,"template":"","format":"standard","meta":{"inline_featured_image":false,"advgb_blocks_editor_width":"","advgb_blocks_columns_visual_guide":"","footnotes":""},"categories":[34],"tags":[41],"class_list":["post-49971","post","type-post","status-publish","format-standard","has-post-thumbnail","hentry","category-d-sindicatos","tag-destacadas"],"aioseo_notices":[],"author_meta":{"display_name":"admin8","author_link":"https:\/\/desdeabajo.com.mx\/?author=1"},"featured_img":"https:\/\/desdeabajo.com.mx\/wp-content\/uploads\/2026\/03\/liderSilvano-Palacios-Salgado-300x169.jpg","coauthors":[],"tax_additional":{"categories":{"linked":["<a href=\"https:\/\/desdeabajo.com.mx\/?cat=34\" class=\"advgb-post-tax-term\">D&#039; Sindicatos<\/a>"],"unlinked":["<span class=\"advgb-post-tax-term\">D&#039; Sindicatos<\/span>"]},"tags":{"linked":["<a href=\"https:\/\/desdeabajo.com.mx\/?cat=34\" class=\"advgb-post-tax-term\">destacadas<\/a>"],"unlinked":["<span class=\"advgb-post-tax-term\">destacadas<\/span>"]}},"comment_count":"0","relative_dates":{"created":"Publicado 2 meses hace","modified":"Actualizado 2 meses hace"},"absolute_dates":{"created":"Publicado el 3 de marzo de 2026","modified":"Actualizado el 3 de marzo de 2026"},"absolute_dates_time":{"created":"Publicado el 3 de marzo de 2026 17:41","modified":"Actualizado el 3 de marzo de 2026 17:42"},"featured_img_caption":"","series_order":"","_links":{"self":[{"href":"https:\/\/desdeabajo.com.mx\/index.php?rest_route=\/wp\/v2\/posts\/49971","targetHints":{"allow":["GET"]}}],"collection":[{"href":"https:\/\/desdeabajo.com.mx\/index.php?rest_route=\/wp\/v2\/posts"}],"about":[{"href":"https:\/\/desdeabajo.com.mx\/index.php?rest_route=\/wp\/v2\/types\/post"}],"author":[{"embeddable":true,"href":"https:\/\/desdeabajo.com.mx\/index.php?rest_route=\/wp\/v2\/users\/1"}],"replies":[{"embeddable":true,"href":"https:\/\/desdeabajo.com.mx\/index.php?rest_route=%2Fwp%2Fv2%2Fcomments&post=49971"}],"version-history":[{"count":1,"href":"https:\/\/desdeabajo.com.mx\/index.php?rest_route=\/wp\/v2\/posts\/49971\/revisions"}],"predecessor-version":[{"id":49973,"href":"https:\/\/desdeabajo.com.mx\/index.php?rest_route=\/wp\/v2\/posts\/49971\/revisions\/49973"}],"wp:featuredmedia":[{"embeddable":true,"href":"https:\/\/desdeabajo.com.mx\/index.php?rest_route=\/wp\/v2\/media\/49972"}],"wp:attachment":[{"href":"https:\/\/desdeabajo.com.mx\/index.php?rest_route=%2Fwp%2Fv2%2Fmedia&parent=49971"}],"wp:term":[{"taxonomy":"category","embeddable":true,"href":"https:\/\/desdeabajo.com.mx\/index.php?rest_route=%2Fwp%2Fv2%2Fcategories&post=49971"},{"taxonomy":"post_tag","embeddable":true,"href":"https:\/\/desdeabajo.com.mx\/index.php?rest_route=%2Fwp%2Fv2%2Ftags&post=49971"}],"curies":[{"name":"wp","href":"https:\/\/api.w.org\/{rel}","templated":true}]}}