{"id":49975,"date":"2026-03-03T17:54:15","date_gmt":"2026-03-03T23:54:15","guid":{"rendered":"https:\/\/desdeabajo.com.mx\/?p=49975"},"modified":"2026-03-03T17:54:38","modified_gmt":"2026-03-03T23:54:38","slug":"proponen-sacar-de-la-costera-de-acapulco-el-acamoto-ante-disturbios-y-excesos","status":"publish","type":"post","link":"https:\/\/desdeabajo.com.mx\/?p=49975","title":{"rendered":"Proponen sacar de la costera de Acapulco el Acamoto ante disturbios y excesos"},"content":{"rendered":"<p><strong>En el \u00e1mbito econ\u00f3mico, prestadores de servicios tur\u00edsticos han expresado que la derrama generada por el Acamoto es limitada, debido a que el perfil de asistentes corresponde en su mayor\u00eda a turismo de bajo poder adquisitivo<\/strong><\/p>\n<p><strong><em>\u00a0<\/em><\/strong><\/p>\n<p><strong><em>\u00a0<\/em><\/strong><\/p>\n<p><strong><em>Marcial Campuzano<\/em><\/strong><\/p>\n<p><strong><em>03\/03\/2026<\/em><\/strong><\/p>\n<p><strong><em>Chilpancingo, Gro. <\/em><\/strong><\/p>\n<p>En el marco del periodo vacacional de Semana Santa, diputados de la Comisi\u00f3n de Turismo del Congreso local preparan un punto de acuerdo para exhortar a las autoridades estatales y municipales a reubicar el evento conocido como Acamoto fuera de la Costera Miguel Alem\u00e1n, con el objetivo de evitar el colapso vial y reducir riesgos para participantes y ciudadan\u00eda en general en Acapulco.<\/p>\n<p>La propuesta fue confirmada por la presidenta de dicha comisi\u00f3n, la diputada panista Irene Montiel Serv\u00edn, quien se\u00f1al\u00f3 que si bien el evento representa una forma de atracci\u00f3n tur\u00edstica, debe desarrollarse bajo condiciones de seguridad, orden y responsabilidad institucional.<\/p>\n<p>Actualmente, el Acamoto se concentra principalmente sobre la Costera Miguel Alem\u00e1n, principal arteria tur\u00edstica del puerto, donde durante varios d\u00edas se registran congestionamientos severos, bloqueos parciales y afectaciones a residentes, trabajadores y visitantes.<\/p>\n<p>El planteamiento legislativo consiste en trasladar la concentraci\u00f3n de motociclistas hacia la periferia del puerto, en un espacio que permita control de accesos, delimitaci\u00f3n de \u00e1reas y aplicaci\u00f3n de operativos de seguridad sin paralizar la movilidad urbana.<\/p>\n<p>Montiel Serv\u00edn subray\u00f3 que la intenci\u00f3n no es cancelar el evento, sino regularlo y garantizar que cuente con coordinaci\u00f3n entre el gobierno del estado y el ayuntamiento, a fin de brindar seguridad tanto a quienes participan como a quienes acuden como espectadores.<\/p>\n<p>Uno de los principales se\u00f1alamientos en torno al Acamoto ha sido el n\u00famero de accidentes registrados durante su realizaci\u00f3n, tanto dentro de la zona tur\u00edstica como en la Autopista del Sol, v\u00eda por la que arriban contingentes de motociclistas provenientes de distintos estados del pa\u00eds.<\/p>\n<p>De acuerdo con antecedentes de a\u00f1os recientes, el evento ha estado marcado por percances viales, algunos de ellos con saldo fatal, adem\u00e1s de maniobras riesgosas conocidas como \u201cdestrampes\u201d, que han generado preocupaci\u00f3n entre autoridades y poblaci\u00f3n local.<\/p>\n<p>En el \u00e1mbito econ\u00f3mico, prestadores de servicios tur\u00edsticos han expresado que la derrama generada por el Acamoto es limitada, debido a que el perfil de asistentes corresponde en su mayor\u00eda a turismo de bajo poder adquisitivo, que no utiliza hoteles de categor\u00eda ni restaurantes establecidos, sino que opta por alternativas de menor costo.<\/p>\n<p>El Acamoto surgi\u00f3 hace m\u00e1s de una d\u00e9cada como una concentraci\u00f3n espont\u00e1nea de motociclistas que coincid\u00eda con el periodo vacacional de Semana Santa, con el paso de los a\u00f1os, la convocatoria creci\u00f3 de manera exponencial a trav\u00e9s de redes sociales, sin que existiera una figura organizadora formal ni permisos plenamente regulados.<\/p>\n<p>En legislaturas anteriores se presentaron propuestas similares para ordenar o reubicar el evento; sin embargo, puntos de acuerdo promovidos antes del periodo vacacional fueron turnados a comisiones y no prosperaron oportunamente, lo que impidi\u00f3 que las medidas se aplicaran antes del inicio de las actividades.<\/p>\n<p>La Comisi\u00f3n de Turismo analiza ahora emitir un exhorto mediante punto de acuerdo para que autoridades estatales y municipales definan de manera conjunta el \u00e1rea m\u00e1s id\u00f3nea para la realizaci\u00f3n del Acamoto, establezcan operativos de seguridad carretera y urbana, y garanticen que el evento se desarrolle sin afectar la movilidad ni poner en riesgo la integridad de participantes y habitantes del puerto.<\/p>\n<p><strong>Denuncia en <em>desdeabajo<\/em> Noticias! <\/strong><\/p>\n<p><strong><br \/>\n<\/strong><strong>\u00bfConoces o tienes\u00a0fotos y videos\u00a0de alg\u00fan acto de posible negligencia, corrupci\u00f3n y abuso de autoridad? M\u00e1ndalo al\u00a0WhatsApp:\u00a0 de desdeabajoNoticias: 7443262471.\u00a0\u00a1Comp\u00e1rtelo! Nosotros le damos seguimiento.<\/strong><\/p>\n<p><a href=\"http:\/\/www.desdeabajo.com.mx\"><strong>www.desdeabajo.com.mx<\/strong><\/a><\/p>\n<p><strong>S\u00edguenos tambi\u00e9n en Twitter:<\/strong> <strong>@Yae31099C<\/strong> <strong>en Facebook: DesdeabajoAca:<\/strong><strong>https:\/\/www.facebook.com\/profile.php?id=1000636239783<\/strong><\/p>\n","protected":false},"excerpt":{"rendered":"<p>En el \u00e1mbito econ\u00f3mico, prestadores de servicios tur\u00edsticos han expresado que la derrama generada por el Acamoto es limitada, debido a que el perfil de asistentes corresponde en su mayor\u00eda a turismo de bajo poder adquisitivo \u00a0 \u00a0 Marcial Campuzano 03\/03\/2026 Chilpancingo, Gro. En el marco del periodo vacacional de Semana Santa, diputados de la [&hellip;]<\/p>\n","protected":false},"author":1,"featured_media":49976,"comment_status":"closed","ping_status":"open","sticky":false,"template":"","format":"standard","meta":{"inline_featured_image":false,"advgb_blocks_editor_width":"","advgb_blocks_columns_visual_guide":"","footnotes":""},"categories":[7],"tags":[41],"class_list":["post-49975","post","type-post","status-publish","format-standard","has-post-thumbnail","hentry","category-legislativas","tag-destacadas"],"aioseo_notices":[],"author_meta":{"display_name":"admin8","author_link":"https:\/\/desdeabajo.com.mx\/?author=1"},"featured_img":"https:\/\/desdeabajo.com.mx\/wp-content\/uploads\/2026\/03\/Maria-Irene-Montiel-campu-300x169.jpg","coauthors":[],"tax_additional":{"categories":{"linked":["<a href=\"https:\/\/desdeabajo.com.mx\/?cat=7\" class=\"advgb-post-tax-term\">Legislativas<\/a>"],"unlinked":["<span class=\"advgb-post-tax-term\">Legislativas<\/span>"]},"tags":{"linked":["<a href=\"https:\/\/desdeabajo.com.mx\/?cat=7\" class=\"advgb-post-tax-term\">destacadas<\/a>"],"unlinked":["<span class=\"advgb-post-tax-term\">destacadas<\/span>"]}},"comment_count":"0","relative_dates":{"created":"Publicado 2 meses hace","modified":"Actualizado 2 meses hace"},"absolute_dates":{"created":"Publicado el 3 de marzo de 2026","modified":"Actualizado el 3 de marzo de 2026"},"absolute_dates_time":{"created":"Publicado el 3 de marzo de 2026 17:54","modified":"Actualizado el 3 de marzo de 2026 17:54"},"featured_img_caption":"","series_order":"","_links":{"self":[{"href":"https:\/\/desdeabajo.com.mx\/index.php?rest_route=\/wp\/v2\/posts\/49975","targetHints":{"allow":["GET"]}}],"collection":[{"href":"https:\/\/desdeabajo.com.mx\/index.php?rest_route=\/wp\/v2\/posts"}],"about":[{"href":"https:\/\/desdeabajo.com.mx\/index.php?rest_route=\/wp\/v2\/types\/post"}],"author":[{"embeddable":true,"href":"https:\/\/desdeabajo.com.mx\/index.php?rest_route=\/wp\/v2\/users\/1"}],"replies":[{"embeddable":true,"href":"https:\/\/desdeabajo.com.mx\/index.php?rest_route=%2Fwp%2Fv2%2Fcomments&post=49975"}],"version-history":[{"count":1,"href":"https:\/\/desdeabajo.com.mx\/index.php?rest_route=\/wp\/v2\/posts\/49975\/revisions"}],"predecessor-version":[{"id":49977,"href":"https:\/\/desdeabajo.com.mx\/index.php?rest_route=\/wp\/v2\/posts\/49975\/revisions\/49977"}],"wp:featuredmedia":[{"embeddable":true,"href":"https:\/\/desdeabajo.com.mx\/index.php?rest_route=\/wp\/v2\/media\/49976"}],"wp:attachment":[{"href":"https:\/\/desdeabajo.com.mx\/index.php?rest_route=%2Fwp%2Fv2%2Fmedia&parent=49975"}],"wp:term":[{"taxonomy":"category","embeddable":true,"href":"https:\/\/desdeabajo.com.mx\/index.php?rest_route=%2Fwp%2Fv2%2Fcategories&post=49975"},{"taxonomy":"post_tag","embeddable":true,"href":"https:\/\/desdeabajo.com.mx\/index.php?rest_route=%2Fwp%2Fv2%2Ftags&post=49975"}],"curies":[{"name":"wp","href":"https:\/\/api.w.org\/{rel}","templated":true}]}}