{"id":49978,"date":"2026-03-03T18:04:20","date_gmt":"2026-03-04T00:04:20","guid":{"rendered":"https:\/\/desdeabajo.com.mx\/?p=49978"},"modified":"2026-03-03T18:04:47","modified_gmt":"2026-03-04T00:04:47","slug":"propone-lider-de-mc-reactivar-los-consejos-vecinales-para-prevenir-delitos","status":"publish","type":"post","link":"https:\/\/desdeabajo.com.mx\/?p=49978","title":{"rendered":"Propone l\u00edder de MC reactivar los Consejos Vecinales para prevenir delitos"},"content":{"rendered":"<p><strong>En ese contexto, anunci\u00f3 que el pr\u00f3ximo 21 de marzo el l\u00edder nacional emecista visitar\u00e1 Chilpancingo para tomar protesta a los delegados estatales del partido, en un acto que se realizar\u00e1 en el Sal\u00f3n Diamante.<\/strong><\/p>\n<p><strong><em>Marcial Campuzano<\/em><\/strong><\/p>\n<p><strong><em>03\/03\/2026<\/em><\/strong><\/p>\n<p><strong><em>Chilpancingo, Gro. <\/em><\/strong><\/p>\n<p>El dirigente municipal de Movimiento Ciudadano en Chilpancingo, Humberto D\u00edaz Villanueva, se pronunci\u00f3 por la reactivaci\u00f3n de los Consejos Vecinales en la capital de Guerrero, al considerar que en el pasado contribuyeron a la prevenci\u00f3n del delito y hoy resultan necesarios ante el incremento de robos en colonias de la periferia.<\/p>\n<p>Se\u00f1al\u00f3 que la inseguridad en la ciudad comienza a reflejarse en asaltos a viviendas, una modalidad que no era frecuente en Chilpancingo, y atribuy\u00f3 parte del problema a la falta de alumbrado p\u00fablico y a la escasa respuesta inmediata de las autoridades en zonas alejadas.<\/p>\n<p>D\u00edaz Villanueva sostuvo que la organizaci\u00f3n vecinal puede convertirse en una herramienta eficaz para inhibir delitos, mediante grupos de comunicaci\u00f3n, vigilancia comunitaria y la colocaci\u00f3n de avisos disuasivos, al record\u00f3 que en a\u00f1os anteriores la instalaci\u00f3n de alarmas y lonas de advertencia gener\u00f3 resultados positivos.<\/p>\n<p>\u201cPor lo menos los nervios ya les met\u00edamos\u201d, afirm\u00f3 al referirse a los llamados \u201cbotones\u201d y sistemas de alerta vecinal que ayudaban a disuadir a quienes intentaban delinquir en determinadas colonias.<\/p>\n<p>Respecto al posicionamiento de Movimiento Ciudadano en Chilpancingo, D\u00edaz Villanueva asegur\u00f3 que el partido ha incrementado su presencia territorial desde el a\u00f1o pasado, recorriendo m\u00e1s de 100 colonias y atendiendo demandas ciudadanas.<\/p>\n<p>Se\u00f1al\u00f3 que en la elecci\u00f3n pasada obtuvieron m\u00e1s de 10 mil votos a la alcald\u00eda, y estim\u00f3 que actualmente cuentan con alrededor de 15 mil simpatizantes en la capital, cifra que podr\u00eda crecer rumbo a los pr\u00f3ximos procesos electorales.<\/p>\n<p>Al ser cuestionado sobre si MC es comparsa de Morena, rechaz\u00f3 esa versi\u00f3n y afirm\u00f3 que su partido es una alternativa de gobierno. Cit\u00f3 la postura del dirigente nacional Jorge \u00c1lvarez M\u00e1ynez frente a la reforma electoral, al se\u00f1alar que no comparten la idea de un partido hegem\u00f3nico.<\/p>\n<p>En ese contexto, anunci\u00f3 que el pr\u00f3ximo 21 de marzo el l\u00edder nacional emecista visitar\u00e1 Chilpancingo para tomar protesta a los delegados estatales del partido, en un acto que se realizar\u00e1 en el Sal\u00f3n Diamante.<\/p>\n<p>Inform\u00f3 que previamente, el 8 de marzo, se llevar\u00e1 a cabo la Asamblea Distrital 07 para la ratificaci\u00f3n de la coordinaci\u00f3n estatal encabezada por Gabriela Bernal, evento al que convoc\u00f3 a militantes y simpatizantes del partido en la capital del estado.<\/p>\n<p><strong>Denuncia en <em>desdeabajo<\/em> Noticias! <\/strong><\/p>\n<p><strong><br \/>\n<\/strong><strong>\u00bfConoces o tienes\u00a0fotos y videos\u00a0de alg\u00fan acto de posible negligencia, corrupci\u00f3n y abuso de autoridad? M\u00e1ndalo al\u00a0WhatsApp:\u00a0 de desdeabajoNoticias: 7443262471.\u00a0\u00a1Comp\u00e1rtelo! Nosotros le damos seguimiento.<\/strong><\/p>\n<p><a href=\"http:\/\/www.desdeabajo.com.mx\"><strong>www.desdeabajo.com.mx<\/strong><\/a><\/p>\n<p><strong>S\u00edguenos tambi\u00e9n en Twitter:<\/strong> <strong>@Yae31099C<\/strong> <strong>en Facebook: DesdeabajoAca:<\/strong><strong>https:\/\/www.facebook.com\/profile.php?id=1000636239783<\/strong><\/p>\n","protected":false},"excerpt":{"rendered":"<p>En ese contexto, anunci\u00f3 que el pr\u00f3ximo 21 de marzo el l\u00edder nacional emecista visitar\u00e1 Chilpancingo para tomar protesta a los delegados estatales del partido, en un acto que se realizar\u00e1 en el Sal\u00f3n Diamante. Marcial Campuzano 03\/03\/2026 Chilpancingo, Gro. El dirigente municipal de Movimiento Ciudadano en Chilpancingo, Humberto D\u00edaz Villanueva, se pronunci\u00f3 por la [&hellip;]<\/p>\n","protected":false},"author":1,"featured_media":49979,"comment_status":"closed","ping_status":"open","sticky":false,"template":"","format":"standard","meta":{"inline_featured_image":false,"advgb_blocks_editor_width":"","advgb_blocks_columns_visual_guide":"","footnotes":""},"categories":[37],"tags":[41],"class_list":["post-49978","post","type-post","status-publish","format-standard","has-post-thumbnail","hentry","category-politics","tag-destacadas"],"aioseo_notices":[],"author_meta":{"display_name":"admin8","author_link":"https:\/\/desdeabajo.com.mx\/?author=1"},"featured_img":"https:\/\/desdeabajo.com.mx\/wp-content\/uploads\/2026\/03\/humberto-diaz-mc-300x169.jpg","coauthors":[],"tax_additional":{"categories":{"linked":["<a href=\"https:\/\/desdeabajo.com.mx\/?cat=37\" class=\"advgb-post-tax-term\">Politics<\/a>"],"unlinked":["<span class=\"advgb-post-tax-term\">Politics<\/span>"]},"tags":{"linked":["<a href=\"https:\/\/desdeabajo.com.mx\/?cat=37\" class=\"advgb-post-tax-term\">destacadas<\/a>"],"unlinked":["<span class=\"advgb-post-tax-term\">destacadas<\/span>"]}},"comment_count":"0","relative_dates":{"created":"Publicado 2 meses hace","modified":"Actualizado 2 meses hace"},"absolute_dates":{"created":"Publicado el 3 de marzo de 2026","modified":"Actualizado el 3 de marzo de 2026"},"absolute_dates_time":{"created":"Publicado el 3 de marzo de 2026 18:04","modified":"Actualizado el 3 de marzo de 2026 18:04"},"featured_img_caption":"","series_order":"","_links":{"self":[{"href":"https:\/\/desdeabajo.com.mx\/index.php?rest_route=\/wp\/v2\/posts\/49978","targetHints":{"allow":["GET"]}}],"collection":[{"href":"https:\/\/desdeabajo.com.mx\/index.php?rest_route=\/wp\/v2\/posts"}],"about":[{"href":"https:\/\/desdeabajo.com.mx\/index.php?rest_route=\/wp\/v2\/types\/post"}],"author":[{"embeddable":true,"href":"https:\/\/desdeabajo.com.mx\/index.php?rest_route=\/wp\/v2\/users\/1"}],"replies":[{"embeddable":true,"href":"https:\/\/desdeabajo.com.mx\/index.php?rest_route=%2Fwp%2Fv2%2Fcomments&post=49978"}],"version-history":[{"count":1,"href":"https:\/\/desdeabajo.com.mx\/index.php?rest_route=\/wp\/v2\/posts\/49978\/revisions"}],"predecessor-version":[{"id":49980,"href":"https:\/\/desdeabajo.com.mx\/index.php?rest_route=\/wp\/v2\/posts\/49978\/revisions\/49980"}],"wp:featuredmedia":[{"embeddable":true,"href":"https:\/\/desdeabajo.com.mx\/index.php?rest_route=\/wp\/v2\/media\/49979"}],"wp:attachment":[{"href":"https:\/\/desdeabajo.com.mx\/index.php?rest_route=%2Fwp%2Fv2%2Fmedia&parent=49978"}],"wp:term":[{"taxonomy":"category","embeddable":true,"href":"https:\/\/desdeabajo.com.mx\/index.php?rest_route=%2Fwp%2Fv2%2Fcategories&post=49978"},{"taxonomy":"post_tag","embeddable":true,"href":"https:\/\/desdeabajo.com.mx\/index.php?rest_route=%2Fwp%2Fv2%2Ftags&post=49978"}],"curies":[{"name":"wp","href":"https:\/\/api.w.org\/{rel}","templated":true}]}}