{"id":49981,"date":"2026-03-03T18:13:05","date_gmt":"2026-03-04T00:13:05","guid":{"rendered":"https:\/\/desdeabajo.com.mx\/?p=49981"},"modified":"2026-03-03T18:13:28","modified_gmt":"2026-03-04T00:13:28","slug":"intereses-oscuros-estan-atras-del-golpeteo-politico-en-mi-contra-beatriz-mojica","status":"publish","type":"post","link":"https:\/\/desdeabajo.com.mx\/?p=49981","title":{"rendered":"Intereses oscuros est\u00e1n atr\u00e1s del golpeteo pol\u00edtico en mi contra: Beatriz Mojica"},"content":{"rendered":"<p><strong>Afirm\u00f3 que el proyecto de transformaci\u00f3n continuar\u00e1 avanzando en Guerrero, y sostuvo que el llamado \u201csegundo piso\u201d del movimiento tendr\u00e1 impacto en la entidad con el respaldo del gobierno federal.<\/strong><\/p>\n<p><strong><em>\u00a0<\/em><\/strong><\/p>\n<p><strong><em>\u00a0<\/em><\/strong><\/p>\n<p><strong><em>Marcial Campuzano<\/em><\/strong><\/p>\n<p><strong><em>03\/03\/2026<\/em><\/strong><\/p>\n<p><strong><em>Chilpancingo, Gro. <\/em><\/strong><\/p>\n<p>La senadora de Morena por Guerrero, Beatriz Mojica Morga, asegur\u00f3 que los se\u00f1alamientos en su contra forman parte de un \u201cgolpeteo pol\u00edtico\u201d impulsado por intereses oscuros ante la cercan\u00eda del proceso electoral federal y local.<\/p>\n<p>En entrevista, la legisladora sostuvo que los ataques en redes sociales por su pasado partidista, buscan desacreditarla en el momento en que ha manifestado su inter\u00e9s por competir por la gubernatura de Guerrero.<\/p>\n<p>\u201cQuiere decir que vamos avanzando\u201d, afirm\u00f3, al considerar que la intensidad de las cr\u00edticas es reflejo de su posicionamiento pol\u00edtico, al tiempo que confirm\u00f3 que le interesa participar en la contienda interna de Morena, aunque dijo que esperar\u00e1 la emisi\u00f3n de las reglas formales del proceso.<\/p>\n<p>Mojica Morga calific\u00f3 como \u201cabsurdo\u201d que se le cuestione por haber militado anteriormente en otro partido, al se\u00f1alar que una parte importante de quienes integran Morena provienen de otras fuerzas pol\u00edticas, \u201cno hay pecado en eso\u201d, subray\u00f3.<\/p>\n<p>La senadora enfatiz\u00f3 que, a lo largo de su carrera, nunca ha sido acusada de corrupci\u00f3n o de conductas indebidas, y sostuvo que su trayectoria p\u00fablica ha estado expuesta de manera permanente sin que exista se\u00f1alamiento alguno que la comprometa.<\/p>\n<p>Record\u00f3 que en 2015 contendi\u00f3 por la gubernatura frente al entonces candidato priista H\u00e9ctor Astudillo, elecci\u00f3n que, afirm\u00f3, estuvo marcada por campa\u00f1as de guerra sucia y por irregularidades que derivaron en el \u201crobo de la elecci\u00f3n\u201d.<\/p>\n<p>Mojica se\u00f1al\u00f3 que en aquel proceso fue objeto de ataques con tintes mis\u00f3ginos, incluyendo cuestionamientos personales relacionados con su condici\u00f3n de mujer. Asegur\u00f3 que este tipo de pr\u00e1cticas han sido constantes en su carrera pol\u00edtica.<\/p>\n<p>Asimismo, destac\u00f3 su participaci\u00f3n hist\u00f3rica en movimientos de izquierda desde su juventud, incluyendo protestas en defensa del voto y movilizaciones posteriores al proceso electoral federal de 2006, donde acompa\u00f1\u00f3 a la hoy presidenta Claudia Sheinbaum en la entrega de pruebas de presunto fraude.<\/p>\n<p>En su mensaje dirigido a la ciudadan\u00eda, llam\u00f3 a evitar divisiones internas y a fortalecer la unidad del movimiento, al tiempo que respald\u00f3 la gesti\u00f3n de la gobernadora Evelyn Salgado.<\/p>\n<p>Afirm\u00f3 que el proyecto de transformaci\u00f3n continuar\u00e1 avanzando en Guerrero, y sostuvo que el llamado \u201csegundo piso\u201d del movimiento tendr\u00e1 impacto en la entidad con el respaldo del gobierno federal.<\/p>\n<p>La senadora reiter\u00f3 que seguir\u00e1 recorriendo las regiones del estado y trabajando, dijo, \u201ccon honestidad y cercan\u00eda\u201d, al asegurar que su compromiso pol\u00edtico ha sido siempre con el pueblo guerrerense.<\/p>\n<p><strong>Denuncia en <em>desdeabajo<\/em> Noticias! <\/strong><\/p>\n<p><strong><br \/>\n<\/strong><strong>\u00bfConoces o tienes\u00a0fotos y videos\u00a0de alg\u00fan acto de posible negligencia, corrupci\u00f3n y abuso de autoridad? M\u00e1ndalo al\u00a0WhatsApp:\u00a0 de desdeabajoNoticias: 7443262471.\u00a0\u00a1Comp\u00e1rtelo! Nosotros le damos seguimiento.<\/strong><\/p>\n<p><a href=\"http:\/\/www.desdeabajo.com.mx\"><strong>www.desdeabajo.com.mx<\/strong><\/a><\/p>\n<p><strong>S\u00edguenos tambi\u00e9n en Twitter:<\/strong> <strong>@Yae31099C<\/strong> <strong>en Facebook: DesdeabajoAca:<\/strong><strong>https:\/\/www.facebook.com\/profile.php?id=1000636239783<\/strong><\/p>\n","protected":false},"excerpt":{"rendered":"<p>Afirm\u00f3 que el proyecto de transformaci\u00f3n continuar\u00e1 avanzando en Guerrero, y sostuvo que el llamado \u201csegundo piso\u201d del movimiento tendr\u00e1 impacto en la entidad con el respaldo del gobierno federal. \u00a0 \u00a0 Marcial Campuzano 03\/03\/2026 Chilpancingo, Gro. La senadora de Morena por Guerrero, Beatriz Mojica Morga, asegur\u00f3 que los se\u00f1alamientos en su contra forman parte [&hellip;]<\/p>\n","protected":false},"author":1,"featured_media":49982,"comment_status":"closed","ping_status":"open","sticky":false,"template":"","format":"standard","meta":{"inline_featured_image":false,"advgb_blocks_editor_width":"","advgb_blocks_columns_visual_guide":"","footnotes":""},"categories":[37],"tags":[41],"class_list":["post-49981","post","type-post","status-publish","format-standard","has-post-thumbnail","hentry","category-politics","tag-destacadas"],"aioseo_notices":[],"author_meta":{"display_name":"admin8","author_link":"https:\/\/desdeabajo.com.mx\/?author=1"},"featured_img":"https:\/\/desdeabajo.com.mx\/wp-content\/uploads\/2026\/03\/betym-campuzano-300x169.jpg","coauthors":[],"tax_additional":{"categories":{"linked":["<a href=\"https:\/\/desdeabajo.com.mx\/?cat=37\" class=\"advgb-post-tax-term\">Politics<\/a>"],"unlinked":["<span class=\"advgb-post-tax-term\">Politics<\/span>"]},"tags":{"linked":["<a href=\"https:\/\/desdeabajo.com.mx\/?cat=37\" class=\"advgb-post-tax-term\">destacadas<\/a>"],"unlinked":["<span class=\"advgb-post-tax-term\">destacadas<\/span>"]}},"comment_count":"0","relative_dates":{"created":"Publicado 2 meses hace","modified":"Actualizado 2 meses hace"},"absolute_dates":{"created":"Publicado el 3 de marzo de 2026","modified":"Actualizado el 3 de marzo de 2026"},"absolute_dates_time":{"created":"Publicado el 3 de marzo de 2026 18:13","modified":"Actualizado el 3 de marzo de 2026 18:13"},"featured_img_caption":"","series_order":"","_links":{"self":[{"href":"https:\/\/desdeabajo.com.mx\/index.php?rest_route=\/wp\/v2\/posts\/49981","targetHints":{"allow":["GET"]}}],"collection":[{"href":"https:\/\/desdeabajo.com.mx\/index.php?rest_route=\/wp\/v2\/posts"}],"about":[{"href":"https:\/\/desdeabajo.com.mx\/index.php?rest_route=\/wp\/v2\/types\/post"}],"author":[{"embeddable":true,"href":"https:\/\/desdeabajo.com.mx\/index.php?rest_route=\/wp\/v2\/users\/1"}],"replies":[{"embeddable":true,"href":"https:\/\/desdeabajo.com.mx\/index.php?rest_route=%2Fwp%2Fv2%2Fcomments&post=49981"}],"version-history":[{"count":1,"href":"https:\/\/desdeabajo.com.mx\/index.php?rest_route=\/wp\/v2\/posts\/49981\/revisions"}],"predecessor-version":[{"id":49983,"href":"https:\/\/desdeabajo.com.mx\/index.php?rest_route=\/wp\/v2\/posts\/49981\/revisions\/49983"}],"wp:featuredmedia":[{"embeddable":true,"href":"https:\/\/desdeabajo.com.mx\/index.php?rest_route=\/wp\/v2\/media\/49982"}],"wp:attachment":[{"href":"https:\/\/desdeabajo.com.mx\/index.php?rest_route=%2Fwp%2Fv2%2Fmedia&parent=49981"}],"wp:term":[{"taxonomy":"category","embeddable":true,"href":"https:\/\/desdeabajo.com.mx\/index.php?rest_route=%2Fwp%2Fv2%2Fcategories&post=49981"},{"taxonomy":"post_tag","embeddable":true,"href":"https:\/\/desdeabajo.com.mx\/index.php?rest_route=%2Fwp%2Fv2%2Ftags&post=49981"}],"curies":[{"name":"wp","href":"https:\/\/api.w.org\/{rel}","templated":true}]}}