{"id":49984,"date":"2026-03-03T18:21:26","date_gmt":"2026-03-04T00:21:26","guid":{"rendered":"https:\/\/desdeabajo.com.mx\/?p=49984"},"modified":"2026-03-03T18:21:49","modified_gmt":"2026-03-04T00:21:49","slug":"evelyn-salgado-entre-las-60-mexicanas-con-poder-de-convocatoria-en-el-ambito-nacional","status":"publish","type":"post","link":"https:\/\/desdeabajo.com.mx\/?p=49984","title":{"rendered":"Evelyn Salgado entre las 60 mexicanas con poder de convocatoria en el \u00e1mbito nacional"},"content":{"rendered":"<p><strong>Enfoque <\/strong><\/p>\n<p><strong>Evelyn Salgado entre las 60 mexicanas con poder de convocatoria en el \u00e1mbito nacional<\/strong><\/p>\n<p><strong>Carlos D\u00edaz Figueroa <\/strong><\/p>\n<p><strong>\u00a0<\/strong><\/p>\n<p><strong>\u00a0<\/strong><\/p>\n<p><strong>\u00a0<\/strong><\/p>\n<p>En una evaluaci\u00f3n en materia de comunicaci\u00f3n pol\u00edtica, la Gobernadora de Guerrero Evelyn Salgado Pineda es calificada como un perfil de amplio liderazgo, influencia y resultados cruciales e hist\u00f3ricos en la vida p\u00fablica en el pa\u00eds.<\/p>\n<p>A trav\u00e9s del car\u00e1cter humano y moral, la revista especializada en comunicaci\u00f3n pol\u00edtica, la colocan entre las 60 mexicanas con poder. De convocatoria, al destacar como la primera mujer que gobierna en la historia del estado de Guerrero.<\/p>\n<p>El liderazgo contin\u00faa siendo el centro de los resultados y las soluciones que ha logrado en los diversos contextos de la pol\u00edtica p\u00fablica, de manera responsable y de frente a los grandes desaf\u00edos a favor de los guerrerenses.<\/p>\n<p>La publicaci\u00f3n comparte el trabajo de la mandataria estatal en materia de transparencia y aplicaci\u00f3n responsable de los recursos p\u00fablicos, enfocadas en atender de forma crucial a los sectores m\u00e1s vulnerables de la poblaci\u00f3n.<\/p>\n<p>Solo por citar, el vital ejercicio en los protocolos de atenci\u00f3n integral a las mujeres, el fortalecimiento de acciones a los grupos prioritarios y un modelo de gobierno cercano y directo con presencia constante desde el escritorio y el territorio.<\/p>\n<p><img fetchpriority=\"high\" decoding=\"async\" class=\"alignnone  wp-image-49935\" src=\"http:\/\/desdeabajo.com.mx\/wp-content\/uploads\/2026\/03\/60mexicanas-300x169.jpg\" alt=\"\" width=\"880\" height=\"496\" srcset=\"https:\/\/desdeabajo.com.mx\/wp-content\/uploads\/2026\/03\/60mexicanas-300x169.jpg 300w, https:\/\/desdeabajo.com.mx\/wp-content\/uploads\/2026\/03\/60mexicanas-768x432.jpg 768w, https:\/\/desdeabajo.com.mx\/wp-content\/uploads\/2026\/03\/60mexicanas-18x10.jpg 18w, https:\/\/desdeabajo.com.mx\/wp-content\/uploads\/2026\/03\/60mexicanas.jpg 1024w\" sizes=\"(max-width: 880px) 100vw, 880px\" \/><\/p>\n<p>A lo referente, cabe reconocer que Evelyn Salgado ha dado apertura hist\u00f3rica en acciones concretas en la supervisi\u00f3n y verificaci\u00f3n a las obras y programas ejecutados, aunque el reconocimiento de escuchar de manera directa a la ciudadan\u00eda.<\/p>\n<p>De tal manera, que el reconocimiento posiciona a la Gobernadora de Guerrero como una de las figuras femeninas con mayor proyecci\u00f3n en el \u00e1mbito pol\u00edtico nacional en la rendici\u00f3n de cuentas, la inclusi\u00f3n social y el bienestar colectivo.<\/p>\n<p>La anterior distinci\u00f3n, la coloca en el escenario nacional como referente de liderazgo femenino en la administraci\u00f3n p\u00fablica, impulsando una agenda de raz\u00f3n con la justicia social y el desarrollo con transparencia, sin ning\u00fan precedente.<\/p>\n<p><strong>\u00a0<\/strong><\/p>\n<p><strong>Denuncia en <em>desdeabajo<\/em> Noticias! <\/strong><\/p>\n<p><strong><br \/>\n<\/strong><strong>\u00bfConoces o tienes\u00a0fotos y videos\u00a0de alg\u00fan acto de posible negligencia, corrupci\u00f3n y abuso de autoridad? M\u00e1ndalo al\u00a0WhatsApp:\u00a0 de desdeabajoNoticias: 7443262471.\u00a0\u00a1Comp\u00e1rtelo! Nosotros le damos seguimiento.<\/strong><\/p>\n<p><a href=\"http:\/\/www.desdeabajo.com.mx\"><strong>www.desdeabajo.com.mx<\/strong><\/a><\/p>\n<p><strong>S\u00edguenos tambi\u00e9n en Twitter:<\/strong> <strong>@Yae31099C<\/strong> <strong>en Facebook: DesdeabajoAca:<\/strong><strong>https:\/\/www.facebook.com\/profile.php?id=1000636239783<\/strong><\/p>\n<p><strong>\u00a0<\/strong><\/p>\n","protected":false},"excerpt":{"rendered":"<p>Enfoque Evelyn Salgado entre las 60 mexicanas con poder de convocatoria en el \u00e1mbito nacional Carlos D\u00edaz Figueroa \u00a0 \u00a0 \u00a0 En una evaluaci\u00f3n en materia de comunicaci\u00f3n pol\u00edtica, la Gobernadora de Guerrero Evelyn Salgado Pineda es calificada como un perfil de amplio liderazgo, influencia y resultados cruciales e hist\u00f3ricos en la vida p\u00fablica en [&hellip;]<\/p>\n","protected":false},"author":1,"featured_media":47381,"comment_status":"closed","ping_status":"open","sticky":false,"template":"","format":"standard","meta":{"inline_featured_image":false,"advgb_blocks_editor_width":"","advgb_blocks_columns_visual_guide":"","footnotes":""},"categories":[36],"tags":[],"class_list":["post-49984","post","type-post","status-publish","format-standard","has-post-thumbnail","hentry","category-opinion"],"aioseo_notices":[],"author_meta":{"display_name":"admin8","author_link":"https:\/\/desdeabajo.com.mx\/?author=1"},"featured_img":"https:\/\/desdeabajo.com.mx\/wp-content\/uploads\/2025\/11\/enfoque-tirantes.jpg","coauthors":[],"tax_additional":{"categories":{"linked":["<a href=\"https:\/\/desdeabajo.com.mx\/?cat=36\" class=\"advgb-post-tax-term\">Opinion<\/a>"],"unlinked":["<span class=\"advgb-post-tax-term\">Opinion<\/span>"]}},"comment_count":"0","relative_dates":{"created":"Publicado 2 meses hace","modified":"Actualizado 2 meses hace"},"absolute_dates":{"created":"Publicado el 3 de marzo de 2026","modified":"Actualizado el 3 de marzo de 2026"},"absolute_dates_time":{"created":"Publicado el 3 de marzo de 2026 18:21","modified":"Actualizado el 3 de marzo de 2026 18:21"},"featured_img_caption":"","series_order":"","_links":{"self":[{"href":"https:\/\/desdeabajo.com.mx\/index.php?rest_route=\/wp\/v2\/posts\/49984","targetHints":{"allow":["GET"]}}],"collection":[{"href":"https:\/\/desdeabajo.com.mx\/index.php?rest_route=\/wp\/v2\/posts"}],"about":[{"href":"https:\/\/desdeabajo.com.mx\/index.php?rest_route=\/wp\/v2\/types\/post"}],"author":[{"embeddable":true,"href":"https:\/\/desdeabajo.com.mx\/index.php?rest_route=\/wp\/v2\/users\/1"}],"replies":[{"embeddable":true,"href":"https:\/\/desdeabajo.com.mx\/index.php?rest_route=%2Fwp%2Fv2%2Fcomments&post=49984"}],"version-history":[{"count":1,"href":"https:\/\/desdeabajo.com.mx\/index.php?rest_route=\/wp\/v2\/posts\/49984\/revisions"}],"predecessor-version":[{"id":49985,"href":"https:\/\/desdeabajo.com.mx\/index.php?rest_route=\/wp\/v2\/posts\/49984\/revisions\/49985"}],"wp:featuredmedia":[{"embeddable":true,"href":"https:\/\/desdeabajo.com.mx\/index.php?rest_route=\/wp\/v2\/media\/47381"}],"wp:attachment":[{"href":"https:\/\/desdeabajo.com.mx\/index.php?rest_route=%2Fwp%2Fv2%2Fmedia&parent=49984"}],"wp:term":[{"taxonomy":"category","embeddable":true,"href":"https:\/\/desdeabajo.com.mx\/index.php?rest_route=%2Fwp%2Fv2%2Fcategories&post=49984"},{"taxonomy":"post_tag","embeddable":true,"href":"https:\/\/desdeabajo.com.mx\/index.php?rest_route=%2Fwp%2Fv2%2Ftags&post=49984"}],"curies":[{"name":"wp","href":"https:\/\/api.w.org\/{rel}","templated":true}]}}