{"id":49986,"date":"2026-03-03T18:29:46","date_gmt":"2026-03-04T00:29:46","guid":{"rendered":"https:\/\/desdeabajo.com.mx\/?p=49986"},"modified":"2026-03-03T18:30:05","modified_gmt":"2026-03-04T00:30:05","slug":"respetara-felix-salgado-decision-de-morena-del-candidato-a-la-gubernatura-de-guerrero","status":"publish","type":"post","link":"https:\/\/desdeabajo.com.mx\/?p=49986","title":{"rendered":"\u00bfRespetar\u00e1 F\u00e9lix Salgado decisi\u00f3n de MORENA del candidato a la gubernatura de Guerrero?"},"content":{"rendered":"<p><strong>Tumbando Ca\u00f1a<\/strong><\/p>\n<p><strong>\u00bfRespetar\u00e1 F\u00e9lix Salgado decisi\u00f3n de MORENA<\/strong> <strong>del candidato a la gubernatura de Guerrero?<\/strong><\/p>\n<p><strong>Juan Antelmo Garc\u00eda Castro<\/strong><\/p>\n<p><strong>\u00a0<\/strong><\/p>\n<p><strong>\u00a0<\/strong><\/p>\n<p>Este fin de semana, el pol\u00e9mico senador morenista F\u00e9lix Salgado Macedonio asegur\u00f3 -por en\u00e9sima ocasi\u00f3n- que acatar\u00e1 la decisi\u00f3n de su partido sobre el candidato o candidata a la gubernatura de Guerrero para los comicios del 2027, una expresi\u00f3n que sin duda muestra varias lecturas pol\u00edticas relevantes, pues Salgado Macedonio ofrece disciplina partidaria, recalcando que no se manda solo y que respetar\u00e1 lo que determine Morena, incluso si no es \u00e9l quien resulte designado candidato para la competencia electoral, adem\u00e1s de proyectar una imagen de alineamiento con las reglas del partido guinda y con la dirigencia nacional\u2026La prudente declaraci\u00f3n de F\u00e9lix Salgado obviamente que se relaciona con el contexto familiar, pues no puede ignorarse que su hija, Evelyn Salgado Pineda, es la actual Gobernadora de Guerrero y su postura de acatar la decisi\u00f3n partidaria busca evitar cr\u00edticas sobre nepotismo y concentraci\u00f3n de poder en una sola familia\u2026Adem\u00e1s, relaciona su mensaje con el respaldo a la reforma electoral impulsada por la presidenta Claudia Sheinbaum, lo que refuerza la idea de disciplina y cohesi\u00f3n dentro del movimiento de la llamada 4ta. Transformaci\u00f3n, aun cuando seguramente ha recibido acercamientos de otros partidos, reiterando que permanecer\u00e1 con lealtad dentro de las filas de Morena\u2026En esa direcci\u00f3n, la oportuna y sensata actitud puede interpretarse como un movimiento estrat\u00e9gico, ya que de ser verdad y no insistir en su candidatura,<\/p>\n<p><img fetchpriority=\"high\" decoding=\"async\" class=\"alignnone  wp-image-49987\" src=\"http:\/\/desdeabajo.com.mx\/wp-content\/uploads\/2026\/03\/toro-enfoque-300x185.jpg\" alt=\"\" width=\"884\" height=\"545\" srcset=\"https:\/\/desdeabajo.com.mx\/wp-content\/uploads\/2026\/03\/toro-enfoque-300x185.jpg 300w, https:\/\/desdeabajo.com.mx\/wp-content\/uploads\/2026\/03\/toro-enfoque-768x474.jpg 768w, https:\/\/desdeabajo.com.mx\/wp-content\/uploads\/2026\/03\/toro-enfoque-18x12.jpg 18w, https:\/\/desdeabajo.com.mx\/wp-content\/uploads\/2026\/03\/toro-enfoque.jpg 843w\" sizes=\"(max-width: 884px) 100vw, 884px\" \/><\/p>\n<p>F\u00e9lix Salgado Macedonio evitar\u00e1 abrir un frente de conflicto dentro de Morena a nivel nacional y, principalmente, en Guerrero, reforzando el mensaje de que las decisiones colectivas est\u00e1n por encima de las aspiraciones personales, e incluso familiares\u2026Sin embargo, pese a su repliegue electoral, de ninguna manera debe ignorarse que F\u00e9lix Salgado mantiene presencia pol\u00edtica y deja abierta la posibilidad de influir en la definici\u00f3n de candidaturas, ya sea directamente o a trav\u00e9s de su capital pol\u00edtico en estas tierras del Sur; por lo tanto, m\u00e1s que un retiro, parece un gesto calculado de disciplina partidaria que busca preservar su influencia y la de su grupo pol\u00edtico dentro de Morena, en un estado clave para el partido, como lo es Guerrero\u2026Por \u00faltimo, como muestra de congruencia con su toma de decisi\u00f3n y anteponiendo sus aspiraciones, el controvertido legislador federal declar\u00f3 estar a favor de la reforma electoral enviada al Congreso de la Uni\u00f3n por la presidenta Claudia Sheinbaum, con el objetivo central de prohibir el nepotismo en las elecciones a cargos de representaci\u00f3n popular y tambi\u00e9n en contra de la reelecci\u00f3n consecutiva\u2026\u201cYo me mantengo en mi postura, soy senador de la Rep\u00fablica y lo que determine Morena; soy un activo pol\u00edtico, aqu\u00ed estoy, si Morena dice t\u00fa no vas, no voy y vamos apoyar a quien determine Morena\u201d, apostill\u00f3 F\u00e9lix Salgado Macedonio.<\/p>\n<p><strong>Denuncia en <em>desdeabajo<\/em> Noticias! <\/strong><\/p>\n<p><strong><br \/>\n<\/strong><strong>\u00bfConoces o tienes\u00a0fotos y videos\u00a0de alg\u00fan acto de posible negligencia, corrupci\u00f3n y abuso de autoridad? M\u00e1ndalo al\u00a0WhatsApp:\u00a0 de desdeabajoNoticias: 7443262471.\u00a0\u00a1Comp\u00e1rtelo! Nosotros le damos seguimiento.<\/strong><\/p>\n<p><a href=\"http:\/\/www.desdeabajo.com.mx\"><strong>www.desdeabajo.com.mx<\/strong><\/a><\/p>\n<p><strong>S\u00edguenos tambi\u00e9n en Twitter:<\/strong> <strong>@Yae31099C<\/strong><strong> en Facebook: DesdeabajoAca:<\/strong><strong>https:\/\/www.facebook.com\/profile.php?id=100063<\/strong><strong>6239783<\/strong><\/p>\n","protected":false},"excerpt":{"rendered":"<p>Tumbando Ca\u00f1a \u00bfRespetar\u00e1 F\u00e9lix Salgado decisi\u00f3n de MORENA del candidato a la gubernatura de Guerrero? Juan Antelmo Garc\u00eda Castro \u00a0 \u00a0 Este fin de semana, el pol\u00e9mico senador morenista F\u00e9lix Salgado Macedonio asegur\u00f3 -por en\u00e9sima ocasi\u00f3n- que acatar\u00e1 la decisi\u00f3n de su partido sobre el candidato o candidata a la gubernatura de Guerrero para los [&hellip;]<\/p>\n","protected":false},"author":1,"featured_media":28253,"comment_status":"closed","ping_status":"open","sticky":false,"template":"","format":"standard","meta":{"inline_featured_image":false,"advgb_blocks_editor_width":"","advgb_blocks_columns_visual_guide":"","footnotes":""},"categories":[36],"tags":[],"class_list":["post-49986","post","type-post","status-publish","format-standard","has-post-thumbnail","hentry","category-opinion"],"aioseo_notices":[],"author_meta":{"display_name":"admin8","author_link":"https:\/\/desdeabajo.com.mx\/?author=1"},"featured_img":"https:\/\/desdeabajo.com.mx\/wp-content\/uploads\/2024\/09\/JAntelmo-300x281.jpg","coauthors":[],"tax_additional":{"categories":{"linked":["<a href=\"https:\/\/desdeabajo.com.mx\/?cat=36\" class=\"advgb-post-tax-term\">Opinion<\/a>"],"unlinked":["<span class=\"advgb-post-tax-term\">Opinion<\/span>"]}},"comment_count":"0","relative_dates":{"created":"Publicado 2 meses hace","modified":"Actualizado 2 meses hace"},"absolute_dates":{"created":"Publicado el 3 de marzo de 2026","modified":"Actualizado el 3 de marzo de 2026"},"absolute_dates_time":{"created":"Publicado el 3 de marzo de 2026 18:29","modified":"Actualizado el 3 de marzo de 2026 18:30"},"featured_img_caption":"","series_order":"","_links":{"self":[{"href":"https:\/\/desdeabajo.com.mx\/index.php?rest_route=\/wp\/v2\/posts\/49986","targetHints":{"allow":["GET"]}}],"collection":[{"href":"https:\/\/desdeabajo.com.mx\/index.php?rest_route=\/wp\/v2\/posts"}],"about":[{"href":"https:\/\/desdeabajo.com.mx\/index.php?rest_route=\/wp\/v2\/types\/post"}],"author":[{"embeddable":true,"href":"https:\/\/desdeabajo.com.mx\/index.php?rest_route=\/wp\/v2\/users\/1"}],"replies":[{"embeddable":true,"href":"https:\/\/desdeabajo.com.mx\/index.php?rest_route=%2Fwp%2Fv2%2Fcomments&post=49986"}],"version-history":[{"count":1,"href":"https:\/\/desdeabajo.com.mx\/index.php?rest_route=\/wp\/v2\/posts\/49986\/revisions"}],"predecessor-version":[{"id":49988,"href":"https:\/\/desdeabajo.com.mx\/index.php?rest_route=\/wp\/v2\/posts\/49986\/revisions\/49988"}],"wp:featuredmedia":[{"embeddable":true,"href":"https:\/\/desdeabajo.com.mx\/index.php?rest_route=\/wp\/v2\/media\/28253"}],"wp:attachment":[{"href":"https:\/\/desdeabajo.com.mx\/index.php?rest_route=%2Fwp%2Fv2%2Fmedia&parent=49986"}],"wp:term":[{"taxonomy":"category","embeddable":true,"href":"https:\/\/desdeabajo.com.mx\/index.php?rest_route=%2Fwp%2Fv2%2Fcategories&post=49986"},{"taxonomy":"post_tag","embeddable":true,"href":"https:\/\/desdeabajo.com.mx\/index.php?rest_route=%2Fwp%2Fv2%2Ftags&post=49986"}],"curies":[{"name":"wp","href":"https:\/\/api.w.org\/{rel}","templated":true}]}}