{"id":50018,"date":"2026-03-04T18:17:48","date_gmt":"2026-03-05T00:17:48","guid":{"rendered":"https:\/\/desdeabajo.com.mx\/?p=50018"},"modified":"2026-03-04T18:18:12","modified_gmt":"2026-03-05T00:18:12","slug":"participa-la-gobernadora-evelyn-salgado-pineda-en-el-evento-de-encendido-de-luces-del-fuerte-de-san-diego","status":"publish","type":"post","link":"https:\/\/desdeabajo.com.mx\/?p=50018","title":{"rendered":"Participa la gobernadora Evelyn Salgado Pineda en el evento de Encendido de Luces del Fuerte de San Diego"},"content":{"rendered":"<p><strong>*Se trata de una acci\u00f3n enmarcada en el programa \u201cAcapulco se Transforma Contigo\u201d <\/strong><\/p>\n<p><strong>\u00a0<\/strong><\/p>\n<p><strong><em>Redacci\u00f3n\u2026 <\/em><\/strong><\/p>\n<p><strong><em>03\/03\/2026<\/em><\/strong><\/p>\n<p><strong><em>Acapulco, Gro.<\/em><\/strong><\/p>\n<p>\u201cPor su cr\u00f3nica, trascendencia y significado, nuestro Fuerte de San Diego es indiscutible \u00edcono del maravilloso puerto de Acapulco. Y un recordatorio de que los pueblos que conocen su historia, jam\u00e1s se dejan borrar, son pueblos valientes, son pueblos resilientes\u201d, se\u00f1al\u00f3 la gobernadora Evelyn Salgado Pineda durante el evento de Encendido de Luces de este lugar hist\u00f3rico.<\/p>\n<p>Con esta acci\u00f3n que se enmarca en el programa \u00abAcapulco Se Transforma Contigo\u00bb, este inmueble podr\u00e1 ser observado desde los diferentes puntos de la bah\u00eda, ofreciendo un espect\u00e1culo de luz y color.<\/p>\n<p>En compa\u00f1\u00eda del director general del Fondo Nacional de Fomento al Turismo (FONATUR), Sebasti\u00e1n Ram\u00edrez, as\u00ed como de la presidenta municipal, Abelina L\u00f3pez Rodr\u00edguez, la mandataria estatal destac\u00f3 el legado de m\u00e1s de 400 a\u00f1os que ofrece el Fuerte de San Diego, el cual, se ha convertido en un s\u00edmbolo de la fortaleza y la resiliencia, representando el renacer del puerto.<\/p>\n<p>\u201cAcapulco nunca ha perdido su brillo, a\u00fan y con todo lo que ha pasado, Acapulco brilla porque existe, porque efectivamente, es un puerto maravilloso. Y hoy brilla con mucha m\u00e1s fuerza\u201d, puntualiz\u00f3.<\/p>\n<p><img fetchpriority=\"high\" decoding=\"async\" class=\"alignnone  wp-image-50020\" src=\"http:\/\/desdeabajo.com.mx\/wp-content\/uploads\/2026\/03\/eve-encendido-300x200.jpg\" alt=\"\" width=\"803\" height=\"535\" srcset=\"https:\/\/desdeabajo.com.mx\/wp-content\/uploads\/2026\/03\/eve-encendido-300x200.jpg 300w, https:\/\/desdeabajo.com.mx\/wp-content\/uploads\/2026\/03\/eve-encendido-1024x682.jpg 1024w, https:\/\/desdeabajo.com.mx\/wp-content\/uploads\/2026\/03\/eve-encendido-768x512.jpg 768w, https:\/\/desdeabajo.com.mx\/wp-content\/uploads\/2026\/03\/eve-encendido-18x12.jpg 18w, https:\/\/desdeabajo.com.mx\/wp-content\/uploads\/2026\/03\/eve-encendido.jpg 1280w\" sizes=\"(max-width: 803px) 100vw, 803px\" \/><\/p>\n<p>Salgado Pineda se\u00f1al\u00f3 que, a trav\u00e9s de este museo, la historia une, preserva y se comparte, con exposiciones, que abordan desde exposiciones arqueol\u00f3gicas, pasando por saberes de navegaci\u00f3n e incluyendo al Acapulco contempor\u00e1neo. Y agreg\u00f3: \u201cLa transformaci\u00f3n va en serio y va con todo, eso incluye el Acapulco Tradicional\u201d.<\/p>\n<p>Durante su participaci\u00f3n, el titular de FONATUR, dijo que este acto marca el inicio de una serie de inauguraciones que permitir\u00e1n consolidar el programa Acapulco se Transforma Contigo; destac\u00f3 que la puesta en marcha de este sistema de iluminaci\u00f3n es el resultado de un trabajo coordinado entre las diferentes instancias.<\/p>\n<p>El funcionario federal se\u00f1al\u00f3 que el Fuerte de San Diego tiene una profunda riqueza, destacando como el inmueble hist\u00f3rico y cultural de todo el Pac\u00edfico. Explic\u00f3 que en este proyecto se instalaron 1.9 kil\u00f3metros de cableado, 208 proyectores de led de iluminaci\u00f3n, 365 luminarias led complementarias, 466 luminarias solares en acceso y 96 escenas programables en 5 zonas operativas.<\/p>\n<p><img decoding=\"async\" class=\"alignnone  wp-image-50019\" src=\"http:\/\/desdeabajo.com.mx\/wp-content\/uploads\/2026\/03\/luces-fuerte-300x169.jpg\" alt=\"\" width=\"827\" height=\"466\" srcset=\"https:\/\/desdeabajo.com.mx\/wp-content\/uploads\/2026\/03\/luces-fuerte-300x169.jpg 300w, https:\/\/desdeabajo.com.mx\/wp-content\/uploads\/2026\/03\/luces-fuerte-1024x576.jpg 1024w, https:\/\/desdeabajo.com.mx\/wp-content\/uploads\/2026\/03\/luces-fuerte-768x432.jpg 768w, https:\/\/desdeabajo.com.mx\/wp-content\/uploads\/2026\/03\/luces-fuerte-18x10.jpg 18w, https:\/\/desdeabajo.com.mx\/wp-content\/uploads\/2026\/03\/luces-fuerte.jpg 1280w\" sizes=\"(max-width: 827px) 100vw, 827px\" \/><\/p>\n<p>Enseguida, la gobernadora y los asistentes, llevaron a cabo el encendido oficial de las luces que dar\u00e1n una nueva imagen al Fuerte de San Diego.<\/p>\n<p>Asistieron a este acto, el secretario de Turismo del estado, Sim\u00f3n Qui\u00f1ones; el Oficial Mayor de la Sefina, Ricardo Salinas M\u00e9ndez; la secretaria de Cultura del estado, Aida Melina Mart\u00ednez Rebolledo; el director de Infraestructura de FONATUR, Alan Aispuro; el director del INAH Guerrero, H\u00e9ctor Romero Torres, as\u00ed como integrantes del Consejo Consultivo de la Bah\u00eda Hist\u00f3rica de Acapulco y representantes de organizaciones civiles.<\/p>\n<p><strong>\u00a0<\/strong><\/p>\n<p><strong>Denuncia en <em>desdeabajo<\/em> Noticias! <\/strong><\/p>\n<p><strong><br \/>\n<\/strong><strong>\u00bfConoces o tienes\u00a0fotos y videos\u00a0de alg\u00fan acto de posible negligencia, corrupci\u00f3n y abuso de autoridad? M\u00e1ndalo al\u00a0WhatsApp:\u00a0 de desdeabajoNoticias: 7443262471.\u00a0\u00a1Comp\u00e1rtelo! Nosotros le damos seguimiento.<\/strong><\/p>\n<p><a href=\"http:\/\/www.desdeabajo.com.mx\"><strong>www.desdeabajo.com.mx<\/strong><\/a><\/p>\n<p><strong>S\u00edguenos tambi\u00e9n en Twitter:<\/strong> <strong>@Yae31099C<\/strong> <strong>en Facebook: DesdeabajoAca:<\/strong><strong>https:\/\/www.facebook.com\/profile.php?id=1000636239783<\/strong><\/p>\n","protected":false},"excerpt":{"rendered":"<p>*Se trata de una acci\u00f3n enmarcada en el programa \u201cAcapulco se Transforma Contigo\u201d \u00a0 Redacci\u00f3n\u2026 03\/03\/2026 Acapulco, Gro. \u201cPor su cr\u00f3nica, trascendencia y significado, nuestro Fuerte de San Diego es indiscutible \u00edcono del maravilloso puerto de Acapulco. Y un recordatorio de que los pueblos que conocen su historia, jam\u00e1s se&#8230;<\/p>\n","protected":false},"author":1,"featured_media":50021,"comment_status":"closed","ping_status":"open","sticky":false,"template":"","format":"standard","meta":{"inline_featured_image":false,"advgb_blocks_editor_width":"","advgb_blocks_columns_visual_guide":"","footnotes":""},"categories":[31],"tags":[41],"class_list":["post-50018","post","type-post","status-publish","format-standard","has-post-thumbnail","hentry","category-acapulco","tag-destacadas","penci-post-item"],"aioseo_notices":[],"author_meta":{"display_name":"admin8","author_link":"https:\/\/desdeabajo.com.mx\/?author=1"},"featured_img":"https:\/\/desdeabajo.com.mx\/wp-content\/uploads\/2026\/03\/eve-prende-luces-300x169.jpg","coauthors":[],"tax_additional":{"categories":{"linked":["<a href=\"https:\/\/desdeabajo.com.mx\/?cat=31\" class=\"advgb-post-tax-term\">Acapulco<\/a>"],"unlinked":["<span class=\"advgb-post-tax-term\">Acapulco<\/span>"]},"tags":{"linked":["<a href=\"https:\/\/desdeabajo.com.mx\/?cat=31\" class=\"advgb-post-tax-term\">destacadas<\/a>"],"unlinked":["<span class=\"advgb-post-tax-term\">destacadas<\/span>"]}},"comment_count":"0","relative_dates":{"created":"Publicado 2 meses hace","modified":"Actualizado 2 meses hace"},"absolute_dates":{"created":"Publicado el 4 de marzo de 2026","modified":"Actualizado el 4 de marzo de 2026"},"absolute_dates_time":{"created":"Publicado el 4 de marzo de 2026 18:17","modified":"Actualizado el 4 de marzo de 2026 18:18"},"featured_img_caption":"","series_order":"","_links":{"self":[{"href":"https:\/\/desdeabajo.com.mx\/index.php?rest_route=\/wp\/v2\/posts\/50018","targetHints":{"allow":["GET"]}}],"collection":[{"href":"https:\/\/desdeabajo.com.mx\/index.php?rest_route=\/wp\/v2\/posts"}],"about":[{"href":"https:\/\/desdeabajo.com.mx\/index.php?rest_route=\/wp\/v2\/types\/post"}],"author":[{"embeddable":true,"href":"https:\/\/desdeabajo.com.mx\/index.php?rest_route=\/wp\/v2\/users\/1"}],"replies":[{"embeddable":true,"href":"https:\/\/desdeabajo.com.mx\/index.php?rest_route=%2Fwp%2Fv2%2Fcomments&post=50018"}],"version-history":[{"count":1,"href":"https:\/\/desdeabajo.com.mx\/index.php?rest_route=\/wp\/v2\/posts\/50018\/revisions"}],"predecessor-version":[{"id":50022,"href":"https:\/\/desdeabajo.com.mx\/index.php?rest_route=\/wp\/v2\/posts\/50018\/revisions\/50022"}],"wp:featuredmedia":[{"embeddable":true,"href":"https:\/\/desdeabajo.com.mx\/index.php?rest_route=\/wp\/v2\/media\/50021"}],"wp:attachment":[{"href":"https:\/\/desdeabajo.com.mx\/index.php?rest_route=%2Fwp%2Fv2%2Fmedia&parent=50018"}],"wp:term":[{"taxonomy":"category","embeddable":true,"href":"https:\/\/desdeabajo.com.mx\/index.php?rest_route=%2Fwp%2Fv2%2Fcategories&post=50018"},{"taxonomy":"post_tag","embeddable":true,"href":"https:\/\/desdeabajo.com.mx\/index.php?rest_route=%2Fwp%2Fv2%2Ftags&post=50018"}],"curies":[{"name":"wp","href":"https:\/\/api.w.org\/{rel}","templated":true}]}}