{"id":50063,"date":"2026-03-05T20:39:27","date_gmt":"2026-03-06T02:39:27","guid":{"rendered":"https:\/\/desdeabajo.com.mx\/?p=50063"},"modified":"2026-03-05T20:39:47","modified_gmt":"2026-03-06T02:39:47","slug":"acapulco-recibira-el-29-festival-eurojazz-con-capycua","status":"publish","type":"post","link":"https:\/\/desdeabajo.com.mx\/?p=50063","title":{"rendered":"Acapulco recibir\u00e1 el 29 Festival Eurojazz con Capycua"},"content":{"rendered":"<p><strong>El recital se realizar\u00e1 este s\u00e1bado 7 de marzo a las 18:00 horas en el Auditorio \u201cEloina L\u00f3pez Cano\u201d del Centro Cultural Acapulco, con entrada libre para todo p\u00fablico.<\/strong><\/p>\n<p><strong><em>Redacci\u00f3n\u2026<\/em><\/strong><\/p>\n<p><strong><em>05\/03\/2026<\/em><\/strong><\/p>\n<p><strong><em>Acapulco, Gro.<\/em><\/strong><\/p>\n<p>Festival EuroJazz llegar\u00e1 a Acapulco con la presentaci\u00f3n especial de la agrupaci\u00f3n CapYcua, integrada por los m\u00fasicos Francesco Diodati en la guitarra, Daniele Bortone en el contrabajo y Rodrigo Nandayapa en la marimba, quienes<br \/>\nofrecer\u00e1n un concierto que fusiona el jazz contempor\u00e1neo con sonidos de distintas tradiciones musicales.<\/p>\n<p>De acuerdo con un bolet\u00edn, el tr\u00edo es reconocido por su propuesta que mezcla improvisaci\u00f3n, ritmos latinoamericanos y elementos de la m\u00fasica cl\u00e1sica y experimental, generando un di\u00e1logo sonoro entre la guitarra, el contrabajo y la marimba que da identidad a su proyecto musical.<\/p>\n<p>El recital se realizar\u00e1 este s\u00e1bado 7 de marzo a las 18:00 horas en el Auditorio \u201cEloina L\u00f3pez Cano\u201d del Centro Cultural Acapulco, con entrada libre para todo p\u00fablico.<\/p>\n<p>Estas actividades forman parte de la agenda cultural que impulsa el gobierno del estado, encabezado por la gobernadora Evelyn Salgado Pineda, a trav\u00e9s de la Secretar\u00eda de Cultura, en coordinaci\u00f3n con el Centro Nacional de las Artes, con el objetivo de acercar propuestas musicales de talla internacional y fortalecer la vida cultural en el puerto.<\/p>\n<p><strong>Denuncia en <em>desdeabajo<\/em> Noticias! <\/strong><\/p>\n<p><strong><br \/>\n<\/strong><strong>\u00bfConoces o tienes\u00a0fotos y videos\u00a0de alg\u00fan acto de posible negligencia, corrupci\u00f3n y abuso de autoridad? M\u00e1ndalo al\u00a0WhatsApp:\u00a0 de desdeabajoNoticias: 7443262471.\u00a0\u00a1Comp\u00e1rtelo! Nosotros le damos seguimiento.<\/strong><\/p>\n<p><a href=\"http:\/\/www.desdeabajo.com.mx\"><strong>www.desdeabajo.com.mx<\/strong><\/a><\/p>\n<p><strong>S\u00edguenos tambi\u00e9n en Twitter:<\/strong> <strong>@Yae31099C<\/strong> <strong>en Facebook: DesdeabajoAca:<\/strong><strong>https:\/\/www.facebook.com\/profile.php?id=1000636239783<\/strong><\/p>\n<p><strong>\u00a0<\/strong><\/p>\n","protected":false},"excerpt":{"rendered":"<p>El recital se realizar\u00e1 este s\u00e1bado 7 de marzo a las 18:00 horas en el Auditorio \u201cEloina L\u00f3pez Cano\u201d del Centro Cultural Acapulco, con entrada libre para todo p\u00fablico. Redacci\u00f3n\u2026 05\/03\/2026 Acapulco, Gro. Festival EuroJazz llegar\u00e1 a Acapulco con la presentaci\u00f3n especial de la agrupaci\u00f3n CapYcua, integrada por los m\u00fasicos&#8230;<\/p>\n","protected":false},"author":1,"featured_media":50064,"comment_status":"closed","ping_status":"open","sticky":false,"template":"","format":"standard","meta":{"inline_featured_image":false,"advgb_blocks_editor_width":"","advgb_blocks_columns_visual_guide":"","footnotes":""},"categories":[62],"tags":[41],"class_list":["post-50063","post","type-post","status-publish","format-standard","has-post-thumbnail","hentry","category-culture","tag-destacadas","penci-post-item"],"aioseo_notices":[],"author_meta":{"display_name":"admin8","author_link":"https:\/\/desdeabajo.com.mx\/?author=1"},"featured_img":"https:\/\/desdeabajo.com.mx\/wp-content\/uploads\/2026\/03\/eurojaz-300x181.jpg","coauthors":[],"tax_additional":{"categories":{"linked":["<a href=\"https:\/\/desdeabajo.com.mx\/?cat=62\" class=\"advgb-post-tax-term\">Culture<\/a>"],"unlinked":["<span class=\"advgb-post-tax-term\">Culture<\/span>"]},"tags":{"linked":["<a href=\"https:\/\/desdeabajo.com.mx\/?cat=62\" class=\"advgb-post-tax-term\">destacadas<\/a>"],"unlinked":["<span class=\"advgb-post-tax-term\">destacadas<\/span>"]}},"comment_count":"0","relative_dates":{"created":"Publicado 2 meses hace","modified":"Actualizado 2 meses hace"},"absolute_dates":{"created":"Publicado el 5 de marzo de 2026","modified":"Actualizado el 5 de marzo de 2026"},"absolute_dates_time":{"created":"Publicado el 5 de marzo de 2026 20:39","modified":"Actualizado el 5 de marzo de 2026 20:39"},"featured_img_caption":"","series_order":"","_links":{"self":[{"href":"https:\/\/desdeabajo.com.mx\/index.php?rest_route=\/wp\/v2\/posts\/50063","targetHints":{"allow":["GET"]}}],"collection":[{"href":"https:\/\/desdeabajo.com.mx\/index.php?rest_route=\/wp\/v2\/posts"}],"about":[{"href":"https:\/\/desdeabajo.com.mx\/index.php?rest_route=\/wp\/v2\/types\/post"}],"author":[{"embeddable":true,"href":"https:\/\/desdeabajo.com.mx\/index.php?rest_route=\/wp\/v2\/users\/1"}],"replies":[{"embeddable":true,"href":"https:\/\/desdeabajo.com.mx\/index.php?rest_route=%2Fwp%2Fv2%2Fcomments&post=50063"}],"version-history":[{"count":1,"href":"https:\/\/desdeabajo.com.mx\/index.php?rest_route=\/wp\/v2\/posts\/50063\/revisions"}],"predecessor-version":[{"id":50065,"href":"https:\/\/desdeabajo.com.mx\/index.php?rest_route=\/wp\/v2\/posts\/50063\/revisions\/50065"}],"wp:featuredmedia":[{"embeddable":true,"href":"https:\/\/desdeabajo.com.mx\/index.php?rest_route=\/wp\/v2\/media\/50064"}],"wp:attachment":[{"href":"https:\/\/desdeabajo.com.mx\/index.php?rest_route=%2Fwp%2Fv2%2Fmedia&parent=50063"}],"wp:term":[{"taxonomy":"category","embeddable":true,"href":"https:\/\/desdeabajo.com.mx\/index.php?rest_route=%2Fwp%2Fv2%2Fcategories&post=50063"},{"taxonomy":"post_tag","embeddable":true,"href":"https:\/\/desdeabajo.com.mx\/index.php?rest_route=%2Fwp%2Fv2%2Ftags&post=50063"}],"curies":[{"name":"wp","href":"https:\/\/api.w.org\/{rel}","templated":true}]}}