{"id":50194,"date":"2026-03-10T23:24:38","date_gmt":"2026-03-11T05:24:38","guid":{"rendered":"https:\/\/desdeabajo.com.mx\/?p=50194"},"modified":"2026-03-10T23:24:56","modified_gmt":"2026-03-11T05:24:56","slug":"evelyn-salgado-anuncia-nuevas-rutas-aereas-para-guerrero","status":"publish","type":"post","link":"https:\/\/desdeabajo.com.mx\/?p=50194","title":{"rendered":"Evelyn Salgado anuncia nuevas rutas a\u00e9reas para Guerrero"},"content":{"rendered":"<p><strong>\u00a0<\/strong><strong>*La gobernadora se re\u00fane con directivos de Volaris fortaleciendo la conectividad a\u00e9rea en el estado<\/strong><\/p>\n<p><strong>\u00a0<\/strong><\/p>\n<p><strong><em>Redacci\u00f3n\u2026<\/em><\/strong><\/p>\n<p><strong><em>10\/03\/2026<\/em><\/strong><\/p>\n<p><strong><em>Acapulco, Gro.<\/em><\/strong><\/p>\n<p><strong><em>\u00a0<\/em><\/strong><\/p>\n<p><strong>\u00a0<\/strong><\/p>\n<p>Con el fin de fortalecer la conectividad a\u00e9rea en Guerrero, y continuando con el trabajo de impulsar el sector tur\u00edstico en el estado, la gobernadora Evelyn Salgado Pineda, sostuvo una reuni\u00f3n con directivos de la empresa Volaris, en donde adem\u00e1s de agradecer la confianza que la empresa tiene en el estado, anunci\u00f3 dos nuevas rutas de vuelo.<\/p>\n<p>\u201cGracias a la confianza de Volaris en Guerrero, seguimos fortaleciendo la conectividad a\u00e9rea de nuestro estado, y abrimos nuevas oportunidades para destinos emblem\u00e1ticos como Acapulco y Zihuatanejo\u201d, indic\u00f3 la mandataria estatal.<\/p>\n<p>La gobernadora indic\u00f3 que Acapulco contar\u00e1 con un vuelo directo a Quer\u00e9taro, y Zihuatanejo tendr\u00e1 una nueva conexi\u00f3n con Puebla, lo que permitir\u00e1 que miles de turistas y visitantes lleguen a Guerrero de una manera m\u00e1s r\u00e1pida a partir del 2 de junio del a\u00f1o en curso; por lo que invit\u00f3 a quienes buscan un destino con un clima, gastronom\u00eda y amabilidad inigualables, a venir a disfrutar del Hogar del Sol.<\/p>\n<p>Por su parte, el Director de Desarrollo de Mercados, Distribuci\u00f3n y Carga de Volaris, Jorge Roberto Garc\u00eda Rojas, indic\u00f3 que con estas nuevas rutas se ampl\u00eda la posibilidad que que las familias mexicanas conozcan nuevas ciudades, as\u00ed como brindar una herramienta m\u00e1s para los empresarios que busquen ampliar sus negocios.<\/p>\n<p>De igual forma, el titular de la Secretar\u00eda de Turismo del estado, Sim\u00f3n Qui\u00f1ones Orozco, se\u00f1al\u00f3 que Acapulco tuvo un incremento de pasajeros de 8 mil 716 en comparaci\u00f3n al a\u00f1o 2025, puesto que entre enero y febrero de dicho a\u00f1o, se recibieron 120 mil pasajeros, y en este 2026 la cifra fue de 128 mil; mientras que Ixtapa-Zihuatanejo increment\u00f3 su n\u00famero de visitantes al registrar 147 mil pasajeros el a\u00f1o anterior, y en este a\u00f1o la cifra asciende a m\u00e1s de 163 mil visitantes.<\/p>\n<p>En total, el funcionario indic\u00f3 que el flujo a\u00e9reo de este a\u00f1o ha sido de m\u00e1s de 291 mil visitantes, lo cual refleja un incremento de 24 mil 614 turistas m\u00e1s, en comparaci\u00f3n a los 267 mil pasajeros recibidos en el mismo periodo el a\u00f1o pasado.<\/p>\n<p><strong>Denuncia en <em>desdeabajo<\/em> Noticias! <\/strong><\/p>\n<p><strong><br \/>\n<\/strong><strong>\u00bfConoces o tienes\u00a0fotos y videos\u00a0de alg\u00fan acto de posible negligencia, corrupci\u00f3n y abuso de autoridad? M\u00e1ndalo al\u00a0WhatsApp:\u00a0 de desdeabajoNoticias: 7443262471.\u00a0\u00a1Comp\u00e1rtelo! Nosotros le damos seguimiento.<\/strong><\/p>\n<p><a href=\"http:\/\/www.desdeabajo.com.mx\"><strong>www.desdeabajo.com.mx<\/strong><\/a><\/p>\n<p><strong>S\u00edguenos tambi\u00e9n en Twitter:<\/strong> <strong>@Yae31099C<\/strong> <strong>en Facebook: DesdeabajoAca:<\/strong><strong>https:\/\/www.facebook.com\/profile.php?id=1000636239783<\/strong><\/p>\n<p><strong>\u00a0<\/strong><\/p>\n<p><strong>\u00a0<\/strong><\/p>\n","protected":false},"excerpt":{"rendered":"<p>\u00a0*La gobernadora se re\u00fane con directivos de Volaris fortaleciendo la conectividad a\u00e9rea en el estado \u00a0 Redacci\u00f3n\u2026 10\/03\/2026 Acapulco, Gro. \u00a0 \u00a0 Con el fin de fortalecer la conectividad a\u00e9rea en Guerrero, y continuando con el trabajo de impulsar el sector tur\u00edstico en el estado, la gobernadora Evelyn Salgado Pineda,&#8230;<\/p>\n","protected":false},"author":1,"featured_media":50195,"comment_status":"closed","ping_status":"open","sticky":false,"template":"","format":"standard","meta":{"inline_featured_image":false,"advgb_blocks_editor_width":"","advgb_blocks_columns_visual_guide":"","footnotes":""},"categories":[31],"tags":[41],"class_list":["post-50194","post","type-post","status-publish","format-standard","has-post-thumbnail","hentry","category-acapulco","tag-destacadas","penci-post-item"],"aioseo_notices":[],"author_meta":{"display_name":"admin8","author_link":"https:\/\/desdeabajo.com.mx\/?author=1"},"featured_img":"https:\/\/desdeabajo.com.mx\/wp-content\/uploads\/2026\/03\/eve-volaris-300x169.jpg","coauthors":[],"tax_additional":{"categories":{"linked":["<a href=\"https:\/\/desdeabajo.com.mx\/?cat=31\" class=\"advgb-post-tax-term\">Acapulco<\/a>"],"unlinked":["<span class=\"advgb-post-tax-term\">Acapulco<\/span>"]},"tags":{"linked":["<a href=\"https:\/\/desdeabajo.com.mx\/?cat=31\" class=\"advgb-post-tax-term\">destacadas<\/a>"],"unlinked":["<span class=\"advgb-post-tax-term\">destacadas<\/span>"]}},"comment_count":"0","relative_dates":{"created":"Publicado 2 meses hace","modified":"Actualizado 2 meses hace"},"absolute_dates":{"created":"Publicado el 10 de marzo de 2026","modified":"Actualizado el 10 de marzo de 2026"},"absolute_dates_time":{"created":"Publicado el 10 de marzo de 2026 23:24","modified":"Actualizado el 10 de marzo de 2026 23:24"},"featured_img_caption":"","series_order":"","_links":{"self":[{"href":"https:\/\/desdeabajo.com.mx\/index.php?rest_route=\/wp\/v2\/posts\/50194","targetHints":{"allow":["GET"]}}],"collection":[{"href":"https:\/\/desdeabajo.com.mx\/index.php?rest_route=\/wp\/v2\/posts"}],"about":[{"href":"https:\/\/desdeabajo.com.mx\/index.php?rest_route=\/wp\/v2\/types\/post"}],"author":[{"embeddable":true,"href":"https:\/\/desdeabajo.com.mx\/index.php?rest_route=\/wp\/v2\/users\/1"}],"replies":[{"embeddable":true,"href":"https:\/\/desdeabajo.com.mx\/index.php?rest_route=%2Fwp%2Fv2%2Fcomments&post=50194"}],"version-history":[{"count":1,"href":"https:\/\/desdeabajo.com.mx\/index.php?rest_route=\/wp\/v2\/posts\/50194\/revisions"}],"predecessor-version":[{"id":50196,"href":"https:\/\/desdeabajo.com.mx\/index.php?rest_route=\/wp\/v2\/posts\/50194\/revisions\/50196"}],"wp:featuredmedia":[{"embeddable":true,"href":"https:\/\/desdeabajo.com.mx\/index.php?rest_route=\/wp\/v2\/media\/50195"}],"wp:attachment":[{"href":"https:\/\/desdeabajo.com.mx\/index.php?rest_route=%2Fwp%2Fv2%2Fmedia&parent=50194"}],"wp:term":[{"taxonomy":"category","embeddable":true,"href":"https:\/\/desdeabajo.com.mx\/index.php?rest_route=%2Fwp%2Fv2%2Fcategories&post=50194"},{"taxonomy":"post_tag","embeddable":true,"href":"https:\/\/desdeabajo.com.mx\/index.php?rest_route=%2Fwp%2Fv2%2Ftags&post=50194"}],"curies":[{"name":"wp","href":"https:\/\/api.w.org\/{rel}","templated":true}]}}