{"id":51750,"date":"2026-04-21T22:53:48","date_gmt":"2026-04-22T04:53:48","guid":{"rendered":"https:\/\/desdeabajo.com.mx\/?p=51750"},"modified":"2026-04-21T22:54:09","modified_gmt":"2026-04-22T04:54:09","slug":"congreso-aprueba-reformas-educativas-exhorta-a-recuperar-el-circyc-y-eliminar-vigencia-de-actas-de-nacimiento","status":"publish","type":"post","link":"https:\/\/desdeabajo.com.mx\/?p=51750","title":{"rendered":"Congreso aprueba reformas educativas, exhorta a recuperar el CIRCYC y eliminar vigencia de actas de nacimiento"},"content":{"rendered":"\n\n\n<p><strong>Se incorpora la perspectiva de g\u00e9nero como eje transversal en la educaci\u00f3n, en congruencia con el mandato constitucional y los compromisos internacionales asumidos por el Estado mexicano.<\/strong><\/p>\n\n\n\n<p><\/p>\n\n\n\n<p><\/p>\n\n\n\n<p><\/p>\n\n\n\n<p><strong><em>Redacci\u00f3n\u2026<\/em><\/strong><\/p>\n\n\n\n<p><strong><em>21\/04\/2026<\/em><\/strong><\/p>\n\n\n\n<p><strong><em>Chilpancingo, Gro.<\/em><\/strong><\/p>\n\n\n\n<p><\/p>\n\n\n\n<p><\/p>\n\n\n\n<p><\/p>\n\n\n\n<p>El Congreso del Estado aprob\u00f3 reformas y adiciones a la Ley de Educaci\u00f3n del Estado de Guerrero para atender diversas problem\u00e1ticas que inciden directamente en la formaci\u00f3n integral de ni\u00f1as, ni\u00f1os y adolescentes, como el rezago educativo, la deficiencia en competencias ling\u00fc\u00edsticas, la persistencia del acoso escolar y la necesidad de incorporar de manera transversal la perspectiva de g\u00e9nero.<\/p>\n\n\n\n<p>El dictamen fue emitido por la Comisi\u00f3n de Educaci\u00f3n, Ciencia y Tecnolog\u00eda, con base en propuestas presentadas por las y los diputados Jhobanny Jim\u00e9nez Mendoza, Leticia Rodr\u00edguez Armenta, Jes\u00fas Parra Garc\u00eda, Arturo \u00c1lvarez Angli y Leticia Mosso Hern\u00e1ndez, y fue fundamentado en tribuna por el diputado H\u00e9ctor Su\u00e1rez Basurto, integrante de dicha comisi\u00f3n.<\/p>\n\n\n\n<p>Las modificaciones atienden la problem\u00e1tica del acoso escolar o bullying, fen\u00f3meno que constituye una forma de violencia que vulnera derechos fundamentales, afecta el desarrollo emocional de las y los educandos y deteriora los ambientes de aprendizaje.<\/p>\n\n\n\n<p>Asimismo, se incorpora la perspectiva de g\u00e9nero como eje transversal en la educaci\u00f3n, en congruencia con el mandato constitucional y los compromisos internacionales asumidos por el Estado mexicano.<\/p>\n\n\n\n<p>Con lo aprobado, tambi\u00e9n se reconoce la importancia de fortalecer las competencias ling\u00fc\u00edsticas, particularmente en el uso correcto de las normas gramaticales y ortogr\u00e1ficas del idioma espa\u00f1ol, sin dejar de lado el respeto y la promoci\u00f3n de las lenguas ind\u00edgenas.<\/p>\n\n\n\n<p>Las reformas a la Ley de Educaci\u00f3n del Estado incluyen la modificaci\u00f3n de la fracci\u00f3n IX y la adici\u00f3n de una fracci\u00f3n X, recorriendo una subsecuente; reformas a las fracciones IX y X y la adici\u00f3n de la fracci\u00f3n XI del art\u00edculo 15; la reforma del segundo p\u00e1rrafo del art\u00edculo 81 y la adici\u00f3n del art\u00edculo 82 Bis; la adici\u00f3n del segundo p\u00e1rrafo del art\u00edculo 7; la creaci\u00f3n del art\u00edculo 15 Bis y la fracci\u00f3n IX del art\u00edculo 56; la adici\u00f3n del art\u00edculo 7 Bis; la reforma al inciso d) de la fracci\u00f3n II del art\u00edculo 12; la reforma al tercer p\u00e1rrafo de la fracci\u00f3n IV del art\u00edculo 20; la reforma del art\u00edculo 45 y su fracci\u00f3n X; as\u00ed como la reforma de la fracci\u00f3n X y la adici\u00f3n de la fracci\u00f3n XI del art\u00edculo 14.<\/p>\n\n\n\n<p><strong>EXHORTOS EN MATERIA EDUCATIVA<\/strong><\/p>\n\n\n\n<p>La LXIV Legislatura tambi\u00e9n aprob\u00f3 dict\u00e1menes para exhortar al titular de la Secretar\u00eda de Educaci\u00f3n Guerrero a que, en el \u00e1mbito de sus atribuciones y en coordinaci\u00f3n con la Secretar\u00eda de Finanzas y Administraci\u00f3n, realice los estudios t\u00e9cnicos, administrativos y presupuestarios necesarios para valorar la viabilidad de la rehabilitaci\u00f3n y reactivaci\u00f3n del Centro Infantil de Recreaci\u00f3n, Ciencia y Cultura (CIRCYC), e incluya las previsiones correspondientes en los proyectos de presupuesto de egresos de ejercicios fiscales subsecuentes, conforme a la disponibilidad financiera.<\/p>\n\n\n\n<p>Este exhorto fue propuesto por el diputado H\u00e9ctor Su\u00e1rez Basurto y fundamentado por la diputada Hilda Jennyfer Ponce Mendoza, a nombre de la Comisi\u00f3n de Educaci\u00f3n, Ciencia y Tecnolog\u00eda.<\/p>\n\n\n\n<p>Asimismo, se exhort\u00f3 a la Secretar\u00eda de Educaci\u00f3n Guerrero para que, en el \u00e1mbito de sus atribuciones, emita o actualice los criterios administrativos y circulares correspondientes, a fin de que en los procesos de inscripci\u00f3n y reinscripci\u00f3n en instituciones p\u00fablicas y privadas incorporadas al sistema educativo estatal no se condicione el acceso o permanencia del alumnado a la presentaci\u00f3n de actas de nacimiento con determinada vigencia o \u201cactualizaci\u00f3n\u201d, cuando dicho requisito no est\u00e9 expresamente previsto en la normatividad aplicable.<\/p>\n\n\n\n<p>Este exhorto fue presentado por el diputado Jes\u00fas Parra Garc\u00eda y fundamentado por la diputada Ma. del Pilar Badillo Ruiz, a nombre de la Comisi\u00f3n de Educaci\u00f3n, Ciencia y Tecnolog\u00eda.<\/p>\n\n\n\n<p><strong>OTROS DICT\u00c1MENES<\/strong><\/p>\n\n\n\n<p>El Pleno del Congreso de Guerrero aprob\u00f3 un dictamen por el que se autoriza a la maestra Evelyn Cecia Salgado Pineda, Gobernadora Constitucional del Estado Libre y Soberano de Guerrero, a dar en donaci\u00f3n pura, gratuita y simple dos (2) inmuebles ubicados en las colonias: Villas del Sol (antes Rosario Ibarra 2da. secci\u00f3n) y San Rafael Oriente, ubicados en Chilpancingo, propiedad del Gobierno del Estado, a favor del organismo p\u00fablico descentralizado de la Administraci\u00f3n P\u00fablica Federal, denominado Servicios de Salud del Instituto Mexicano del Seguro Social para el Bienestar (IMSS-Bienestar). Fundament\u00f3 la diputada Guadalupe Garc\u00eda Villalva en su calidad de presidenta de la Comisi\u00f3n de Hacienda.<\/p>\n\n\n\n<p>El Congreso del Estado aprob\u00f3 un dictamen por el que se autoriza a la maestra Evelyn Cecia Salgado Pineda, Gobernadora Constitucional del Estado Libre y Soberano de Guerrero, a dar en donaci\u00f3n pura, gratuita y simple el bien inmueble denominado Remanente I, del predio Tepango, ubicado en Chilpancingo, propiedad del Gobierno del Estado, a favor del Poder Judicial del Estado. Fundament\u00f3 el diputado Vladimir Barrera Fuerte como integrante de la Comisi\u00f3n de Hacienda.<\/p>\n\n\n\n<p><strong>INTERVENCIONES<\/strong><\/p>\n\n\n\n<p>La diputada Gloria Citlali Calixto Jim\u00e9nez, intervino con el tema la gobernanza municipal de cabildo abierto. Participaron tambi\u00e9n la diputada Aracely Ocampo Manzanares y el diputado Carlos Eduardo Bello Solano.<\/p>\n\n\n\n<p>La diputada Ma. Guadalupe Eguiluz Bautista, intervino con el tema: \u00abGuerrero y la Migraci\u00f3n: Compromiso Local Frente a un desaf\u00edo Global de Derechos Humanos.<\/p>\n\n\n\n<p><strong>Denuncia en <em>desdeabajo<\/em> Noticias! <\/strong><strong><\/strong><\/p>\n\n\n\n<p><strong><br><\/strong><strong>\u00bfConoces o tienes&nbsp;fotos y videos&nbsp;de alg\u00fan acto de posible negligencia, corrupci\u00f3n y abuso de autoridad? M\u00e1ndalo al&nbsp;WhatsApp:&nbsp; de desdeabajoNoticias: 7443262471.&nbsp;\u00a1Comp\u00e1rtelo! Nosotros le damos seguimiento.<\/strong><strong><\/strong><\/p>\n\n\n\n<p><a href=\"http:\/\/www.desdeabajo.com.mx\"><strong>www.desdeabajo.com.mx<\/strong><\/a><strong><\/strong><\/p>\n\n\n\n<p><strong>S\u00edguenos tambi\u00e9n en Twitter:<\/strong> <strong>@Yae31099C<\/strong><strong> <\/strong><strong>en Facebook: DesdeabajoAca:<\/strong><strong>https:\/\/www.facebook.com\/profile.php?id=1000636239783<\/strong><strong><\/strong><\/p>\n","protected":false},"excerpt":{"rendered":"<p>Se incorpora la perspectiva de g\u00e9nero como eje transversal en la educaci\u00f3n, en congruencia con el mandato constitucional y los compromisos internacionales asumidos por el Estado mexicano. Redacci\u00f3n\u2026 21\/04\/2026 Chilpancingo, Gro. El Congreso del Estado aprob\u00f3 reformas y adiciones a la Ley de Educaci\u00f3n del Estado de Guerrero para atender diversas problem\u00e1ticas que inciden directamente [&hellip;]<\/p>\n","protected":false},"author":1,"featured_media":51751,"comment_status":"closed","ping_status":"open","sticky":false,"template":"","format":"standard","meta":{"inline_featured_image":false,"advgb_blocks_editor_width":"","advgb_blocks_columns_visual_guide":"","footnotes":""},"categories":[7],"tags":[41],"class_list":["post-51750","post","type-post","status-publish","format-standard","has-post-thumbnail","hentry","category-legislativas","tag-destacadas"],"aioseo_notices":[],"author_meta":{"display_name":"admin8","author_link":"https:\/\/desdeabajo.com.mx\/?author=1"},"featured_img":"https:\/\/desdeabajo.com.mx\/wp-content\/uploads\/2026\/04\/cong-arueba-ref-educa-300x169.jpg","coauthors":[],"tax_additional":{"categories":{"linked":["<a href=\"https:\/\/desdeabajo.com.mx\/?cat=7\" class=\"advgb-post-tax-term\">Legislativas<\/a>"],"unlinked":["<span class=\"advgb-post-tax-term\">Legislativas<\/span>"]},"tags":{"linked":["<a href=\"https:\/\/desdeabajo.com.mx\/?cat=7\" class=\"advgb-post-tax-term\">destacadas<\/a>"],"unlinked":["<span class=\"advgb-post-tax-term\">destacadas<\/span>"]}},"comment_count":"0","relative_dates":{"created":"Publicado 4 d\u00edas hace","modified":"Actualizado 4 d\u00edas hace"},"absolute_dates":{"created":"Publicado el 21 de abril de 2026","modified":"Actualizado el 21 de abril de 2026"},"absolute_dates_time":{"created":"Publicado el 21 de abril de 2026 22:53","modified":"Actualizado el 21 de abril de 2026 22:54"},"featured_img_caption":"","series_order":"","_links":{"self":[{"href":"https:\/\/desdeabajo.com.mx\/index.php?rest_route=\/wp\/v2\/posts\/51750","targetHints":{"allow":["GET"]}}],"collection":[{"href":"https:\/\/desdeabajo.com.mx\/index.php?rest_route=\/wp\/v2\/posts"}],"about":[{"href":"https:\/\/desdeabajo.com.mx\/index.php?rest_route=\/wp\/v2\/types\/post"}],"author":[{"embeddable":true,"href":"https:\/\/desdeabajo.com.mx\/index.php?rest_route=\/wp\/v2\/users\/1"}],"replies":[{"embeddable":true,"href":"https:\/\/desdeabajo.com.mx\/index.php?rest_route=%2Fwp%2Fv2%2Fcomments&post=51750"}],"version-history":[{"count":1,"href":"https:\/\/desdeabajo.com.mx\/index.php?rest_route=\/wp\/v2\/posts\/51750\/revisions"}],"predecessor-version":[{"id":51752,"href":"https:\/\/desdeabajo.com.mx\/index.php?rest_route=\/wp\/v2\/posts\/51750\/revisions\/51752"}],"wp:featuredmedia":[{"embeddable":true,"href":"https:\/\/desdeabajo.com.mx\/index.php?rest_route=\/wp\/v2\/media\/51751"}],"wp:attachment":[{"href":"https:\/\/desdeabajo.com.mx\/index.php?rest_route=%2Fwp%2Fv2%2Fmedia&parent=51750"}],"wp:term":[{"taxonomy":"category","embeddable":true,"href":"https:\/\/desdeabajo.com.mx\/index.php?rest_route=%2Fwp%2Fv2%2Fcategories&post=51750"},{"taxonomy":"post_tag","embeddable":true,"href":"https:\/\/desdeabajo.com.mx\/index.php?rest_route=%2Fwp%2Fv2%2Ftags&post=51750"}],"curies":[{"name":"wp","href":"https:\/\/api.w.org\/{rel}","templated":true}]}}