{"id":51759,"date":"2026-04-22T12:55:56","date_gmt":"2026-04-22T18:55:56","guid":{"rendered":"https:\/\/desdeabajo.com.mx\/?p=51759"},"modified":"2026-04-22T12:56:29","modified_gmt":"2026-04-22T18:56:29","slug":"trabajador-del-congreso-del-estado-de-guerrero-podria-ir-a-prision-por-delito-de-violacion","status":"publish","type":"post","link":"https:\/\/desdeabajo.com.mx\/?p=51759","title":{"rendered":"Trabajador del Congreso del Estado de Guerrero podr\u00eda ir a prisi\u00f3n por delito de violaci\u00f3n."},"content":{"rendered":"<p><strong>***Justicia federal revoca impunidad en caso de violaci\u00f3n contra joven ind\u00edgena de la Monta\u00f1a\/ Juez federal ordena reabrir an\u00e1lisis del caso y considerar pruebas con perspectiva de g\u00e9nero<\/strong><\/p>\n<p><strong><em>Revoluci\u00f3n Monta\u00f1a<\/em><\/strong><\/p>\n<p><strong><em>21\/04\/2024<\/em><\/strong><\/p>\n<p><strong><em>Tlapa de Comonfort, Gro. <\/em><\/strong><\/p>\n<p>Una joven ind\u00edgena de la regi\u00f3n Monta\u00f1a de Guerrero logr\u00f3 que la justicia federal interviniera en su caso, luego de que un juez ordenara dejar sin efecto la resoluci\u00f3n que hab\u00eda permitido la liberaci\u00f3n de un trabajador del Congreso del Estado acusado de violaci\u00f3n.<\/p>\n<p>Los hechos se remontan al 17 de enero de 2025, cuando la v\u00edctima denunci\u00f3 haber sido agredida sexualmente. Sin embargo, en un inicio, el sistema de justicia estatal no vincul\u00f3 a proceso al imputado Emilio \u201cN\u201d, argumentando deficiencias en la carpeta de investigaci\u00f3n, lo que deriv\u00f3 en su liberaci\u00f3n y dej\u00f3 a la v\u00edctima en condici\u00f3n de vulnerabilidad.<\/p>\n<p>Posteriormente, la joven interpuso un recurso de apelaci\u00f3n, pero el magistrado correspondiente confirm\u00f3 la decisi\u00f3n del juez, manteniendo la no vinculaci\u00f3n a proceso y profundizando la sensaci\u00f3n de impunidad.<\/p>\n<p>Ante este escenario, la v\u00edctima recurri\u00f3 a la justicia federal mediante un amparo indirecto (600\/2025) promovido el 26 de mayo de 2025. Tras meses de seguimiento, el 19 de febrero de 2026, un juez federal emiti\u00f3 una resoluci\u00f3n clave que representa un giro en el caso.<\/p>\n<p>En su sentencia, orden\u00f3 a la Primera Sala Penal Unitaria del Sistema Penal Acusatorio del Poder Judicial del Estado de Guerrero dejar sin efecto la resoluci\u00f3n del 30 de abril de 2025 y emitir un nuevo fallo, en el que se analicen de manera integral los elementos de prueba.<\/p>\n<p>El juez federal estableci\u00f3 que, en delitos sexuales, la declaraci\u00f3n de la v\u00edctima es una prueba fundamental y debe valorarse junto con dict\u00e1menes m\u00e9dicos y psicol\u00f3gicos, considerando que estos hechos suelen ocurrir sin testigos. Asimismo, orden\u00f3 que el an\u00e1lisis se realice con perspectiva de g\u00e9nero y bajo criterios del sistema penal acusatorio, que se basa en grados de confirmaci\u00f3n y no en certezas absolutas.<\/p>\n<p>En este contexto, cobra especial relevancia el dictamen psicol\u00f3gico elaborado por una perito en la materia, en el que se acredit\u00f3 el da\u00f1o psicoemocional sufrido por la v\u00edctima como consecuencia de la agresi\u00f3n. Este elemento, clave para comprender la afectaci\u00f3n integral, fue minimizado en la resoluci\u00f3n emitida el 30 de abril por el magistrado, lo que contribuy\u00f3 a la decisi\u00f3n de no vincular a proceso al imputado.<\/p>\n<p>Ahora, con la sentencia federal, dicho dictamen deber\u00e1 ser considerado dentro del an\u00e1lisis conjunto de pruebas, fortaleciendo la valoraci\u00f3n del caso desde una perspectiva m\u00e1s amplia y con enfoque en los derechos de la v\u00edctima.<\/p>\n<p>El caso tambi\u00e9n ha estado marcado por la revictimizaci\u00f3n, ya que el imputado Emilio \u201cN\u201d, quien continu\u00f3 en libertad, declar\u00f3 p\u00fablicamente que la acusaci\u00f3n era falsa, utilizando la decisi\u00f3n judicial inicial como argumento de inocencia.<\/p>\n<p>Con la nueva resoluci\u00f3n federal, el proceso deber\u00e1 reencauzarse, obligando a las autoridades estatales a revisar el caso bajo est\u00e1ndares m\u00e1s estrictos y con enfoque en los derechos de la v\u00edctima.<\/p>\n<p>Este fallo representa no solo un avance en la b\u00fasqueda de justicia para la joven, sino tambi\u00e9n un precedente sobre la importancia de aplicar perspectiva de g\u00e9nero en la investigaci\u00f3n y sanci\u00f3n de delitos sexuales, especialmente en contextos de alta vulnerabilidad como las comunidades ind\u00edgenas de Guerrero.<\/p>\n<p><strong>\u00a0<\/strong><\/p>\n<p><strong>Denuncia en <em>desdeabajo<\/em> Noticias! <\/strong><\/p>\n<p><strong><br \/>\n<\/strong><strong>\u00bfConoces o tienes\u00a0fotos y videos\u00a0de alg\u00fan acto de posible negligencia, corrupci\u00f3n y abuso de autoridad? M\u00e1ndalo al\u00a0WhatsApp:\u00a0 de desdeabajoNoticias: 7443262471.\u00a0\u00a1Comp\u00e1rtelo! Nosotros le damos seguimiento.<\/strong><\/p>\n<p><a href=\"http:\/\/www.desdeabajo.com.mx\"><strong>www.desdeabajo.com.mx<\/strong><\/a><\/p>\n<p><strong>S\u00edguenos tambi\u00e9n en Twitter:<\/strong> <strong>@Yae31099C<\/strong> <strong>en Facebook: DesdeabajoAca:<\/strong><strong>https:\/\/www.facebook.com\/profile.php?id=1000636239783<\/strong><\/p>\n<p><strong>\u00a0<\/strong><\/p>\n","protected":false},"excerpt":{"rendered":"<p>***Justicia federal revoca impunidad en caso de violaci\u00f3n contra joven ind\u00edgena de la Monta\u00f1a\/ Juez federal ordena reabrir an\u00e1lisis del caso y considerar pruebas con perspectiva de g\u00e9nero Revoluci\u00f3n Monta\u00f1a 21\/04\/2024 Tlapa de Comonfort, Gro. Una joven ind\u00edgena de la regi\u00f3n Monta\u00f1a de Guerrero logr\u00f3 que la justicia federal interviniera en su caso, luego de [&hellip;]<\/p>\n","protected":false},"author":1,"featured_media":51760,"comment_status":"closed","ping_status":"open","sticky":false,"template":"","format":"standard","meta":{"inline_featured_image":false,"advgb_blocks_editor_width":"","advgb_blocks_columns_visual_guide":"","footnotes":""},"categories":[44],"tags":[41],"class_list":["post-51759","post","type-post","status-publish","format-standard","has-post-thumbnail","hentry","category-justicia","tag-destacadas"],"aioseo_notices":[],"author_meta":{"display_name":"admin8","author_link":"https:\/\/desdeabajo.com.mx\/?author=1"},"featured_img":"https:\/\/desdeabajo.com.mx\/wp-content\/uploads\/2026\/04\/foto-revolucion-300x169.jpg","coauthors":[],"tax_additional":{"categories":{"linked":["<a href=\"https:\/\/desdeabajo.com.mx\/?cat=44\" class=\"advgb-post-tax-term\">Justicia<\/a>"],"unlinked":["<span class=\"advgb-post-tax-term\">Justicia<\/span>"]},"tags":{"linked":["<a href=\"https:\/\/desdeabajo.com.mx\/?cat=44\" class=\"advgb-post-tax-term\">destacadas<\/a>"],"unlinked":["<span class=\"advgb-post-tax-term\">destacadas<\/span>"]}},"comment_count":"0","relative_dates":{"created":"Publicado 4 d\u00edas hace","modified":"Actualizado 4 d\u00edas hace"},"absolute_dates":{"created":"Publicado el 22 de abril de 2026","modified":"Actualizado el 22 de abril de 2026"},"absolute_dates_time":{"created":"Publicado el 22 de abril de 2026 12:55","modified":"Actualizado el 22 de abril de 2026 12:56"},"featured_img_caption":"","series_order":"","_links":{"self":[{"href":"https:\/\/desdeabajo.com.mx\/index.php?rest_route=\/wp\/v2\/posts\/51759","targetHints":{"allow":["GET"]}}],"collection":[{"href":"https:\/\/desdeabajo.com.mx\/index.php?rest_route=\/wp\/v2\/posts"}],"about":[{"href":"https:\/\/desdeabajo.com.mx\/index.php?rest_route=\/wp\/v2\/types\/post"}],"author":[{"embeddable":true,"href":"https:\/\/desdeabajo.com.mx\/index.php?rest_route=\/wp\/v2\/users\/1"}],"replies":[{"embeddable":true,"href":"https:\/\/desdeabajo.com.mx\/index.php?rest_route=%2Fwp%2Fv2%2Fcomments&post=51759"}],"version-history":[{"count":1,"href":"https:\/\/desdeabajo.com.mx\/index.php?rest_route=\/wp\/v2\/posts\/51759\/revisions"}],"predecessor-version":[{"id":51761,"href":"https:\/\/desdeabajo.com.mx\/index.php?rest_route=\/wp\/v2\/posts\/51759\/revisions\/51761"}],"wp:featuredmedia":[{"embeddable":true,"href":"https:\/\/desdeabajo.com.mx\/index.php?rest_route=\/wp\/v2\/media\/51760"}],"wp:attachment":[{"href":"https:\/\/desdeabajo.com.mx\/index.php?rest_route=%2Fwp%2Fv2%2Fmedia&parent=51759"}],"wp:term":[{"taxonomy":"category","embeddable":true,"href":"https:\/\/desdeabajo.com.mx\/index.php?rest_route=%2Fwp%2Fv2%2Fcategories&post=51759"},{"taxonomy":"post_tag","embeddable":true,"href":"https:\/\/desdeabajo.com.mx\/index.php?rest_route=%2Fwp%2Fv2%2Ftags&post=51759"}],"curies":[{"name":"wp","href":"https:\/\/api.w.org\/{rel}","templated":true}]}}