{"id":51784,"date":"2026-04-22T14:42:44","date_gmt":"2026-04-22T20:42:44","guid":{"rendered":"https:\/\/desdeabajo.com.mx\/?p=51784"},"modified":"2026-04-22T14:43:21","modified_gmt":"2026-04-22T20:43:21","slug":"renuncia-esthela-damian-a-consejeria-busca-gubernatura-de-guerrero-claudia-sheinbaum","status":"publish","type":"post","link":"https:\/\/desdeabajo.com.mx\/?p=51784","title":{"rendered":"Renuncia Esthela Dami\u00e1n a Consejer\u00eda; busca gubernatura de Guerrero: Claudia Sheinbaum"},"content":{"rendered":"<p><strong>Sheinbaum se\u00f1al\u00f3 que Alcalde analiza la invitaci\u00f3n y, en caso de aceptarla, deber\u00e1 separarse de la dirigencia partidista, lo que abrir\u00eda un proceso interno en Morena para definir a su relevo.<\/strong><\/p>\n<p><strong><em>\u00a0<\/em><\/strong><\/p>\n<p><strong><em>\u00a0<\/em><\/strong><\/p>\n<p><strong><em>\u00a0<\/em><\/strong><\/p>\n<p><strong><em>Redacci\u00f3n\u2026<\/em><\/strong><\/p>\n<p><strong><em>22\/04\/2026<\/em><\/strong><\/p>\n<p><strong><em>Ciudad de M\u00e9xico <\/em><\/strong><\/p>\n<p>La presidenta Claudia Sheinbaum Pardo confirm\u00f3 la renuncia de Esthela Dami\u00e1n Peralta a la Consejer\u00eda Jur\u00eddica del Ejecutivo Federal, con efecto al 30 de abril, luego de que manifest\u00f3 su intenci\u00f3n de buscar la candidatura a la gubernatura de Guerrero por Morena.<\/p>\n<p>En la conferencia de prensa la Ma\u00f1anera del Pueblo desde Palacio Nacional en la Ciudad de M\u00e9xico, la mandataria explic\u00f3 que esta decisi\u00f3n se apega al criterio que previamente estableci\u00f3 para integrantes del gobierno federal que aspiren a cargos de elecci\u00f3n popular, el cual obliga a separarse de sus funciones para participar en encuestas o procesos internos partidistas.<\/p>\n<p>Subray\u00f3 que no respalda a ning\u00fan aspirante. \u201cNo tengo candidatos ni candidatas\u201d, afirm\u00f3, al insistir en que todos los interesados deben competir en igualdad de condiciones, sin intervenci\u00f3n del Ejecutivo federal.<\/p>\n<p>Indic\u00f3 que Dami\u00e1n le expres\u00f3 su inter\u00e9s de trasladarse a Guerrero, su estado natal, para contender pol\u00edticamente, por lo que acordaron su salida del cargo una vez concluido el mes, a fin de llevar a cabo una entrega ordenada. Asimismo, reconoci\u00f3 su desempe\u00f1o al frente de la Consejer\u00eda Jur\u00eddica, donde coordin\u00f3 la revisi\u00f3n de leyes, decretos y diversos asuntos legales del Gobierno de M\u00e9xico.<\/p>\n<p>En ese contexto, la presidenta inform\u00f3 que invit\u00f3 a Luisa Mar\u00eda Alcalde, actual dirigente nacional de Morena, a asumir la titularidad de la Consejer\u00eda Jur\u00eddica. Destac\u00f3 su perfil como abogada y su experiencia en el servicio p\u00fablico durante el gobierno del expresidente Andr\u00e9s Manuel L\u00f3pez Obrador, donde particip\u00f3 en temas relevantes, incluida la reforma al Poder Judicial.<\/p>\n<p>Sheinbaum se\u00f1al\u00f3 que Alcalde analiza la invitaci\u00f3n y, en caso de aceptarla, deber\u00e1 separarse de la dirigencia partidista, lo que abrir\u00eda un proceso interno en Morena para definir a su relevo.<\/p>\n<p>Respecto a versiones sobre Ariadna Montiel, la presidenta no confirm\u00f3 ni descart\u00f3 su posible participaci\u00f3n en Morena, aunque reiter\u00f3 que cualquier integrante del gobierno que busque contender deber\u00e1 renunciar a su cargo conforme a las reglas establecidas.<\/p>\n<p><strong>\u00a0<\/strong><\/p>\n<p><strong>Denuncia en <em>desdeabajo<\/em> Noticias! <\/strong><\/p>\n<p><strong><br \/>\n<\/strong><strong>\u00bfConoces o tienes\u00a0fotos y videos\u00a0de alg\u00fan acto de posible negligencia, corrupci\u00f3n y abuso de autoridad? M\u00e1ndalo al\u00a0WhatsApp:\u00a0 de desdeabajoNoticias: 7443262471.\u00a0\u00a1Comp\u00e1rtelo! Nosotros le damos seguimiento.<\/strong><\/p>\n<p><a href=\"http:\/\/www.desdeabajo.com.mx\"><strong>www.desdeabajo.com.mx<\/strong><\/a><\/p>\n<p><strong>S\u00edguenos tambi\u00e9n en Twitter:<\/strong> <strong>@Yae31099C<\/strong> <strong>en Facebook: DesdeabajoAca:<\/strong><strong>https:\/\/www.facebook.com\/profile.php?id=1000636239783<\/strong><\/p>\n<p><strong>\u00a0<\/strong><\/p>\n","protected":false},"excerpt":{"rendered":"<p>Sheinbaum se\u00f1al\u00f3 que Alcalde analiza la invitaci\u00f3n y, en caso de aceptarla, deber\u00e1 separarse de la dirigencia partidista, lo que abrir\u00eda un proceso interno en Morena para definir a su relevo. \u00a0 \u00a0 \u00a0 Redacci\u00f3n\u2026 22\/04\/2026 Ciudad de M\u00e9xico La presidenta Claudia Sheinbaum Pardo confirm\u00f3 la renuncia de Esthela Dami\u00e1n Peralta a la Consejer\u00eda Jur\u00eddica [&hellip;]<\/p>\n","protected":false},"author":1,"featured_media":51785,"comment_status":"closed","ping_status":"open","sticky":false,"template":"","format":"standard","meta":{"inline_featured_image":false,"advgb_blocks_editor_width":"","advgb_blocks_columns_visual_guide":"","footnotes":""},"categories":[42],"tags":[41],"class_list":["post-51784","post","type-post","status-publish","format-standard","has-post-thumbnail","hentry","category-national","tag-destacadas"],"aioseo_notices":[],"author_meta":{"display_name":"admin8","author_link":"https:\/\/desdeabajo.com.mx\/?author=1"},"featured_img":"https:\/\/desdeabajo.com.mx\/wp-content\/uploads\/2026\/04\/esthela-mananera-300x169.jpg","coauthors":[],"tax_additional":{"categories":{"linked":["<a href=\"https:\/\/desdeabajo.com.mx\/?cat=42\" class=\"advgb-post-tax-term\">National<\/a>"],"unlinked":["<span class=\"advgb-post-tax-term\">National<\/span>"]},"tags":{"linked":["<a href=\"https:\/\/desdeabajo.com.mx\/?cat=42\" class=\"advgb-post-tax-term\">destacadas<\/a>"],"unlinked":["<span class=\"advgb-post-tax-term\">destacadas<\/span>"]}},"comment_count":"0","relative_dates":{"created":"Publicado 5 d\u00edas hace","modified":"Actualizado 5 d\u00edas hace"},"absolute_dates":{"created":"Publicado el 22 de abril de 2026","modified":"Actualizado el 22 de abril de 2026"},"absolute_dates_time":{"created":"Publicado el 22 de abril de 2026 14:42","modified":"Actualizado el 22 de abril de 2026 14:43"},"featured_img_caption":"","series_order":"","_links":{"self":[{"href":"https:\/\/desdeabajo.com.mx\/index.php?rest_route=\/wp\/v2\/posts\/51784","targetHints":{"allow":["GET"]}}],"collection":[{"href":"https:\/\/desdeabajo.com.mx\/index.php?rest_route=\/wp\/v2\/posts"}],"about":[{"href":"https:\/\/desdeabajo.com.mx\/index.php?rest_route=\/wp\/v2\/types\/post"}],"author":[{"embeddable":true,"href":"https:\/\/desdeabajo.com.mx\/index.php?rest_route=\/wp\/v2\/users\/1"}],"replies":[{"embeddable":true,"href":"https:\/\/desdeabajo.com.mx\/index.php?rest_route=%2Fwp%2Fv2%2Fcomments&post=51784"}],"version-history":[{"count":1,"href":"https:\/\/desdeabajo.com.mx\/index.php?rest_route=\/wp\/v2\/posts\/51784\/revisions"}],"predecessor-version":[{"id":51786,"href":"https:\/\/desdeabajo.com.mx\/index.php?rest_route=\/wp\/v2\/posts\/51784\/revisions\/51786"}],"wp:featuredmedia":[{"embeddable":true,"href":"https:\/\/desdeabajo.com.mx\/index.php?rest_route=\/wp\/v2\/media\/51785"}],"wp:attachment":[{"href":"https:\/\/desdeabajo.com.mx\/index.php?rest_route=%2Fwp%2Fv2%2Fmedia&parent=51784"}],"wp:term":[{"taxonomy":"category","embeddable":true,"href":"https:\/\/desdeabajo.com.mx\/index.php?rest_route=%2Fwp%2Fv2%2Fcategories&post=51784"},{"taxonomy":"post_tag","embeddable":true,"href":"https:\/\/desdeabajo.com.mx\/index.php?rest_route=%2Fwp%2Fv2%2Ftags&post=51784"}],"curies":[{"name":"wp","href":"https:\/\/api.w.org\/{rel}","templated":true}]}}