{"id":51828,"date":"2026-04-22T19:50:36","date_gmt":"2026-04-23T01:50:36","guid":{"rendered":"https:\/\/desdeabajo.com.mx\/?p=51828"},"modified":"2026-04-22T19:50:52","modified_gmt":"2026-04-23T01:50:52","slug":"alcaldias-de-la-ciudad-de-mexico-deberan-ampliar-jardines-polinizadores","status":"publish","type":"post","link":"https:\/\/desdeabajo.com.mx\/?p=51828","title":{"rendered":"Alcald\u00edas de la Ciudad de M\u00e9xico deber\u00e1n ampliar jardines polinizadores"},"content":{"rendered":"\n<p>+ En el Congreso capitalino se aprob\u00f3 una propuesta en el marco del \u201cD\u00eda Internacional de la Madre Tierra\u201d, que se conmemora cada 22 de abril<\/p>\n\n\n\n<p>Ciudad de M\u00e9xico<\/p>\n\n\n\n<p>22\/04\/2026<\/p>\n\n\n\n<p>A fin de contribuir a la conservaci\u00f3n de la biodiversidad de la Ciudad de M\u00e9xico, las 16 alcald\u00edas -en coordinaci\u00f3n con la Secretar\u00eda del Medio Ambiente (SEDEMA)- deber\u00e1n ampliar los jardines polinizadores de sus demarcaciones, as\u00ed como fortalecer la concientizaci\u00f3n de los habitantes de esta metr\u00f3poli sobre la protecci\u00f3n de los ecosistemas.<\/p>\n\n\n\n<p>En su Sesi\u00f3n Ordinaria del pasado 8 de abril, el Congreso capitalino aprob\u00f3 una propuesta del diputado Pablo Trejo P\u00e9rez enmarcada en el \u201cD\u00eda Internacional de la Madre Tierra\u201d, que se conmemora cada 22 de abril.<\/p>\n\n\n\n<p>\u201cEsta fecha representa m\u00e1s que una referencia en nuestro calendario c\u00edvico. Es un llamado a la reflexi\u00f3n profunda y, sobre todo, a la acci\u00f3n urgente frente a la problem\u00e1tica global, como la crisis clim\u00e1tica, la contaminaci\u00f3n y la alarmante p\u00e9rdida de biodiversidad provocada por la actividad humana\u201d, puntualiz\u00f3.<\/p>\n\n\n\n<p>Desde la tribuna, expres\u00f3 que la capital del pa\u00eds no es ajena a esta realidad, ya que enfrenta retos ambientales cada vez m\u00e1s complejos a consecuencia del crecimiento urbano, la p\u00e9rdida de vegetaci\u00f3n nativa y el deterioro progresivo de las \u00e1reas verdes.<\/p>\n\n\n\n<p>El Vicecoordinador del Grupo Parlamentario del PRD explic\u00f3 que en el ecosistema de esta metr\u00f3poli existen seres que a menudo pasan desapercibidos para la gente, pero cuya labor es el pilar de la supervivencia, y que \u00e9stos son los polinizadores.<\/p>\n\n\n\n<p>\u201cLos murci\u00e9lagos, las abejas, las mariposas y los colibr\u00edes embellecen nuestras calles y, adem\u00e1s, son refugios vivos esenciales para la reproducci\u00f3n de miles de especies vegetales\u201d, detall\u00f3.<\/p>\n\n\n\n<p>Al respecto, resalt\u00f3 que m\u00e1s del 70 por ciento de los cultivos que consume la poblaci\u00f3n depende directa o indirectamente del trabajo de estos polinizadores, por lo cual su protecci\u00f3n es una prioridad ambiental de primer orden.<\/p>\n\n\n\n<p>Lamentablemente, expres\u00f3 que la fragmentaci\u00f3n del h\u00e1bitat los ha dejado sin espacios seguros. \u201cLa conservaci\u00f3n del medio ambiente de nuestra capital ya no puede limitarse exclusivamente a proteger las grandes \u00e1reas de conservaci\u00f3n.<\/p>\n\n\n\n<p>Debe extenderse a las calles, a los espacios de proximidad, que forman parte de la vida cotidiana de las y los ciudadanos\u201d, consider\u00f3.<\/p>\n\n\n\n<p>En ese contexto, Trejo P\u00e9rez reconoci\u00f3 el esfuerzo de la SEDEMA porque desde 2019 impulsa la estrategia de \u201cjardines para la vida\u201d, y que gracias a \u00e9sta se ha logrado la instalaci\u00f3n de m\u00e1s de mil jardines polinizadores con flora nativa y se ha capacitado a m\u00e1s de mil 200 personas en la conservaci\u00f3n urbana.<\/p>\n\n\n\n<p>\u201cSin embargo, frente al tama\u00f1o de nuestra ciudad, este esfuerzo debe multiplicarse. La expansi\u00f3n de estos jardines ha demostrado que cuando se integran espacios comunitarios -parques, camellones, unidades habitacionales e incluso los PILARES- se logran beneficios ambientales visibles\u201d, recalc\u00f3.<\/p>\n\n\n\n<p>Por ello, agreg\u00f3, es fundamental que todas las alcald\u00edas capitalinas procuren destinar al menos el uno por ciento del presupuesto total asignado al rubro del medio ambiente, cambio clim\u00e1tico y bienestar animal.<\/p>\n\n\n\n<p>Finalmente, el representante popular consider\u00f3 que apostar por estos refugios biol\u00f3gicos permitir\u00e1n que la capital resista el embate del cambio clim\u00e1tico y, al mismo tiempo, evolucione hacia una convivencia arm\u00f3nica y legalmente responsable con su biodiversidad.<\/p>\n\n\n\n<p><a href=\"mailto:abelardo_zarate@hotmail.com\">serieys@hotmail.com<\/a><\/p>\n","protected":false},"excerpt":{"rendered":"<p>+ En el Congreso capitalino se aprob\u00f3 una propuesta en el marco del \u201cD\u00eda Internacional de la Madre Tierra\u201d, que se conmemora cada 22 de abril Ciudad de M\u00e9xico 22\/04\/2026 A fin de contribuir a la conservaci\u00f3n de la biodiversidad de la Ciudad de M\u00e9xico, las 16 alcald\u00edas -en coordinaci\u00f3n con la Secretar\u00eda del Medio [&hellip;]<\/p>\n","protected":false},"author":1,"featured_media":51830,"comment_status":"closed","ping_status":"open","sticky":false,"template":"","format":"standard","meta":{"inline_featured_image":false,"advgb_blocks_editor_width":"","advgb_blocks_columns_visual_guide":"","footnotes":""},"categories":[32,82],"tags":[],"class_list":["post-51828","post","type-post","status-publish","format-standard","has-post-thumbnail","hentry","category-ciudad-de-mexico","category-congresos"],"aioseo_notices":[],"author_meta":{"display_name":"admin8","author_link":"https:\/\/desdeabajo.com.mx\/?author=1"},"featured_img":"https:\/\/desdeabajo.com.mx\/wp-content\/uploads\/2026\/04\/ccm-alcaldias2204-300x200.jpg","coauthors":[],"tax_additional":{"categories":{"linked":["<a href=\"https:\/\/desdeabajo.com.mx\/?cat=32\" class=\"advgb-post-tax-term\">Ciudad de M\u00e9xico<\/a>","<a href=\"https:\/\/desdeabajo.com.mx\/?cat=82\" class=\"advgb-post-tax-term\">Congresos<\/a>"],"unlinked":["<span class=\"advgb-post-tax-term\">Ciudad de M\u00e9xico<\/span>","<span class=\"advgb-post-tax-term\">Congresos<\/span>"]}},"comment_count":"0","relative_dates":{"created":"Publicado 3 d\u00edas hace","modified":"Actualizado 3 d\u00edas hace"},"absolute_dates":{"created":"Publicado el 22 de abril de 2026","modified":"Actualizado el 22 de abril de 2026"},"absolute_dates_time":{"created":"Publicado el 22 de abril de 2026 19:50","modified":"Actualizado el 22 de abril de 2026 19:50"},"featured_img_caption":"","series_order":"","_links":{"self":[{"href":"https:\/\/desdeabajo.com.mx\/index.php?rest_route=\/wp\/v2\/posts\/51828","targetHints":{"allow":["GET"]}}],"collection":[{"href":"https:\/\/desdeabajo.com.mx\/index.php?rest_route=\/wp\/v2\/posts"}],"about":[{"href":"https:\/\/desdeabajo.com.mx\/index.php?rest_route=\/wp\/v2\/types\/post"}],"author":[{"embeddable":true,"href":"https:\/\/desdeabajo.com.mx\/index.php?rest_route=\/wp\/v2\/users\/1"}],"replies":[{"embeddable":true,"href":"https:\/\/desdeabajo.com.mx\/index.php?rest_route=%2Fwp%2Fv2%2Fcomments&post=51828"}],"version-history":[{"count":1,"href":"https:\/\/desdeabajo.com.mx\/index.php?rest_route=\/wp\/v2\/posts\/51828\/revisions"}],"predecessor-version":[{"id":51831,"href":"https:\/\/desdeabajo.com.mx\/index.php?rest_route=\/wp\/v2\/posts\/51828\/revisions\/51831"}],"wp:featuredmedia":[{"embeddable":true,"href":"https:\/\/desdeabajo.com.mx\/index.php?rest_route=\/wp\/v2\/media\/51830"}],"wp:attachment":[{"href":"https:\/\/desdeabajo.com.mx\/index.php?rest_route=%2Fwp%2Fv2%2Fmedia&parent=51828"}],"wp:term":[{"taxonomy":"category","embeddable":true,"href":"https:\/\/desdeabajo.com.mx\/index.php?rest_route=%2Fwp%2Fv2%2Fcategories&post=51828"},{"taxonomy":"post_tag","embeddable":true,"href":"https:\/\/desdeabajo.com.mx\/index.php?rest_route=%2Fwp%2Fv2%2Ftags&post=51828"}],"curies":[{"name":"wp","href":"https:\/\/api.w.org\/{rel}","templated":true}]}}