{"id":51851,"date":"2026-04-23T22:08:14","date_gmt":"2026-04-24T04:08:14","guid":{"rendered":"https:\/\/desdeabajo.com.mx\/?p=51851"},"modified":"2026-04-23T22:08:34","modified_gmt":"2026-04-24T04:08:34","slug":"los-dirigentes-de-los-grupos-de-poder-de-morena-en-guerrero-no-digieren-la-participacion-de-esthela-damian-peralta-como-candidata-a-la-gubernatura-del-estado","status":"publish","type":"post","link":"https:\/\/desdeabajo.com.mx\/?p=51851","title":{"rendered":"Los dirigentes de los grupos de poder de MORENA en Guerrero no digieren la participaci\u00f3n de Esthela Dam\u00edan Peralta como candidata a la gubernatura del estado"},"content":{"rendered":"<p><strong>ATR\u00c1S DE LA RAYA<\/strong><\/p>\n<p><strong>Los dirigentes de los grupos de poder de MORENA en Guerrero no digieren la participaci\u00f3n de Esthela Dam\u00edan Peralta como candidata a la gubernatura del estado<\/strong><\/p>\n<p><strong>Heliodoro Cerros Flores<\/strong><\/p>\n<p><strong>\u00a0<\/strong><\/p>\n<p>El dirigente estatal de Morena en Guerrero, Jacinto Gonz\u00e1lez Varona, no cuid\u00f3 las formas para mostrar su molestia, su inconformidad, por el anuncio que hizo la propia presidenta, Claudia Sheinbaum Pardo, sobre la renuncia de Esthela Dam\u00edan Peralta, a la Consejer\u00eda Jur\u00eddica, para participar como candidata a la gubernatura de esta entidad federativa en el proceso electoral de 2027.<\/p>\n<p>En entrevista que concedi\u00f3 a representantes de diversos medios de comunicaci\u00f3n, Jacinto Gonz\u00e1lez Varona no pudo ocultar su \u201cdesaprobaci\u00f3n\u201d al anuncio de la participaci\u00f3n de Esth\u00e9la Dam\u00edan Peralta en los comicios electorales del 2027 en Guerrero a pesar de que intent\u00f3 matizar su posici\u00f3n d\u00e1ndole la \u201cbienvenida\u201d.<\/p>\n<p>El dirigente estatal de Morena asegur\u00f3 que los m\u00e1s felices con\u00a0 el anuncio de la participaci\u00f3n de Esthela Dam\u00edan P\u00e8ralta en busca de la gubernatura en 2027, son los priistas como Cuauht\u00e9moc Salgado Romero, quienes siempre la han acompa\u00f1ado y se declararon listos para la contienda \u00a0Electoral.<\/p>\n<p><img fetchpriority=\"high\" decoding=\"async\" class=\"alignnone  wp-image-51852\" src=\"http:\/\/desdeabajo.com.mx\/wp-content\/uploads\/2026\/04\/chinto-ivan-300x200.jpg\" alt=\"\" width=\"864\" height=\"576\" srcset=\"https:\/\/desdeabajo.com.mx\/wp-content\/uploads\/2026\/04\/chinto-ivan-300x200.jpg 300w, https:\/\/desdeabajo.com.mx\/wp-content\/uploads\/2026\/04\/chinto-ivan.jpg 590w\" sizes=\"(max-width: 864px) 100vw, 864px\" \/><\/p>\n<p>En ese tono, y al pregunt\u00e1rsele si el apoyo de los pri\u00edstas no demerita la candidatura de Esthela Dam\u00edan Peralta por parte de Morena a la gubernatura del Estado, Jacinto Gonz\u00e1lez varona, manifest\u00f3 que sobre ese tema la militancia del partido guinda y el pueblo de Guerrero son \u00a0quienes habr\u00e1n de decidir.<\/p>\n<p>Para reforzar sus dichos, el dirigente estatal de Morena sostuvo que la militancia del partido guinda y los guerrerenses saben qui\u00e9nes han caminado compartiendo sus problemas, quienes desde hace 20, 15, 10 a\u00f1os han estado aqu\u00ed en la lucha, saben qui\u00e9nes han acompa\u00f1ado las luchas sociales, quienes han estado en las colonias y las comunidades y saben qui\u00e9nes han vivido los problemas que padecen.<\/p>\n<p>La base, la militancia de morena tiene mucha conciencia hist\u00f3rica, nosotros venimos de la lucha social, de la lucha contra el cacicazgo del PRI, subray\u00f3.<\/p>\n<p><img decoding=\"async\" class=\"alignnone  wp-image-51853\" src=\"http:\/\/desdeabajo.com.mx\/wp-content\/uploads\/2026\/04\/clauesthela-300x177.jpg\" alt=\"\" width=\"946\" height=\"558\" srcset=\"https:\/\/desdeabajo.com.mx\/wp-content\/uploads\/2026\/04\/clauesthela-300x177.jpg 300w, https:\/\/desdeabajo.com.mx\/wp-content\/uploads\/2026\/04\/clauesthela.jpg 590w\" sizes=\"(max-width: 946px) 100vw, 946px\" \/><\/p>\n<p>Respecto a la configuraci\u00f3n de un \u201cdedazo\u201d al anuncio oficial, por parte de la presidenta, Claudia Sheinbaum Pardo, de la participaci\u00f3n de Esthela Dam\u00edan Peralta como candidata a la gubernatura del Estado de Guerrero, Gonz\u00e1lez Varona resalt\u00f3 que la propia primer mandataria del pa\u00eds ha manifestado que ella no tiene candidatas ni candidatos en el proceso electoral de 2027, sin \u00a0embargo, adelant\u00f3 que los intentos de imposici\u00f3n o \u201cdedazos\u201d se blindar\u00e1n con la Comisi\u00f3n \u00a0Nacional de Encuestas.<\/p>\n<p>Pero los resbalones de Jacinto Gonz\u00e1lez Varona no quedaron ah\u00ed, ya que al verse obligado a reconocer la participaci\u00f3n de Esthela Dam\u00edan Peralta como precandidata de Morena, adelant\u00f3 que cu\u00e1ndo la exfuncionaria federal llegue a Guerrero si ella lo busca ser\u00e1 atendida igual si busca su atenci\u00f3n la senadora ,Beatriz Mojica Morga, y el senador, que no mencion\u00f3 su nombre, pero en clara referencia al senador, F\u00e9lix Salgado Macedonio.<\/p>\n<p>Y si se recuerda, desde el bloqueo que impuso la dirigencia nacional, en Guerrero el dirigente de Morena, Jacinto Gonz\u00e1lez Varona, asumi\u00f3 la posici\u00f3n de descartar la participaci\u00f3n del senador, F\u00e9lix Salgado Macedonio, como candidato a la gubernatura del Estado al hacerlo sujeto de la Ley contra el Nepotismo, sin embargo, hoy al declarar que recibir\u00eda y atender\u00eda a todos los candidatos del partido guinda, se le sali\u00f3 que atender\u00eda y acompa\u00f1ar\u00eda al propio senador si este as\u00ed lo requer\u00eda. Es decir, ya lo encart\u00f3 a pesar de considerar que el \u201ctablero\u201d electoral \u2013de los candidatos que han manejado &#8211; sigue siendo el mismo.<\/p>\n<p><img decoding=\"async\" class=\"alignnone  wp-image-51854\" src=\"http:\/\/desdeabajo.com.mx\/wp-content\/uploads\/2026\/04\/fsmclau-300x181.jpg\" alt=\"\" width=\"840\" height=\"507\" srcset=\"https:\/\/desdeabajo.com.mx\/wp-content\/uploads\/2026\/04\/fsmclau-300x181.jpg 300w, https:\/\/desdeabajo.com.mx\/wp-content\/uploads\/2026\/04\/fsmclau.jpg 590w\" sizes=\"(max-width: 840px) 100vw, 840px\" \/><\/p>\n<p>En este escenario, el senador, F\u00e9lix salgado Macedonio, hizo p\u00fablico su reconocimiento y le \u00a0dio la bienvenida a Esthela Dam\u00edan peralta a la contienda electoral del 2027 y s\u00f3lo se espera que se defina si es considerado para participar en la encuesta oficial de Morena para definir al candidato o a la candidata a la gubernatura del Estado de Guerrero, para definir el destino\u00a0 del fuerte capital pol\u00edtico que lo apoya.<\/p>\n<p>Respecto a sus aspiraciones personales, Jacinto Gonz\u00e1lez Varona manifest\u00f3 que no se encarta ni se descarta, que adem\u00e1s de una decisi\u00f3n personal tiene que ser consultada y contar con el respaldo de su equipo, que cuenta con una amplia y s\u00f3lida estructura estatal y del cual tambi\u00e9n forma parte el delegado federal, Iv\u00e1n Hern\u00e1ndez D\u00edaz, que se encuentra bien posesionado y ha manifestado su inter\u00e9s de participar, subray\u00f3.<\/p>\n<p>As\u00ed, la decisi\u00f3n de Esthela Dam\u00edan Peralta de participar en la encuesta para elegir al candidato o a la candidata de Morena a la gubernatura del Estado de Guerrero, est\u00e1 rompiendo los esquemas que hab\u00edan dise\u00f1ado los grupos de poder al interior del partido guinda, que hab\u00edan \u00a0dejado fuera de la contienda al senador, F\u00e9lix Salgado Macedonio, y hab\u00edan empoderado al delegado federal, Iv\u00e1n Hern\u00e1ndez D\u00edaz, y a la senadora, Beatriz Mojica Morga\u2026Veremos.<\/p>\n<p><strong>Denuncia en <em>desdeabajo<\/em> Noticias! <\/strong><\/p>\n<p><strong><br \/>\n<\/strong><strong>\u00bfConoces o tienes\u00a0fotos y videos\u00a0de alg\u00fan acto de posible negligencia, corrupci\u00f3n y abuso de autoridad? M\u00e1ndalo al\u00a0WhatsApp:\u00a0 de desdeabajoNoticias: 7443262471.\u00a0\u00a1Comp\u00e1rtelo! Nosotros le damos seguimiento.<\/strong><\/p>\n<p><a href=\"http:\/\/www.desdeabajo.com.mx\"><strong>www.desdeabajo.com.mx<\/strong><\/a><\/p>\n<p><strong>S\u00edguenos tambi\u00e9n en Twitter:<\/strong> <strong>@Yae31099C<\/strong> <strong>en Facebook: DesdeabajoAca:<\/strong><strong>https:\/\/www.facebook.com\/profile.php?id=1000636239783<\/strong><\/p>\n<p><strong>\u00a0<\/strong><\/p>\n","protected":false},"excerpt":{"rendered":"<p>ATR\u00c1S DE LA RAYA Los dirigentes de los grupos de poder de MORENA en Guerrero no digieren la participaci\u00f3n de Esthela Dam\u00edan Peralta como candidata a la gubernatura del estado Heliodoro Cerros Flores \u00a0 El dirigente estatal de Morena en Guerrero, Jacinto Gonz\u00e1lez Varona, no cuid\u00f3 las formas para mostrar su molestia, su inconformidad, por [&hellip;]<\/p>\n","protected":false},"author":1,"featured_media":41383,"comment_status":"closed","ping_status":"open","sticky":false,"template":"","format":"standard","meta":{"inline_featured_image":false,"advgb_blocks_editor_width":"","advgb_blocks_columns_visual_guide":"","footnotes":""},"categories":[36],"tags":[],"class_list":["post-51851","post","type-post","status-publish","format-standard","has-post-thumbnail","hentry","category-opinion"],"aioseo_notices":[],"author_meta":{"display_name":"admin8","author_link":"https:\/\/desdeabajo.com.mx\/?author=1"},"featured_img":"https:\/\/desdeabajo.com.mx\/wp-content\/uploads\/2025\/06\/Heliodoro-Cerros.jpg","coauthors":[],"tax_additional":{"categories":{"linked":["<a href=\"https:\/\/desdeabajo.com.mx\/?cat=36\" class=\"advgb-post-tax-term\">Opinion<\/a>"],"unlinked":["<span class=\"advgb-post-tax-term\">Opinion<\/span>"]}},"comment_count":"0","relative_dates":{"created":"Publicado 2 d\u00edas hace","modified":"Actualizado 2 d\u00edas hace"},"absolute_dates":{"created":"Publicado el 23 de abril de 2026","modified":"Actualizado el 23 de abril de 2026"},"absolute_dates_time":{"created":"Publicado el 23 de abril de 2026 22:08","modified":"Actualizado el 23 de abril de 2026 22:08"},"featured_img_caption":"","series_order":"","_links":{"self":[{"href":"https:\/\/desdeabajo.com.mx\/index.php?rest_route=\/wp\/v2\/posts\/51851","targetHints":{"allow":["GET"]}}],"collection":[{"href":"https:\/\/desdeabajo.com.mx\/index.php?rest_route=\/wp\/v2\/posts"}],"about":[{"href":"https:\/\/desdeabajo.com.mx\/index.php?rest_route=\/wp\/v2\/types\/post"}],"author":[{"embeddable":true,"href":"https:\/\/desdeabajo.com.mx\/index.php?rest_route=\/wp\/v2\/users\/1"}],"replies":[{"embeddable":true,"href":"https:\/\/desdeabajo.com.mx\/index.php?rest_route=%2Fwp%2Fv2%2Fcomments&post=51851"}],"version-history":[{"count":1,"href":"https:\/\/desdeabajo.com.mx\/index.php?rest_route=\/wp\/v2\/posts\/51851\/revisions"}],"predecessor-version":[{"id":51855,"href":"https:\/\/desdeabajo.com.mx\/index.php?rest_route=\/wp\/v2\/posts\/51851\/revisions\/51855"}],"wp:featuredmedia":[{"embeddable":true,"href":"https:\/\/desdeabajo.com.mx\/index.php?rest_route=\/wp\/v2\/media\/41383"}],"wp:attachment":[{"href":"https:\/\/desdeabajo.com.mx\/index.php?rest_route=%2Fwp%2Fv2%2Fmedia&parent=51851"}],"wp:term":[{"taxonomy":"category","embeddable":true,"href":"https:\/\/desdeabajo.com.mx\/index.php?rest_route=%2Fwp%2Fv2%2Fcategories&post=51851"},{"taxonomy":"post_tag","embeddable":true,"href":"https:\/\/desdeabajo.com.mx\/index.php?rest_route=%2Fwp%2Fv2%2Ftags&post=51851"}],"curies":[{"name":"wp","href":"https:\/\/api.w.org\/{rel}","templated":true}]}}