{"id":51867,"date":"2026-04-23T23:37:52","date_gmt":"2026-04-24T05:37:52","guid":{"rendered":"https:\/\/desdeabajo.com.mx\/?p=51867"},"modified":"2026-04-23T23:38:15","modified_gmt":"2026-04-24T05:38:15","slug":"destinar-recursos-para-los-espacios-deportivos-siempre-va-a-ser-una-buena-inversion-evelyn-salgado","status":"publish","type":"post","link":"https:\/\/desdeabajo.com.mx\/?p=51867","title":{"rendered":"Destinar recursos para los espacios deportivos siempre va a ser una buena inversi\u00f3n: Evelyn Salgado"},"content":{"rendered":"<p><strong>\u00a0<\/strong><strong>*Inaugura la gobernadora la rehabilitaci\u00f3n integral de la UDA; se destinaron m\u00e1s de 40 MDP\u00a0\/*Se rehabilitaron m\u00e1s de 20 mil metros cuadrados de \u00e1reas como canchas, techados y pista de atletismo, entre otros<\/strong><\/p>\n<p><strong>\u00a0<\/strong><\/p>\n<p><strong>\u00a0<\/strong><\/p>\n<p><strong><em>Redacci\u00f3n\u2026<\/em><\/strong><\/p>\n<p><strong><em>23\/04\/2026<\/em><\/strong><\/p>\n<p><strong><em>Acapulco, Gro.<\/em><\/strong><\/p>\n<p><strong><em>\u00a0<\/em><\/strong><\/p>\n<p><strong>\u00a0<\/strong><\/p>\n<p>\u201cEstamos convencidos de que destinar recursos para los espacios deportivos siempre va a ser una buena inversi\u00f3n, nunca va a ser un gasto, siempre es una buena inversi\u00f3n\u201d, expres\u00f3 la gobernadora Evelyn Salgado Pineda durante la inauguraci\u00f3n de la rehabilitaci\u00f3n integral de la Unidad Deportiva Acapulco (UDA), en donde se destin\u00f3 una inversi\u00f3n de m\u00e1s de 40 millones de pesos, para la intervenci\u00f3n en \u00e1reas estrat\u00e9gicas.<\/p>\n<p>Acompa\u00f1ada por deportistas de diversas disciplinas y autoridades, la mandataria estatal dijo que con esta rehabilitaci\u00f3n, la UDA se convierte en un espacio digno, seguro y equipado para todos los j\u00f3venes, ni\u00f1as, ni\u00f1os y para todos los acapulque\u00f1os. Detall\u00f3 que como parte de esta acci\u00f3n integral, se trabaj\u00f3 en \u00e1reas como las canchas de futbol y beisbol, el techado de las canchas de basquetbol, la pista de atletismo, se coloc\u00f3 un nuevo sistema de bombeo para las albercas, se pint\u00f3 toda la unidad y se rehabilit\u00f3 la red el\u00e9ctrica.<\/p>\n<p><img fetchpriority=\"high\" decoding=\"async\" class=\"alignnone  wp-image-51868\" src=\"http:\/\/desdeabajo.com.mx\/wp-content\/uploads\/2026\/04\/eve-msj-uda-300x200.jpg\" alt=\"\" width=\"924\" height=\"616\" srcset=\"https:\/\/desdeabajo.com.mx\/wp-content\/uploads\/2026\/04\/eve-msj-uda-300x200.jpg 300w, https:\/\/desdeabajo.com.mx\/wp-content\/uploads\/2026\/04\/eve-msj-uda-1024x682.jpg 1024w, https:\/\/desdeabajo.com.mx\/wp-content\/uploads\/2026\/04\/eve-msj-uda-768x512.jpg 768w, https:\/\/desdeabajo.com.mx\/wp-content\/uploads\/2026\/04\/eve-msj-uda.jpg 1280w\" sizes=\"(max-width: 924px) 100vw, 924px\" \/><\/p>\n<p>En su menaje, la gobernadora dijo que ten\u00eda que realizarse una intervenci\u00f3n integral y se comprometi\u00f3 a seguir trabajando para lograr que cada vez sean m\u00e1s los que se integren a realizar alguna actividad deportiva. En este sentido dijo que promover el deporte es promover la paz, el desarrollo y la sana convivencia, por lo que continuar\u00e1 impulsando esta estrategia.<\/p>\n<p>Durante este evento, la mandataria expres\u00f3 su reconocimiento y felicitaci\u00f3n al atleta Irving S\u00e1nchez Hern\u00e1ndez, quien gan\u00f3 la medalla de oro en la Olimpiada Nacional CONADE 2026, en la disciplina de Acuatl\u00f3n.<\/p>\n<p>En tanto, la titular de la Secretar\u00eda de Desarrollo Urbano, Obras P\u00fablicas y Ordenamiento Territorial (SDUOPyOT), Irene Jim\u00e9nez Montiel, explic\u00f3 que como parte de las obras, se intervinieron m\u00e1s de 20 mil 700 metros cuadrados, destacando las acciones en el estadio de futbol, los trabajos en la alberca semiol\u00edmpica, con concreto reforzado y sistemas de bombas modernizado, canchas de futbol y b\u00e9isbol, tribunas rehabilitadas, techos firmes, cercados, as\u00ed como una iluminaci\u00f3n de vanguardia.<\/p>\n<p><img decoding=\"async\" class=\"alignnone  wp-image-51870\" src=\"http:\/\/desdeabajo.com.mx\/wp-content\/uploads\/2026\/04\/liston-uda-300x181.jpg\" alt=\"\" width=\"849\" height=\"512\" srcset=\"https:\/\/desdeabajo.com.mx\/wp-content\/uploads\/2026\/04\/liston-uda-300x181.jpg 300w, https:\/\/desdeabajo.com.mx\/wp-content\/uploads\/2026\/04\/liston-uda-1024x618.jpg 1024w, https:\/\/desdeabajo.com.mx\/wp-content\/uploads\/2026\/04\/liston-uda-768x463.jpg 768w, https:\/\/desdeabajo.com.mx\/wp-content\/uploads\/2026\/04\/liston-uda.jpg 1280w\" sizes=\"(max-width: 849px) 100vw, 849px\" \/><\/p>\n<p>\u201cLa consolidaci\u00f3n de este proyecto, es una pieza fundamental en las estrategias de desarrollo e infraestructura que usted encabeza, es la evidencia que mediante una administraci\u00f3n eficiente y transparente de los recursos, es posible entregar a la sociedad espacios p\u00fablicos con los m\u00e1s altos est\u00e1ndares de calidad\u201d, detall\u00f3.<\/p>\n<p>Enseguida, el Oficial Mayor de la Secretar\u00eda de Finanzas y Administraci\u00f3n (SEFINA), Ricardo Salinas M\u00e9ndez, explic\u00f3 que esta acci\u00f3n permitir\u00e1 beneficiar a poco m\u00e1s de 50 mil personas, que tendr\u00e1n acceso a un lugar digno. \u201cEste d\u00eda celebramos un d\u00eda m\u00e1s de entrega de obras, de obras con valor, sociales y obras que van para lo que pide la gente, para lo que necesita el pueblo\u201d, subray\u00f3.<\/p>\n<p>A nombre de los beneficiarios, el atleta Le\u00f3n Romario Ch\u00e1vez Cadena, agradeci\u00f3 a la gobernadora por su compromiso con el deporte y por lograr la recuperaci\u00f3n de este espacio, particularmente despu\u00e9s de los momentos dif\u00edciles vividos a consecuencia del hurac\u00e1n Otis. Y a\u00f1adi\u00f3: \u201cRecuperar nuestros espacios deportivos no s\u00f3lo significa volver a entrenar y a prepararnos con dignidad.<\/p>\n<p><img decoding=\"async\" class=\"alignnone  wp-image-51869\" src=\"http:\/\/desdeabajo.com.mx\/wp-content\/uploads\/2026\/04\/uda-300x225.jpg\" alt=\"\" width=\"809\" height=\"607\" srcset=\"https:\/\/desdeabajo.com.mx\/wp-content\/uploads\/2026\/04\/uda-300x225.jpg 300w, https:\/\/desdeabajo.com.mx\/wp-content\/uploads\/2026\/04\/uda-1024x768.jpg 1024w, https:\/\/desdeabajo.com.mx\/wp-content\/uploads\/2026\/04\/uda-768x576.jpg 768w, https:\/\/desdeabajo.com.mx\/wp-content\/uploads\/2026\/04\/uda.jpg 1280w\" sizes=\"(max-width: 809px) 100vw, 809px\" \/><\/p>\n<p>La rehabilitaci\u00f3n de nuestra Unidad Deportiva, la renovaci\u00f3n de la pista de atletismo y la nueva iluminaci\u00f3n, representan mucho m\u00e1s que infraestructura, representan oportunidades para seguir creciendo, para seguir luchando y para seguir poniendo en alto el nombre del estado de Guerrero\u201d.<\/p>\n<p>Enseguida, la gobernadora y las autoridades que la acompa\u00f1aron realizaron el corte de list\u00f3n inaugural.<\/p>\n<p>Asistieron la presidenta del DIF Guerrero, Liz Adriana Salgado Pineda; el director de la UDA, Adalid Maganda Villalva; el director del Instituto del Deporte del Estado de Guerrero, Jes\u00fas Calder\u00f3n Segura; la diputada local, Violeta Mart\u00ednez Pacheco; la boxeadora, Camila Baz\u00e1n Chavelas G\u00f3mez; la secretaria de Desarrollo Urbano y Obras P\u00fablicas del municipio, Mar\u00eda Melida Campos Garc\u00eda; alumnos de la Escuela Superior de Educaci\u00f3n F\u00edsica y habitantes de la colonia Progreso.<\/p>\n<p><strong>\u00a0<\/strong><\/p>\n<p><strong>\u00a0<\/strong><\/p>\n<p><strong>Denuncia en <em>desdeabajo<\/em> Noticias! <\/strong><\/p>\n<p><strong><br \/>\n<\/strong><strong>\u00bfConoces o tienes\u00a0fotos y videos\u00a0de alg\u00fan acto de posible negligencia, corrupci\u00f3n y abuso de autoridad? M\u00e1ndalo al\u00a0WhatsApp:\u00a0 de desdeabajoNoticias: 7443262471.\u00a0\u00a1Comp\u00e1rtelo! Nosotros le damos seguimiento.<\/strong><\/p>\n<p><a href=\"http:\/\/www.desdeabajo.com.mx\"><strong>www.desdeabajo.com.mx<\/strong><\/a><\/p>\n<p><strong>S\u00edguenos tambi\u00e9n en Twitter:<\/strong> <strong>@Yae31099C<\/strong> <strong>en Facebook: DesdeabajoAca:<\/strong><strong>https:\/\/www.facebook.com\/profile.php?id=100063623978<\/strong><\/p>\n","protected":false},"excerpt":{"rendered":"<p>\u00a0*Inaugura la gobernadora la rehabilitaci\u00f3n integral de la UDA; se destinaron m\u00e1s de 40 MDP\u00a0\/*Se rehabilitaron m\u00e1s de 20 mil metros cuadrados de \u00e1reas como canchas, techados y pista de atletismo, entre otros \u00a0 \u00a0 Redacci\u00f3n\u2026 23\/04\/2026 Acapulco, Gro. \u00a0 \u00a0 \u201cEstamos convencidos de que destinar recursos para los espacios deportivos siempre va a ser [&hellip;]<\/p>\n","protected":false},"author":1,"featured_media":51871,"comment_status":"closed","ping_status":"open","sticky":false,"template":"","format":"standard","meta":{"inline_featured_image":false,"advgb_blocks_editor_width":"","advgb_blocks_columns_visual_guide":"","footnotes":""},"categories":[11],"tags":[41],"class_list":["post-51867","post","type-post","status-publish","format-standard","has-post-thumbnail","hentry","category-deportes","tag-destacadas"],"aioseo_notices":[],"author_meta":{"display_name":"admin8","author_link":"https:\/\/desdeabajo.com.mx\/?author=1"},"featured_img":"https:\/\/desdeabajo.com.mx\/wp-content\/uploads\/2026\/04\/eve-dep-uda-300x169.jpg","coauthors":[],"tax_additional":{"categories":{"linked":["<a href=\"https:\/\/desdeabajo.com.mx\/?cat=11\" class=\"advgb-post-tax-term\">Deportes<\/a>"],"unlinked":["<span class=\"advgb-post-tax-term\">Deportes<\/span>"]},"tags":{"linked":["<a href=\"https:\/\/desdeabajo.com.mx\/?cat=11\" class=\"advgb-post-tax-term\">destacadas<\/a>"],"unlinked":["<span class=\"advgb-post-tax-term\">destacadas<\/span>"]}},"comment_count":"0","relative_dates":{"created":"Publicado 2 d\u00edas hace","modified":"Actualizado 2 d\u00edas hace"},"absolute_dates":{"created":"Publicado el 23 de abril de 2026","modified":"Actualizado el 23 de abril de 2026"},"absolute_dates_time":{"created":"Publicado el 23 de abril de 2026 23:37","modified":"Actualizado el 23 de abril de 2026 23:38"},"featured_img_caption":"","series_order":"","_links":{"self":[{"href":"https:\/\/desdeabajo.com.mx\/index.php?rest_route=\/wp\/v2\/posts\/51867","targetHints":{"allow":["GET"]}}],"collection":[{"href":"https:\/\/desdeabajo.com.mx\/index.php?rest_route=\/wp\/v2\/posts"}],"about":[{"href":"https:\/\/desdeabajo.com.mx\/index.php?rest_route=\/wp\/v2\/types\/post"}],"author":[{"embeddable":true,"href":"https:\/\/desdeabajo.com.mx\/index.php?rest_route=\/wp\/v2\/users\/1"}],"replies":[{"embeddable":true,"href":"https:\/\/desdeabajo.com.mx\/index.php?rest_route=%2Fwp%2Fv2%2Fcomments&post=51867"}],"version-history":[{"count":1,"href":"https:\/\/desdeabajo.com.mx\/index.php?rest_route=\/wp\/v2\/posts\/51867\/revisions"}],"predecessor-version":[{"id":51872,"href":"https:\/\/desdeabajo.com.mx\/index.php?rest_route=\/wp\/v2\/posts\/51867\/revisions\/51872"}],"wp:featuredmedia":[{"embeddable":true,"href":"https:\/\/desdeabajo.com.mx\/index.php?rest_route=\/wp\/v2\/media\/51871"}],"wp:attachment":[{"href":"https:\/\/desdeabajo.com.mx\/index.php?rest_route=%2Fwp%2Fv2%2Fmedia&parent=51867"}],"wp:term":[{"taxonomy":"category","embeddable":true,"href":"https:\/\/desdeabajo.com.mx\/index.php?rest_route=%2Fwp%2Fv2%2Fcategories&post=51867"},{"taxonomy":"post_tag","embeddable":true,"href":"https:\/\/desdeabajo.com.mx\/index.php?rest_route=%2Fwp%2Fv2%2Ftags&post=51867"}],"curies":[{"name":"wp","href":"https:\/\/api.w.org\/{rel}","templated":true}]}}